{"id":14063,"date":"2025-11-09T00:26:39","date_gmt":"2025-11-09T00:26:39","guid":{"rendered":"https:\/\/samanoticiasdurango.com\/?p=14063"},"modified":"2025-11-09T00:26:57","modified_gmt":"2025-11-09T00:26:57","slug":"propone-ana-maria-duron-reformas-para-prevenir-explotacion-infantil-en-el-turismo","status":"publish","type":"post","link":"https:\/\/samanoticiasdurango.com\/index.php\/2025\/11\/09\/propone-ana-maria-duron-reformas-para-prevenir-explotacion-infantil-en-el-turismo\/","title":{"rendered":"Propone Ana Mar\u00eda Dur\u00f3n reformas para prevenir explotaci\u00f3n infantil en el turismo"},"content":{"rendered":"\n<p>Con el prop\u00f3sito de proteger a la ni\u00f1ez y adolescencia duranguense frente a la trata y la explotaci\u00f3n infantil, la diputada Ana Mar\u00eda Dur\u00f3n P\u00e9rez, propuso reformas a la Ley de Turismo del Estado, para establecer protocolos de prevenci\u00f3n, detecci\u00f3n y denuncia en los establecimientos y servicios vinculados al sector tur\u00edstico.<\/p>\n\n\n\n<p>\u201cLas ni\u00f1as, los ni\u00f1os y los adolescentes de nuestro Durango merecen espacios seguros, donde el turismo sea motivo de orgullo y desarrollo, pero nunca una puerta abierta a la vulneraci\u00f3n de sus derechos fundamentales\u201d, resalt\u00f3 al realizar la ampliaci\u00f3n de motivos.<\/p>\n\n\n\n<p>A nombre del Grupo Parlamentario del PRI, explic\u00f3 que la iniciativa plantea que todos los establecimientos de hospedaje, moteles, rentas vacacionales, agencias de viajes, transportes tur\u00edsticos y centros recreativos implementen pol\u00edticas de protecci\u00f3n a la ni\u00f1ez, capacitaci\u00f3n obligatoria para su personal, controles de acceso, vigilancia y denuncia de conductas sospechosas.<\/p>\n\n\n\n<p>Asimismo, propone hacer obligatoria la adopci\u00f3n del C\u00f3digo de Conducta Nacional para la Protecci\u00f3n de Ni\u00f1as, Ni\u00f1os y Adolescentes en el Sector de los Viajes y el Turismo, actualmente de car\u00e1cter voluntario, y fomentar el reconocimiento p\u00fablico de los prestadores de servicios tur\u00edsticos que cumplan con estas medidas como aliados de la ni\u00f1ez y la adolescencia.<\/p>\n\n\n\n<p>La representante popular destac\u00f3 que esta reforma no busca limitar el turismo, sino transformarlo en una industria m\u00e1s humana, \u00e9tica y solidaria, ya que bien gestionado es motor de desarrollo, pero tambi\u00e9n puede ser terreno f\u00e9rtil para la delincuencia si no se regula.<\/p>\n\n\n\n<p>\u201cEsta iniciativa busca blindar al sector, no para restringirlo, sino para proteger a quienes m\u00e1s lo necesitan\u201d, puntualiz\u00f3 durante la sesi\u00f3n ordinaria.<\/p>\n\n\n\n<p>Adem\u00e1s, Dur\u00f3n P\u00e9rez llam\u00f3 a los diferentes sectores a sumarse a esta causa com\u00fan, porque este esfuerzo no es solo del Congreso, sino de todos los ciudadanos que detecta algo sospechoso, del turista que se informa, del hotelero que adopta protocolos, del transportista que cuida.<\/p>\n\n\n\n<p>\u201cAl aprobar esta iniciativa, enviaremos un mensaje claro, en Durango no permitiremos que la ni\u00f1ez sea v\u00edctima del turismo. Cada destino ser\u00e1 un espacio de protecci\u00f3n, de luz y de esperanza. Queremos que nuestro estado sea sin\u00f3nimo de hospitalidad con rostro humano y de futuro para nuestras generaciones m\u00e1s j\u00f3venes\u201d, finaliz\u00f3.<\/p>\n","protected":false},"excerpt":{"rendered":"<p>Con el prop\u00f3sito de proteger a la ni\u00f1ez y adolescencia duranguense frente a la trata<\/p>\n","protected":false},"author":1,"featured_media":14064,"comment_status":"open","ping_status":"open","sticky":false,"template":"","format":"standard","meta":{"om_disable_all_campaigns":false,"_monsterinsights_skip_tracking":false,"_monsterinsights_sitenote_active":false,"_monsterinsights_sitenote_note":"","_monsterinsights_sitenote_category":0,"_jetpack_memberships_contains_paid_content":false,"footnotes":"","jetpack_publicize_message":"","jetpack_publicize_feature_enabled":true,"jetpack_social_post_already_shared":true,"jetpack_social_options":{"image_generator_settings":{"template":"highway","enabled":false},"version":2}},"categories":[1],"tags":[],"class_list":["post-14063","post","type-post","status-publish","format-standard","has-post-thumbnail","hentry","category-archivo"],"jetpack_publicize_connections":[],"aioseo_notices":[],"jetpack_featured_media_url":"https:\/\/samanoticiasdurango.com\/wp-content\/uploads\/4-4-1.jpg","featured_image_urls":{"full":["https:\/\/samanoticiasdurango.com\/wp-content\/uploads\/4-4-1.jpg",1200,675,false],"thumbnail":["https:\/\/samanoticiasdurango.com\/wp-content\/uploads\/4-4-1-150x150.jpg",150,150,true],"medium":["https:\/\/samanoticiasdurango.com\/wp-content\/uploads\/4-4-1-300x169.jpg",300,169,true],"medium_large":["https:\/\/samanoticiasdurango.com\/wp-content\/uploads\/4-4-1-768x432.jpg",640,360,true],"large":["https:\/\/samanoticiasdurango.com\/wp-content\/uploads\/4-4-1-1024x576.jpg",640,360,true],"1536x1536":["https:\/\/samanoticiasdurango.com\/wp-content\/uploads\/4-4-1.jpg",1200,675,false],"2048x2048":["https:\/\/samanoticiasdurango.com\/wp-content\/uploads\/4-4-1.jpg",1200,675,false],"chromenews-featured":["https:\/\/samanoticiasdurango.com\/wp-content\/uploads\/4-4-1-1024x576.jpg",1024,576,true],"chromenews-large":["https:\/\/samanoticiasdurango.com\/wp-content\/uploads\/4-4-1-825x575.jpg",825,575,true],"chromenews-medium":["https:\/\/samanoticiasdurango.com\/wp-content\/uploads\/4-4-1-590x410.jpg",590,410,true]},"author_info":{"display_name":"Redacci\u00f3n","author_link":"https:\/\/samanoticiasdurango.com\/index.php\/author\/jjsama13gmail-com\/"},"category_info":"<a href=\"https:\/\/samanoticiasdurango.com\/index.php\/category\/archivo\/\" rel=\"category tag\">DURANGO<\/a>","tag_info":"DURANGO","comment_count":"0","jetpack_sharing_enabled":true,"_links":{"self":[{"href":"https:\/\/samanoticiasdurango.com\/index.php\/wp-json\/wp\/v2\/posts\/14063","targetHints":{"allow":["GET"]}}],"collection":[{"href":"https:\/\/samanoticiasdurango.com\/index.php\/wp-json\/wp\/v2\/posts"}],"about":[{"href":"https:\/\/samanoticiasdurango.com\/index.php\/wp-json\/wp\/v2\/types\/post"}],"author":[{"embeddable":true,"href":"https:\/\/samanoticiasdurango.com\/index.php\/wp-json\/wp\/v2\/users\/1"}],"replies":[{"embeddable":true,"href":"https:\/\/samanoticiasdurango.com\/index.php\/wp-json\/wp\/v2\/comments?post=14063"}],"version-history":[{"count":2,"href":"https:\/\/samanoticiasdurango.com\/index.php\/wp-json\/wp\/v2\/posts\/14063\/revisions"}],"predecessor-version":[{"id":14066,"href":"https:\/\/samanoticiasdurango.com\/index.php\/wp-json\/wp\/v2\/posts\/14063\/revisions\/14066"}],"wp:featuredmedia":[{"embeddable":true,"href":"https:\/\/samanoticiasdurango.com\/index.php\/wp-json\/wp\/v2\/media\/14064"}],"wp:attachment":[{"href":"https:\/\/samanoticiasdurango.com\/index.php\/wp-json\/wp\/v2\/media?parent=14063"}],"wp:term":[{"taxonomy":"category","embeddable":true,"href":"https:\/\/samanoticiasdurango.com\/index.php\/wp-json\/wp\/v2\/categories?post=14063"},{"taxonomy":"post_tag","embeddable":true,"href":"https:\/\/samanoticiasdurango.com\/index.php\/wp-json\/wp\/v2\/tags?post=14063"}],"curies":[{"name":"wp","href":"https:\/\/api.w.org\/{rel}","templated":true}]}}