{"id":14093,"date":"2025-11-11T21:45:02","date_gmt":"2025-11-11T21:45:02","guid":{"rendered":"https:\/\/samanoticiasdurango.com\/?p=14093"},"modified":"2025-11-11T21:45:02","modified_gmt":"2025-11-11T21:45:02","slug":"amd-abre-el-modulo-de-servicios-primo-de-verdad","status":"publish","type":"post","link":"https:\/\/samanoticiasdurango.com\/index.php\/2025\/11\/11\/amd-abre-el-modulo-de-servicios-primo-de-verdad\/","title":{"rendered":"AMD abre el M\u00f3dulo de Servicios Primo de Verdad"},"content":{"rendered":"\n<p>Con el liderazgo de To\u00f1o Ochoa, el Gobierno Municipal y Aguas del Municipio de Durango (AMD) contin\u00faan acercando los servicios a la gran familia duranguense con la apertura del nuevo M\u00f3dulo de Pago \u201cPrimo de Verdad\u201d, ubicado en calle Reforma, entre Primo de Verdad e Ignacio Ram\u00edrez, local 1, colonia Benito Ju\u00e1rez.<\/p>\n\n\n\n<p>Este nuevo espacio forma parte del esfuerzo por brindar servicios p\u00fablicos m\u00e1s cercanos, eficientes y humanos, reconociendo a los usuarios cumplidos que con sus aportaciones hacen posible cada obra, mejora y servicio que AMD realiza en toda la ciudad.<\/p>\n\n\n\n<p>El director de AMD, Jes\u00fas Gonz\u00e1lez Smith, destac\u00f3 que el M\u00f3dulo Primo de Verdad permitir\u00e1 realizar el pago del servicio de agua y acceder al programa de purificadora, mediante el cual los usuarios al corriente pueden adquirir hasta cuatro garrafones al mes por solo 8 pesos cada uno, como una forma de agradecer su compromiso con Durango.<\/p>\n\n\n\n<p>Actualmente, AMD cuenta con 13 m\u00f3dulos fijos y una oficina matriz, donde se brinda atenci\u00f3n directa a los usuarios. \u201cCada pago responsable se traduce en obras de agua y drenaje que mejoran la calidad de vida en colonias y comunidades\u201d, subray\u00f3 Gonz\u00e1lez Smith.<\/p>\n\n\n\n<p>Con acciones como esta, el Gobierno Municipal reafirma su compromiso de trabajar mano a mano con la ciudadan\u00eda, fortaleciendo los servicios p\u00fablicos y demostrando que Durango es el camino hacia un municipio m\u00e1s ordenado, eficiente y con bienestar para todos.<\/p>\n","protected":false},"excerpt":{"rendered":"<p>Con el liderazgo de To\u00f1o Ochoa, el Gobierno Municipal y Aguas del Municipio de Durango<\/p>\n","protected":false},"author":1,"featured_media":14094,"comment_status":"open","ping_status":"open","sticky":false,"template":"","format":"standard","meta":{"om_disable_all_campaigns":false,"_monsterinsights_skip_tracking":false,"_monsterinsights_sitenote_active":false,"_monsterinsights_sitenote_note":"","_monsterinsights_sitenote_category":0,"_jetpack_memberships_contains_paid_content":false,"footnotes":"","jetpack_publicize_message":"","jetpack_publicize_feature_enabled":true,"jetpack_social_post_already_shared":true,"jetpack_social_options":{"image_generator_settings":{"template":"highway","enabled":false},"version":2}},"categories":[1],"tags":[],"class_list":["post-14093","post","type-post","status-publish","format-standard","has-post-thumbnail","hentry","category-archivo"],"jetpack_publicize_connections":[],"aioseo_notices":[],"jetpack_featured_media_url":"https:\/\/samanoticiasdurango.com\/wp-content\/uploads\/WEB.00_00_01_15.Imagen-fija008.jpg","featured_image_urls":{"full":["https:\/\/samanoticiasdurango.com\/wp-content\/uploads\/WEB.00_00_01_15.Imagen-fija008.jpg",1200,675,false],"thumbnail":["https:\/\/samanoticiasdurango.com\/wp-content\/uploads\/WEB.00_00_01_15.Imagen-fija008-150x150.jpg",150,150,true],"medium":["https:\/\/samanoticiasdurango.com\/wp-content\/uploads\/WEB.00_00_01_15.Imagen-fija008-300x169.jpg",300,169,true],"medium_large":["https:\/\/samanoticiasdurango.com\/wp-content\/uploads\/WEB.00_00_01_15.Imagen-fija008-768x432.jpg",640,360,true],"large":["https:\/\/samanoticiasdurango.com\/wp-content\/uploads\/WEB.00_00_01_15.Imagen-fija008-1024x576.jpg",640,360,true],"1536x1536":["https:\/\/samanoticiasdurango.com\/wp-content\/uploads\/WEB.00_00_01_15.Imagen-fija008.jpg",1200,675,false],"2048x2048":["https:\/\/samanoticiasdurango.com\/wp-content\/uploads\/WEB.00_00_01_15.Imagen-fija008.jpg",1200,675,false],"chromenews-featured":["https:\/\/samanoticiasdurango.com\/wp-content\/uploads\/WEB.00_00_01_15.Imagen-fija008-1024x576.jpg",1024,576,true],"chromenews-large":["https:\/\/samanoticiasdurango.com\/wp-content\/uploads\/WEB.00_00_01_15.Imagen-fija008-825x575.jpg",825,575,true],"chromenews-medium":["https:\/\/samanoticiasdurango.com\/wp-content\/uploads\/WEB.00_00_01_15.Imagen-fija008-590x410.jpg",590,410,true]},"author_info":{"display_name":"Redacci\u00f3n","author_link":"https:\/\/samanoticiasdurango.com\/index.php\/author\/jjsama13gmail-com\/"},"category_info":"<a href=\"https:\/\/samanoticiasdurango.com\/index.php\/category\/archivo\/\" rel=\"category tag\">DURANGO<\/a>","tag_info":"DURANGO","comment_count":"0","jetpack_sharing_enabled":true,"_links":{"self":[{"href":"https:\/\/samanoticiasdurango.com\/index.php\/wp-json\/wp\/v2\/posts\/14093","targetHints":{"allow":["GET"]}}],"collection":[{"href":"https:\/\/samanoticiasdurango.com\/index.php\/wp-json\/wp\/v2\/posts"}],"about":[{"href":"https:\/\/samanoticiasdurango.com\/index.php\/wp-json\/wp\/v2\/types\/post"}],"author":[{"embeddable":true,"href":"https:\/\/samanoticiasdurango.com\/index.php\/wp-json\/wp\/v2\/users\/1"}],"replies":[{"embeddable":true,"href":"https:\/\/samanoticiasdurango.com\/index.php\/wp-json\/wp\/v2\/comments?post=14093"}],"version-history":[{"count":1,"href":"https:\/\/samanoticiasdurango.com\/index.php\/wp-json\/wp\/v2\/posts\/14093\/revisions"}],"predecessor-version":[{"id":14095,"href":"https:\/\/samanoticiasdurango.com\/index.php\/wp-json\/wp\/v2\/posts\/14093\/revisions\/14095"}],"wp:featuredmedia":[{"embeddable":true,"href":"https:\/\/samanoticiasdurango.com\/index.php\/wp-json\/wp\/v2\/media\/14094"}],"wp:attachment":[{"href":"https:\/\/samanoticiasdurango.com\/index.php\/wp-json\/wp\/v2\/media?parent=14093"}],"wp:term":[{"taxonomy":"category","embeddable":true,"href":"https:\/\/samanoticiasdurango.com\/index.php\/wp-json\/wp\/v2\/categories?post=14093"},{"taxonomy":"post_tag","embeddable":true,"href":"https:\/\/samanoticiasdurango.com\/index.php\/wp-json\/wp\/v2\/tags?post=14093"}],"curies":[{"name":"wp","href":"https:\/\/api.w.org\/{rel}","templated":true}]}}