{"id":14136,"date":"2025-11-22T05:06:35","date_gmt":"2025-11-22T05:06:35","guid":{"rendered":"https:\/\/samanoticiasdurango.com\/?p=14136"},"modified":"2025-11-22T05:06:37","modified_gmt":"2025-11-22T05:06:37","slug":"la-revolucion-en-durango-se-traduce-en-unidad-y-acuerdos-ernesto-alanis","status":"publish","type":"post","link":"https:\/\/samanoticiasdurango.com\/index.php\/2025\/11\/22\/la-revolucion-en-durango-se-traduce-en-unidad-y-acuerdos-ernesto-alanis\/","title":{"rendered":"La revoluci\u00f3n en Durango se traduce en unidad y acuerdos: Ernesto Alan\u00eds"},"content":{"rendered":"\n<p>En el marco del 115 aniversario de la Revoluci\u00f3n Mexicana, y a los pies del monumento al General Francisco Villa, el presidente de la Junta de Gobierno y Coordinaci\u00f3n Pol\u00edtica del Congreso del Estado, Ernesto Alan\u00eds Herrera, convoc\u00f3 a mantener la unidad, la madurez y la visi\u00f3n pol\u00edtica que en estos momentos demanda Durango para seguir avanzado con paso firme al desarrollo.<\/p>\n\n\n\n<p>\u201cCon unidad, con fuerza y con un liderazgo responsable, sigamos avanzando. Que nada nos divida y que nada nos detenga. Durango est\u00e1 de pie y listo para seguir escribiendo el mejor cap\u00edtulo de su historia\u201d, afirm\u00f3 ante la presencia de autoridades civiles y militares, encabezadas por el gobernador Esteban Villegas Villarreal.<\/p>\n\n\n\n<p>Como orador oficial del acto protocolario, el legislador destac\u00f3 que Durango cuenta hoy con un liderazgo que gu\u00eda con certeza, que escucha, que resuelve y que inspira confianza, cercano y comprometido, que ofrece rumbo y estabilidad en tiempos en los que la responsabilidad p\u00fablica no admite improvisaciones.<\/p>\n\n\n\n<p>\u201cLa verdadera fortaleza de un pueblo no se mide en confrontaciones, sino en su capacidad de caminar junto, de sumar y de multiplicar esfuerzos para resolver los desaf\u00edos comunes. Esa unidad es la que hoy nos permite consolidar avances, fortalecer instituciones y mantener un rumbo claro hacia un desarrollo pleno, seguro y digno para todas y todos\u201d, resalt\u00f3.<\/p>\n\n\n\n<p>Al reconocer el legado de la Revoluci\u00f3n Mexicana, afirm\u00f3 que Durango avanza con pasos firmes, con pol\u00edticas p\u00fablicas sensibles, con mejores servicios, con infraestructura que conecta y garantiza bienestar para las familias; con decisiones que ponen siempre al ciudadano en el centro.<\/p>\n\n\n\n<p>En este sentido, sostuvo que, en su sentido m\u00e1s amplio, la revoluci\u00f3n en Durango significa dialogar, alcanzar acuerdos y tender puentes con el gobierno federal, sin permitir que los colores dividan a los mexicanos ni a los duranguenses.<\/p>\n\n\n\n<p>\u201cRevoluci\u00f3n es madurez y solidaridad; es desterrar la mezquindad pol\u00edtica y rechazar las instrucciones verticales que no admiten reflexi\u00f3n, y que solo evidencian visiones cortas y poco comprometidas con la gente\u201d, afirm\u00f3.<\/p>\n\n\n\n<p>Agreg\u00f3 que esta revoluci\u00f3n se traduce en paz y oportunidades; en el abasto de agua para regiones estrat\u00e9gicas como la capital y La Laguna; en la construcci\u00f3n de decenas de obras educativas que transforman mentalidades y alimentan la fe en el futuro de ni\u00f1as, ni\u00f1os y adolescentes.<\/p>\n\n\n\n<p>Finalmente, Alan\u00eds Herrera asegur\u00f3 que Durango est\u00e1 en el camino correcto, lo cual no ha sido f\u00e1cil, ya que se ha enfrentado cada reto con determinaci\u00f3n y con un profundo compromiso hacia la gente; que al igual que en los tiempos de Francisco Villa, hoy se mantiene la decisi\u00f3n de combatir injusticias y abatir rezagos hist\u00f3ricos.<\/p>\n","protected":false},"excerpt":{"rendered":"<p>En el marco del 115 aniversario de la Revoluci\u00f3n Mexicana, y a los pies del<\/p>\n","protected":false},"author":1,"featured_media":14137,"comment_status":"open","ping_status":"open","sticky":false,"template":"","format":"standard","meta":{"om_disable_all_campaigns":false,"_monsterinsights_skip_tracking":false,"_monsterinsights_sitenote_active":false,"_monsterinsights_sitenote_note":"","_monsterinsights_sitenote_category":0,"_jetpack_memberships_contains_paid_content":false,"footnotes":"","jetpack_publicize_message":"","jetpack_publicize_feature_enabled":true,"jetpack_social_post_already_shared":true,"jetpack_social_options":{"image_generator_settings":{"template":"highway","enabled":false},"version":2}},"categories":[1],"tags":[],"class_list":["post-14136","post","type-post","status-publish","format-standard","has-post-thumbnail","hentry","category-archivo"],"jetpack_publicize_connections":[],"aioseo_notices":[],"jetpack_featured_media_url":"https:\/\/samanoticiasdurango.com\/wp-content\/uploads\/6f01bf70-5f12-436d-8be5-f4b0a4d214e2.jpeg","featured_image_urls":{"full":["https:\/\/samanoticiasdurango.com\/wp-content\/uploads\/6f01bf70-5f12-436d-8be5-f4b0a4d214e2.jpeg",1280,853,false],"thumbnail":["https:\/\/samanoticiasdurango.com\/wp-content\/uploads\/6f01bf70-5f12-436d-8be5-f4b0a4d214e2-150x150.jpeg",150,150,true],"medium":["https:\/\/samanoticiasdurango.com\/wp-content\/uploads\/6f01bf70-5f12-436d-8be5-f4b0a4d214e2-300x200.jpeg",300,200,true],"medium_large":["https:\/\/samanoticiasdurango.com\/wp-content\/uploads\/6f01bf70-5f12-436d-8be5-f4b0a4d214e2-768x512.jpeg",640,427,true],"large":["https:\/\/samanoticiasdurango.com\/wp-content\/uploads\/6f01bf70-5f12-436d-8be5-f4b0a4d214e2-1024x682.jpeg",640,426,true],"1536x1536":["https:\/\/samanoticiasdurango.com\/wp-content\/uploads\/6f01bf70-5f12-436d-8be5-f4b0a4d214e2.jpeg",1280,853,false],"2048x2048":["https:\/\/samanoticiasdurango.com\/wp-content\/uploads\/6f01bf70-5f12-436d-8be5-f4b0a4d214e2.jpeg",1280,853,false],"chromenews-featured":["https:\/\/samanoticiasdurango.com\/wp-content\/uploads\/6f01bf70-5f12-436d-8be5-f4b0a4d214e2-1024x682.jpeg",1024,682,true],"chromenews-large":["https:\/\/samanoticiasdurango.com\/wp-content\/uploads\/6f01bf70-5f12-436d-8be5-f4b0a4d214e2-825x575.jpeg",825,575,true],"chromenews-medium":["https:\/\/samanoticiasdurango.com\/wp-content\/uploads\/6f01bf70-5f12-436d-8be5-f4b0a4d214e2-590x410.jpeg",590,410,true]},"author_info":{"display_name":"Redacci\u00f3n","author_link":"https:\/\/samanoticiasdurango.com\/index.php\/author\/jjsama13gmail-com\/"},"category_info":"<a href=\"https:\/\/samanoticiasdurango.com\/index.php\/category\/archivo\/\" rel=\"category tag\">DURANGO<\/a>","tag_info":"DURANGO","comment_count":"0","jetpack_sharing_enabled":true,"_links":{"self":[{"href":"https:\/\/samanoticiasdurango.com\/index.php\/wp-json\/wp\/v2\/posts\/14136","targetHints":{"allow":["GET"]}}],"collection":[{"href":"https:\/\/samanoticiasdurango.com\/index.php\/wp-json\/wp\/v2\/posts"}],"about":[{"href":"https:\/\/samanoticiasdurango.com\/index.php\/wp-json\/wp\/v2\/types\/post"}],"author":[{"embeddable":true,"href":"https:\/\/samanoticiasdurango.com\/index.php\/wp-json\/wp\/v2\/users\/1"}],"replies":[{"embeddable":true,"href":"https:\/\/samanoticiasdurango.com\/index.php\/wp-json\/wp\/v2\/comments?post=14136"}],"version-history":[{"count":1,"href":"https:\/\/samanoticiasdurango.com\/index.php\/wp-json\/wp\/v2\/posts\/14136\/revisions"}],"predecessor-version":[{"id":14138,"href":"https:\/\/samanoticiasdurango.com\/index.php\/wp-json\/wp\/v2\/posts\/14136\/revisions\/14138"}],"wp:featuredmedia":[{"embeddable":true,"href":"https:\/\/samanoticiasdurango.com\/index.php\/wp-json\/wp\/v2\/media\/14137"}],"wp:attachment":[{"href":"https:\/\/samanoticiasdurango.com\/index.php\/wp-json\/wp\/v2\/media?parent=14136"}],"wp:term":[{"taxonomy":"category","embeddable":true,"href":"https:\/\/samanoticiasdurango.com\/index.php\/wp-json\/wp\/v2\/categories?post=14136"},{"taxonomy":"post_tag","embeddable":true,"href":"https:\/\/samanoticiasdurango.com\/index.php\/wp-json\/wp\/v2\/tags?post=14136"}],"curies":[{"name":"wp","href":"https:\/\/api.w.org\/{rel}","templated":true}]}}