{"id":14142,"date":"2025-11-22T05:09:17","date_gmt":"2025-11-22T05:09:17","guid":{"rendered":"https:\/\/samanoticiasdurango.com\/?p=14142"},"modified":"2025-11-22T05:09:19","modified_gmt":"2025-11-22T05:09:19","slug":"el-deporte-debe-ser-un-derecho-prioritario-en-la-ninez-noel-fernandez","status":"publish","type":"post","link":"https:\/\/samanoticiasdurango.com\/index.php\/2025\/11\/22\/el-deporte-debe-ser-un-derecho-prioritario-en-la-ninez-noel-fernandez\/","title":{"rendered":"El deporte debe ser un derecho prioritario en la ni\u00f1ez: Noel Fern\u00e1ndez"},"content":{"rendered":"\n<p>\u201cDebemos consolidar una pol\u00edtica deportiva con rostro humano y sensible a las infancias\u201d, consider\u00f3 el diputado Noel Fern\u00e1ndez Maturino al proponer las reformas a la Ley de Cultura F\u00edsica y Deporte del Estado, a fin de que ni\u00f1as, ni\u00f1os y adolescentes sean reconocidos como sujetos prioritarios en el ejercicio del derecho al deporte.<\/p>\n\n\n\n<p>A nombre del Grupo Parlamentario del PRI, se\u00f1al\u00f3 que, aunque la legislaci\u00f3n actual establece principios generales, no visibiliza de manera clara las necesidades espec\u00edficas de la infancia y adolescencia.<\/p>\n\n\n\n<p>\u201cUna reforma en favor de la ni\u00f1ez no es una iniciativa m\u00e1s; es una decisi\u00f3n sobre qu\u00e9 tipo de Estado queremos ser. Uno que mira hacia otro lado, o uno que cuida y protege\u201d, destac\u00f3 durante su intervenci\u00f3n.<\/p>\n\n\n\n<p>Ante este panorama, la iniciativa propone reconocer expl\u00edcitamente a ni\u00f1as, ni\u00f1os y adolescentes como sujetos prioritarios del derecho al deporte, lo que obligar\u00e1 al Estado a adecuar programas, presupuestos, infraestructura y capacitaci\u00f3n con enfoque infantil.<\/p>\n\n\n\n<p>Adem\u00e1s, se establece que las pol\u00edticas p\u00fablicas deber\u00e1n dise\u00f1arse considerando las necesidades de la ni\u00f1ez, los recursos deber\u00e1n asignarse con prioridad a este grupo, la infraestructura deportiva deber\u00e1 ser segura, accesible y adaptada a diferentes edades y el personal encargado recibir\u00e1 capacitaci\u00f3n en atenci\u00f3n y protecci\u00f3n de menores.<\/p>\n\n\n\n<p>El legislador priista, afirm\u00f3 que este esfuerzo legislativo trasciende lo t\u00e9cnico y se convierte en un acto de justicia, de responsabilidad p\u00fablica y de visi\u00f3n de futuro, ya que el deporte es salud, educaci\u00f3n, convivencia, prevenci\u00f3n y protecci\u00f3n.<\/p>\n\n\n\n<p>En este sentido, inform\u00f3 que solo el 43% de ni\u00f1as y ni\u00f1os de entre 6 y 14 a\u00f1os realiza actividad f\u00edsica al menos tres veces por semana, y menos del 20% lo hace en instalaciones adecuadas; situaci\u00f3n que deriva en menores niveles de salud, menos habilidades sociales y mayores riesgos de violencia y desigualdad.<\/p>\n\n\n\n<p>\u201cInvertir en deporte infantil no es un gasto; es una estrategia inteligente de salud p\u00fablica\u201d, afirm\u00f3.<\/p>\n","protected":false},"excerpt":{"rendered":"<p>\u201cDebemos consolidar una pol\u00edtica deportiva con rostro humano y sensible a las infancias\u201d, consider\u00f3 el<\/p>\n","protected":false},"author":1,"featured_media":14143,"comment_status":"open","ping_status":"open","sticky":false,"template":"","format":"standard","meta":{"om_disable_all_campaigns":false,"_monsterinsights_skip_tracking":false,"_monsterinsights_sitenote_active":false,"_monsterinsights_sitenote_note":"","_monsterinsights_sitenote_category":0,"_jetpack_memberships_contains_paid_content":false,"footnotes":"","jetpack_publicize_message":"","jetpack_publicize_feature_enabled":true,"jetpack_social_post_already_shared":true,"jetpack_social_options":{"image_generator_settings":{"template":"highway","enabled":false},"version":2}},"categories":[1],"tags":[],"class_list":["post-14142","post","type-post","status-publish","format-standard","has-post-thumbnail","hentry","category-archivo"],"jetpack_publicize_connections":[],"aioseo_notices":[],"jetpack_featured_media_url":"https:\/\/samanoticiasdurango.com\/wp-content\/uploads\/17413a2d-9b77-467c-beb5-f30dd714bf81.jpeg","featured_image_urls":{"full":["https:\/\/samanoticiasdurango.com\/wp-content\/uploads\/17413a2d-9b77-467c-beb5-f30dd714bf81.jpeg",1280,853,false],"thumbnail":["https:\/\/samanoticiasdurango.com\/wp-content\/uploads\/17413a2d-9b77-467c-beb5-f30dd714bf81-150x150.jpeg",150,150,true],"medium":["https:\/\/samanoticiasdurango.com\/wp-content\/uploads\/17413a2d-9b77-467c-beb5-f30dd714bf81-300x200.jpeg",300,200,true],"medium_large":["https:\/\/samanoticiasdurango.com\/wp-content\/uploads\/17413a2d-9b77-467c-beb5-f30dd714bf81-768x512.jpeg",640,427,true],"large":["https:\/\/samanoticiasdurango.com\/wp-content\/uploads\/17413a2d-9b77-467c-beb5-f30dd714bf81-1024x682.jpeg",640,426,true],"1536x1536":["https:\/\/samanoticiasdurango.com\/wp-content\/uploads\/17413a2d-9b77-467c-beb5-f30dd714bf81.jpeg",1280,853,false],"2048x2048":["https:\/\/samanoticiasdurango.com\/wp-content\/uploads\/17413a2d-9b77-467c-beb5-f30dd714bf81.jpeg",1280,853,false],"chromenews-featured":["https:\/\/samanoticiasdurango.com\/wp-content\/uploads\/17413a2d-9b77-467c-beb5-f30dd714bf81-1024x682.jpeg",1024,682,true],"chromenews-large":["https:\/\/samanoticiasdurango.com\/wp-content\/uploads\/17413a2d-9b77-467c-beb5-f30dd714bf81-825x575.jpeg",825,575,true],"chromenews-medium":["https:\/\/samanoticiasdurango.com\/wp-content\/uploads\/17413a2d-9b77-467c-beb5-f30dd714bf81-590x410.jpeg",590,410,true]},"author_info":{"display_name":"Redacci\u00f3n","author_link":"https:\/\/samanoticiasdurango.com\/index.php\/author\/jjsama13gmail-com\/"},"category_info":"<a href=\"https:\/\/samanoticiasdurango.com\/index.php\/category\/archivo\/\" rel=\"category tag\">DURANGO<\/a>","tag_info":"DURANGO","comment_count":"0","jetpack_sharing_enabled":true,"_links":{"self":[{"href":"https:\/\/samanoticiasdurango.com\/index.php\/wp-json\/wp\/v2\/posts\/14142","targetHints":{"allow":["GET"]}}],"collection":[{"href":"https:\/\/samanoticiasdurango.com\/index.php\/wp-json\/wp\/v2\/posts"}],"about":[{"href":"https:\/\/samanoticiasdurango.com\/index.php\/wp-json\/wp\/v2\/types\/post"}],"author":[{"embeddable":true,"href":"https:\/\/samanoticiasdurango.com\/index.php\/wp-json\/wp\/v2\/users\/1"}],"replies":[{"embeddable":true,"href":"https:\/\/samanoticiasdurango.com\/index.php\/wp-json\/wp\/v2\/comments?post=14142"}],"version-history":[{"count":1,"href":"https:\/\/samanoticiasdurango.com\/index.php\/wp-json\/wp\/v2\/posts\/14142\/revisions"}],"predecessor-version":[{"id":14144,"href":"https:\/\/samanoticiasdurango.com\/index.php\/wp-json\/wp\/v2\/posts\/14142\/revisions\/14144"}],"wp:featuredmedia":[{"embeddable":true,"href":"https:\/\/samanoticiasdurango.com\/index.php\/wp-json\/wp\/v2\/media\/14143"}],"wp:attachment":[{"href":"https:\/\/samanoticiasdurango.com\/index.php\/wp-json\/wp\/v2\/media?parent=14142"}],"wp:term":[{"taxonomy":"category","embeddable":true,"href":"https:\/\/samanoticiasdurango.com\/index.php\/wp-json\/wp\/v2\/categories?post=14142"},{"taxonomy":"post_tag","embeddable":true,"href":"https:\/\/samanoticiasdurango.com\/index.php\/wp-json\/wp\/v2\/tags?post=14142"}],"curies":[{"name":"wp","href":"https:\/\/api.w.org\/{rel}","templated":true}]}}