{"id":14264,"date":"2025-12-03T14:12:12","date_gmt":"2025-12-03T14:12:12","guid":{"rendered":"https:\/\/samanoticiasdurango.com\/?p=14264"},"modified":"2025-12-03T14:12:14","modified_gmt":"2025-12-03T14:12:14","slug":"detienen-a-gustavo-n-lider-de-una-celula-de-los-beltran-leyva-y-del-cartel-de-sinaloa-que-operaba-en-tijuana","status":"publish","type":"post","link":"https:\/\/samanoticiasdurango.com\/index.php\/2025\/12\/03\/detienen-a-gustavo-n-lider-de-una-celula-de-los-beltran-leyva-y-del-cartel-de-sinaloa-que-operaba-en-tijuana\/","title":{"rendered":"Detienen a Gustavo \u201cN\u201d, l\u00edder de una c\u00e9lula de los Beltr\u00e1n Leyva y del C\u00e1rtel de Sinaloa que operaba en Tijuana"},"content":{"rendered":"\n<p>Elementos de la&nbsp;<strong>Guardia Nacional<\/strong>&nbsp;y el&nbsp;<strong>Ej\u00e9rcito Mexicano<\/strong>&nbsp;detuvieron a&nbsp;<strong>Gustavo Antonio \u201cN\u201d<\/strong>, alias \u201cTavo\u201d, l\u00edder de una c\u00e9lula del C\u00e1rtel de los<strong>&nbsp;\u201cBeltr\u00e1n Leyva\u201d&nbsp;<\/strong>en&nbsp;<strong>Tijuana, Baja California.<\/strong><\/p>\n\n\n\n<p>De acuerdo con el comunicado oficial emitido por la&nbsp;<strong>Secretar\u00eda de la Defensa Nacional<\/strong>&nbsp;(<strong>Defensa<\/strong>), el detenido presenta cargos judiciales ante las<strong>&nbsp;autoridades de los Estados Unidos&nbsp;<\/strong>por trasiego de droga hacia ese pa\u00eds, siendo identificado como un&nbsp;<strong>objetivo prioritario<\/strong>&nbsp;por el Gobierno de M\u00e9xico.<\/p>\n\n\n\n<p>Adem\u00e1s, se detuvo a dos personas m\u00e1s afines al mismo grupo delictivo y otras dos al&nbsp;<strong>C\u00e1rtel del Pac\u00edfico<\/strong>, a quienes se les aseguraron:<\/p>\n\n\n\n<ul class=\"wp-block-list\">\n<li>9 kilos y 330 pastillas con caracter\u00edsticas propias del\u00a0<strong>fentanilo<\/strong><\/li>\n\n\n\n<li>Cuatro armas cortas<\/li>\n\n\n\n<li>Un arma larga<\/li>\n\n\n\n<li>Cartuchos de diversos calibres<\/li>\n\n\n\n<li>Seis celulares<\/li>\n\n\n\n<li>Dos inmuebles<\/li>\n<\/ul>\n\n\n\n<p>De acuerdo con las Comandancias de la II Regi\u00f3n Militar y la 2\/a. Zona Militar, estos operativos fueron resultado de labores de inteligencia militar en el marco de la<strong>&nbsp;Estrategia Nacional de Seguridad P\u00fablica<\/strong>.<\/p>\n\n\n\n<p><strong>CON INFORMACION DE INFOBAE<\/strong><\/p>\n","protected":false},"excerpt":{"rendered":"<p>Elementos de la&nbsp;Guardia Nacional&nbsp;y el&nbsp;Ej\u00e9rcito Mexicano&nbsp;detuvieron a&nbsp;Gustavo Antonio \u201cN\u201d, alias \u201cTavo\u201d, l\u00edder de una c\u00e9lula<\/p>\n","protected":false},"author":1,"featured_media":14265,"comment_status":"open","ping_status":"open","sticky":false,"template":"","format":"standard","meta":{"om_disable_all_campaigns":false,"_monsterinsights_skip_tracking":false,"_monsterinsights_sitenote_active":false,"_monsterinsights_sitenote_note":"","_monsterinsights_sitenote_category":0,"_jetpack_memberships_contains_paid_content":false,"footnotes":"","jetpack_publicize_message":"","jetpack_publicize_feature_enabled":true,"jetpack_social_post_already_shared":true,"jetpack_social_options":{"image_generator_settings":{"template":"highway","enabled":false},"version":2}},"categories":[5],"tags":[],"class_list":["post-14264","post","type-post","status-publish","format-standard","has-post-thumbnail","hentry","category-nacional"],"jetpack_publicize_connections":[],"aioseo_notices":[],"jetpack_featured_media_url":"https:\/\/samanoticiasdurango.com\/wp-content\/uploads\/44KPC2KCEBCADH7DFLZO2CO5RU.avif","featured_image_urls":{"full":["https:\/\/samanoticiasdurango.com\/wp-content\/uploads\/44KPC2KCEBCADH7DFLZO2CO5RU.avif",768,432,false],"thumbnail":["https:\/\/samanoticiasdurango.com\/wp-content\/uploads\/44KPC2KCEBCADH7DFLZO2CO5RU-150x150.avif",150,150,true],"medium":["https:\/\/samanoticiasdurango.com\/wp-content\/uploads\/44KPC2KCEBCADH7DFLZO2CO5RU-300x169.avif",300,169,true],"medium_large":["https:\/\/samanoticiasdurango.com\/wp-content\/uploads\/44KPC2KCEBCADH7DFLZO2CO5RU.avif",640,360,false],"large":["https:\/\/samanoticiasdurango.com\/wp-content\/uploads\/44KPC2KCEBCADH7DFLZO2CO5RU.avif",640,360,false],"1536x1536":["https:\/\/samanoticiasdurango.com\/wp-content\/uploads\/44KPC2KCEBCADH7DFLZO2CO5RU.avif",768,432,false],"2048x2048":["https:\/\/samanoticiasdurango.com\/wp-content\/uploads\/44KPC2KCEBCADH7DFLZO2CO5RU.avif",768,432,false],"chromenews-featured":["https:\/\/samanoticiasdurango.com\/wp-content\/uploads\/44KPC2KCEBCADH7DFLZO2CO5RU.avif",768,432,false],"chromenews-large":["https:\/\/samanoticiasdurango.com\/wp-content\/uploads\/44KPC2KCEBCADH7DFLZO2CO5RU.avif",768,432,false],"chromenews-medium":["https:\/\/samanoticiasdurango.com\/wp-content\/uploads\/44KPC2KCEBCADH7DFLZO2CO5RU-590x410.avif",590,410,true]},"author_info":{"display_name":"Redacci\u00f3n","author_link":"https:\/\/samanoticiasdurango.com\/index.php\/author\/jjsama13gmail-com\/"},"category_info":"<a href=\"https:\/\/samanoticiasdurango.com\/index.php\/category\/nacional\/\" rel=\"category tag\">NACIONAL<\/a>","tag_info":"NACIONAL","comment_count":"0","jetpack_sharing_enabled":true,"_links":{"self":[{"href":"https:\/\/samanoticiasdurango.com\/index.php\/wp-json\/wp\/v2\/posts\/14264","targetHints":{"allow":["GET"]}}],"collection":[{"href":"https:\/\/samanoticiasdurango.com\/index.php\/wp-json\/wp\/v2\/posts"}],"about":[{"href":"https:\/\/samanoticiasdurango.com\/index.php\/wp-json\/wp\/v2\/types\/post"}],"author":[{"embeddable":true,"href":"https:\/\/samanoticiasdurango.com\/index.php\/wp-json\/wp\/v2\/users\/1"}],"replies":[{"embeddable":true,"href":"https:\/\/samanoticiasdurango.com\/index.php\/wp-json\/wp\/v2\/comments?post=14264"}],"version-history":[{"count":1,"href":"https:\/\/samanoticiasdurango.com\/index.php\/wp-json\/wp\/v2\/posts\/14264\/revisions"}],"predecessor-version":[{"id":14266,"href":"https:\/\/samanoticiasdurango.com\/index.php\/wp-json\/wp\/v2\/posts\/14264\/revisions\/14266"}],"wp:featuredmedia":[{"embeddable":true,"href":"https:\/\/samanoticiasdurango.com\/index.php\/wp-json\/wp\/v2\/media\/14265"}],"wp:attachment":[{"href":"https:\/\/samanoticiasdurango.com\/index.php\/wp-json\/wp\/v2\/media?parent=14264"}],"wp:term":[{"taxonomy":"category","embeddable":true,"href":"https:\/\/samanoticiasdurango.com\/index.php\/wp-json\/wp\/v2\/categories?post=14264"},{"taxonomy":"post_tag","embeddable":true,"href":"https:\/\/samanoticiasdurango.com\/index.php\/wp-json\/wp\/v2\/tags?post=14264"}],"curies":[{"name":"wp","href":"https:\/\/api.w.org\/{rel}","templated":true}]}}