{"id":14268,"date":"2025-12-04T15:32:26","date_gmt":"2025-12-04T15:32:26","guid":{"rendered":"https:\/\/samanoticiasdurango.com\/?p=14268"},"modified":"2025-12-04T15:32:27","modified_gmt":"2025-12-04T15:32:27","slug":"decomisan-arsenal-en-tabasco-zacatecas","status":"publish","type":"post","link":"https:\/\/samanoticiasdurango.com\/index.php\/2025\/12\/04\/decomisan-arsenal-en-tabasco-zacatecas\/","title":{"rendered":"Decomisan arsenal en Tabasco, Zacatecas"},"content":{"rendered":"\n<p>Fuerzas federales decomisaron un&nbsp;<strong>arsenal<\/strong>&nbsp;y se detuvieron a tres personas en&nbsp;<strong>Zacatecas<\/strong>.<\/p>\n\n\n\n<p>La&nbsp;<a href=\"https:\/\/www.gob.mx\/defensa\" target=\"_blank\" rel=\"noreferrer noopener\"><strong>Secretar\u00eda de la Defensa Nacional<\/strong><\/a>&nbsp;apunt\u00f3 que dicha acci\u00f3n fue realizada el 3 de diciembre de 2025, en la&nbsp;<strong>comunidad<\/strong>&nbsp;<strong>La<\/strong>&nbsp;<strong>Barranca<\/strong>, ubicada en el municipio de&nbsp;<strong>Tabasco.<\/strong><\/p>\n\n\n\n<p>En el operativo, se apunt\u00f3 que integrantes de la Guardia Nacional, en coordinaci\u00f3n con el Ej\u00e9rcito Mexicano y la Secretar\u00eda de Seguridad P\u00fablica de Zacatecas, realizaron reconocimientos en dicha zona de la entidad, lo que permiti\u00f3 el aseguramiento.<\/p>\n\n\n\n<p>Entre el arsenal decomisado en Zacatecas se encuentra lo siguiente:<\/p>\n\n\n\n<ul class=\"wp-block-list\">\n<li>31 armas largas.<\/li>\n\n\n\n<li>129 cargadores.<\/li>\n\n\n\n<li>Dos mil 760 cartuchos.<\/li>\n\n\n\n<li>12 artefactos explosivos improvisados.<\/li>\n\n\n\n<li>12 paquetes con carga explosiva (20 kilos aproximadamente de p\u00f3lvora).<\/li>\n\n\n\n<li>Un rollo de cord\u00f3n detonante.<\/li>\n\n\n\n<li>Tres veh\u00edculos.<\/li>\n\n\n\n<li>Equipo t\u00e1ctico diverso.<\/li>\n<\/ul>\n\n\n\n<p>En la acci\u00f3n se detall\u00f3 la detenci\u00f3n de tres personas, sin que se revelaran detalles de a qu\u00e9 grupo&nbsp;delictivo podr\u00edan pertenecer.<\/p>\n\n\n\n<p>Los detenidos y las armas aseguradas en esta acci\u00f3n fueron puestos a disposici\u00f3n de la autoridad competente para la continuaci\u00f3n de las investigaciones.<\/p>\n\n\n\n<p>Con informaci\u00f3n de L\u00f3pez-D\u00f3riga digital<\/p>\n","protected":false},"excerpt":{"rendered":"<p>Fuerzas federales decomisaron un&nbsp;arsenal&nbsp;y se detuvieron a tres personas en&nbsp;Zacatecas. La&nbsp;Secretar\u00eda de la Defensa Nacional&nbsp;apunt\u00f3<\/p>\n","protected":false},"author":1,"featured_media":14269,"comment_status":"open","ping_status":"open","sticky":false,"template":"","format":"standard","meta":{"om_disable_all_campaigns":false,"_monsterinsights_skip_tracking":false,"_monsterinsights_sitenote_active":false,"_monsterinsights_sitenote_note":"","_monsterinsights_sitenote_category":0,"_jetpack_memberships_contains_paid_content":false,"footnotes":"","jetpack_publicize_message":"","jetpack_publicize_feature_enabled":true,"jetpack_social_post_already_shared":true,"jetpack_social_options":{"image_generator_settings":{"template":"highway","enabled":false},"version":2}},"categories":[5],"tags":[],"class_list":["post-14268","post","type-post","status-publish","format-standard","has-post-thumbnail","hentry","category-nacional"],"jetpack_publicize_connections":[],"aioseo_notices":[],"jetpack_featured_media_url":"https:\/\/samanoticiasdurango.com\/wp-content\/uploads\/WEB.00_00_01_07.Imagen-fija001-3.jpg","featured_image_urls":{"full":["https:\/\/samanoticiasdurango.com\/wp-content\/uploads\/WEB.00_00_01_07.Imagen-fija001-3.jpg",1200,675,false],"thumbnail":["https:\/\/samanoticiasdurango.com\/wp-content\/uploads\/WEB.00_00_01_07.Imagen-fija001-3-150x150.jpg",150,150,true],"medium":["https:\/\/samanoticiasdurango.com\/wp-content\/uploads\/WEB.00_00_01_07.Imagen-fija001-3-300x169.jpg",300,169,true],"medium_large":["https:\/\/samanoticiasdurango.com\/wp-content\/uploads\/WEB.00_00_01_07.Imagen-fija001-3-768x432.jpg",640,360,true],"large":["https:\/\/samanoticiasdurango.com\/wp-content\/uploads\/WEB.00_00_01_07.Imagen-fija001-3-1024x576.jpg",640,360,true],"1536x1536":["https:\/\/samanoticiasdurango.com\/wp-content\/uploads\/WEB.00_00_01_07.Imagen-fija001-3.jpg",1200,675,false],"2048x2048":["https:\/\/samanoticiasdurango.com\/wp-content\/uploads\/WEB.00_00_01_07.Imagen-fija001-3.jpg",1200,675,false],"chromenews-featured":["https:\/\/samanoticiasdurango.com\/wp-content\/uploads\/WEB.00_00_01_07.Imagen-fija001-3-1024x576.jpg",1024,576,true],"chromenews-large":["https:\/\/samanoticiasdurango.com\/wp-content\/uploads\/WEB.00_00_01_07.Imagen-fija001-3-825x575.jpg",825,575,true],"chromenews-medium":["https:\/\/samanoticiasdurango.com\/wp-content\/uploads\/WEB.00_00_01_07.Imagen-fija001-3-590x410.jpg",590,410,true]},"author_info":{"display_name":"Redacci\u00f3n","author_link":"https:\/\/samanoticiasdurango.com\/index.php\/author\/jjsama13gmail-com\/"},"category_info":"<a href=\"https:\/\/samanoticiasdurango.com\/index.php\/category\/nacional\/\" rel=\"category tag\">NACIONAL<\/a>","tag_info":"NACIONAL","comment_count":"0","jetpack_sharing_enabled":true,"_links":{"self":[{"href":"https:\/\/samanoticiasdurango.com\/index.php\/wp-json\/wp\/v2\/posts\/14268","targetHints":{"allow":["GET"]}}],"collection":[{"href":"https:\/\/samanoticiasdurango.com\/index.php\/wp-json\/wp\/v2\/posts"}],"about":[{"href":"https:\/\/samanoticiasdurango.com\/index.php\/wp-json\/wp\/v2\/types\/post"}],"author":[{"embeddable":true,"href":"https:\/\/samanoticiasdurango.com\/index.php\/wp-json\/wp\/v2\/users\/1"}],"replies":[{"embeddable":true,"href":"https:\/\/samanoticiasdurango.com\/index.php\/wp-json\/wp\/v2\/comments?post=14268"}],"version-history":[{"count":1,"href":"https:\/\/samanoticiasdurango.com\/index.php\/wp-json\/wp\/v2\/posts\/14268\/revisions"}],"predecessor-version":[{"id":14270,"href":"https:\/\/samanoticiasdurango.com\/index.php\/wp-json\/wp\/v2\/posts\/14268\/revisions\/14270"}],"wp:featuredmedia":[{"embeddable":true,"href":"https:\/\/samanoticiasdurango.com\/index.php\/wp-json\/wp\/v2\/media\/14269"}],"wp:attachment":[{"href":"https:\/\/samanoticiasdurango.com\/index.php\/wp-json\/wp\/v2\/media?parent=14268"}],"wp:term":[{"taxonomy":"category","embeddable":true,"href":"https:\/\/samanoticiasdurango.com\/index.php\/wp-json\/wp\/v2\/categories?post=14268"},{"taxonomy":"post_tag","embeddable":true,"href":"https:\/\/samanoticiasdurango.com\/index.php\/wp-json\/wp\/v2\/tags?post=14268"}],"curies":[{"name":"wp","href":"https:\/\/api.w.org\/{rel}","templated":true}]}}