{"id":14272,"date":"2025-12-05T04:50:58","date_gmt":"2025-12-05T04:50:58","guid":{"rendered":"https:\/\/samanoticiasdurango.com\/?p=14272"},"modified":"2025-12-05T04:51:00","modified_gmt":"2025-12-05T04:51:00","slug":"propone-sughey-torres-registro-laboral-para-fortalecer-reinsercion-social","status":"publish","type":"post","link":"https:\/\/samanoticiasdurango.com\/index.php\/2025\/12\/05\/propone-sughey-torres-registro-laboral-para-fortalecer-reinsercion-social\/","title":{"rendered":"Propone Sughey Torres registro laboral para fortalecer reinserci\u00f3n social"},"content":{"rendered":"\n<p>Con el objetivo de crear un Registro de Informaci\u00f3n para la Reinserci\u00f3n Laboral, una herramienta indispensable para fortalecer la reintegraci\u00f3n social y reducir los \u00edndices de reincidencia delictiva, la diputada Sughey Torres Rodr\u00edguez propuso modificar la Ley de Ejecuci\u00f3n de Penas y Medidas de Seguridad del Estado.<\/p>\n\n\n\n<p>\u201cEl acceso a un empleo digno y estable es uno de los factores m\u00e1s determinantes para que una persona que recupera su libertad pueda reconstruir su proyecto de vida, superar la vulnerabilidad econ\u00f3mica y evitar el retorno a c\u00edrculos delictivos\u201d, destac\u00f3 al realizar la ampliaci\u00f3n de motivos.<\/p>\n\n\n\n<p>Por ello, propuso que el Patronato cuente con una Base de Informaci\u00f3n para la Reinserci\u00f3n Laboral, estructurada y actualizada mediante convenios con el sector p\u00fablico, privado y organizaciones civiles, a fin de identificar vacantes, generar alianzas estrat\u00e9gicas, ofrecer capacitaci\u00f3n y vincular perfiles adecuados.<\/p>\n\n\n\n<p>Durante su intervenci\u00f3n, inform\u00f3 que, a nivel nacional, m\u00e1s del 60 por ciento de las personas que egresan de un centro penitenciario enfrentan dificultades severas para acceder a un empleo formal debido al estigma social, la desconfianza de los empleadores y la falta de certificaciones de habilidades.<\/p>\n\n\n\n<p>La integrante del Grupo Parlamentario del PRI se\u00f1al\u00f3 que esta barrera es especialmente injusta para quienes fueron sentenciados por delitos culposos, como accidentes de tr\u00e1nsito u otros hechos sin intenci\u00f3n de causar da\u00f1o, ya que se trata de personas que no representan un riesgo social alto y que requieren una oportunidad real para reconstruir su vida.<\/p>\n\n\n\n<p>Torres Rodr\u00edguez agreg\u00f3 que, en Durango, el Patronato de Ayuda para la Reinserci\u00f3n Social desempe\u00f1a un papel esencial al brindar acompa\u00f1amiento a quienes obtienen su libertad definitiva y requieren orientaci\u00f3n, apoyo y herramientas para reintegrarse de manera productiva y responsable.<\/p>\n\n\n\n<p>Sin embargo, subray\u00f3 que uno de los mayores obst\u00e1culos que enfrentan las personas liberadas, particularmente aquellas sentenciadas por delitos culposos, es la falta de oportunidades laborales formales, lo que las coloca en condiciones de vulnerabilidad, precariedad econ\u00f3mica y riesgo de reincidencia.<\/p>\n\n\n\n<p>Finalmente, resalt\u00f3 que la reinserci\u00f3n social es un eje fundamental y garantizar este derecho permite que las personas que han cumplido su pena puedan reincorporarse a la sociedad en condiciones que impulsen su desarrollo personal y contribuyan al fortalecimiento de la seguridad p\u00fablica.<\/p>\n","protected":false},"excerpt":{"rendered":"<p>Con el objetivo de crear un Registro de Informaci\u00f3n para la Reinserci\u00f3n Laboral, una herramienta<\/p>\n","protected":false},"author":1,"featured_media":14273,"comment_status":"open","ping_status":"open","sticky":false,"template":"","format":"standard","meta":{"om_disable_all_campaigns":false,"_monsterinsights_skip_tracking":false,"_monsterinsights_sitenote_active":false,"_monsterinsights_sitenote_note":"","_monsterinsights_sitenote_category":0,"_jetpack_memberships_contains_paid_content":false,"footnotes":"","jetpack_publicize_message":"","jetpack_publicize_feature_enabled":true,"jetpack_social_post_already_shared":true,"jetpack_social_options":{"image_generator_settings":{"template":"highway","enabled":false},"version":2}},"categories":[1],"tags":[],"class_list":["post-14272","post","type-post","status-publish","format-standard","has-post-thumbnail","hentry","category-archivo"],"jetpack_publicize_connections":[],"aioseo_notices":[],"jetpack_featured_media_url":"https:\/\/samanoticiasdurango.com\/wp-content\/uploads\/9242e29a-2c6e-4e08-a627-dcf6fabebffd.jpeg","featured_image_urls":{"full":["https:\/\/samanoticiasdurango.com\/wp-content\/uploads\/9242e29a-2c6e-4e08-a627-dcf6fabebffd.jpeg",1280,853,false],"thumbnail":["https:\/\/samanoticiasdurango.com\/wp-content\/uploads\/9242e29a-2c6e-4e08-a627-dcf6fabebffd-150x150.jpeg",150,150,true],"medium":["https:\/\/samanoticiasdurango.com\/wp-content\/uploads\/9242e29a-2c6e-4e08-a627-dcf6fabebffd-300x200.jpeg",300,200,true],"medium_large":["https:\/\/samanoticiasdurango.com\/wp-content\/uploads\/9242e29a-2c6e-4e08-a627-dcf6fabebffd-768x512.jpeg",640,427,true],"large":["https:\/\/samanoticiasdurango.com\/wp-content\/uploads\/9242e29a-2c6e-4e08-a627-dcf6fabebffd-1024x682.jpeg",640,426,true],"1536x1536":["https:\/\/samanoticiasdurango.com\/wp-content\/uploads\/9242e29a-2c6e-4e08-a627-dcf6fabebffd.jpeg",1280,853,false],"2048x2048":["https:\/\/samanoticiasdurango.com\/wp-content\/uploads\/9242e29a-2c6e-4e08-a627-dcf6fabebffd.jpeg",1280,853,false],"chromenews-featured":["https:\/\/samanoticiasdurango.com\/wp-content\/uploads\/9242e29a-2c6e-4e08-a627-dcf6fabebffd-1024x682.jpeg",1024,682,true],"chromenews-large":["https:\/\/samanoticiasdurango.com\/wp-content\/uploads\/9242e29a-2c6e-4e08-a627-dcf6fabebffd-825x575.jpeg",825,575,true],"chromenews-medium":["https:\/\/samanoticiasdurango.com\/wp-content\/uploads\/9242e29a-2c6e-4e08-a627-dcf6fabebffd-590x410.jpeg",590,410,true]},"author_info":{"display_name":"Redacci\u00f3n","author_link":"https:\/\/samanoticiasdurango.com\/index.php\/author\/jjsama13gmail-com\/"},"category_info":"<a href=\"https:\/\/samanoticiasdurango.com\/index.php\/category\/archivo\/\" rel=\"category tag\">DURANGO<\/a>","tag_info":"DURANGO","comment_count":"0","jetpack_sharing_enabled":true,"_links":{"self":[{"href":"https:\/\/samanoticiasdurango.com\/index.php\/wp-json\/wp\/v2\/posts\/14272","targetHints":{"allow":["GET"]}}],"collection":[{"href":"https:\/\/samanoticiasdurango.com\/index.php\/wp-json\/wp\/v2\/posts"}],"about":[{"href":"https:\/\/samanoticiasdurango.com\/index.php\/wp-json\/wp\/v2\/types\/post"}],"author":[{"embeddable":true,"href":"https:\/\/samanoticiasdurango.com\/index.php\/wp-json\/wp\/v2\/users\/1"}],"replies":[{"embeddable":true,"href":"https:\/\/samanoticiasdurango.com\/index.php\/wp-json\/wp\/v2\/comments?post=14272"}],"version-history":[{"count":1,"href":"https:\/\/samanoticiasdurango.com\/index.php\/wp-json\/wp\/v2\/posts\/14272\/revisions"}],"predecessor-version":[{"id":14274,"href":"https:\/\/samanoticiasdurango.com\/index.php\/wp-json\/wp\/v2\/posts\/14272\/revisions\/14274"}],"wp:featuredmedia":[{"embeddable":true,"href":"https:\/\/samanoticiasdurango.com\/index.php\/wp-json\/wp\/v2\/media\/14273"}],"wp:attachment":[{"href":"https:\/\/samanoticiasdurango.com\/index.php\/wp-json\/wp\/v2\/media?parent=14272"}],"wp:term":[{"taxonomy":"category","embeddable":true,"href":"https:\/\/samanoticiasdurango.com\/index.php\/wp-json\/wp\/v2\/categories?post=14272"},{"taxonomy":"post_tag","embeddable":true,"href":"https:\/\/samanoticiasdurango.com\/index.php\/wp-json\/wp\/v2\/tags?post=14272"}],"curies":[{"name":"wp","href":"https:\/\/api.w.org\/{rel}","templated":true}]}}