{"id":14303,"date":"2025-12-13T15:15:19","date_gmt":"2025-12-13T15:15:19","guid":{"rendered":"https:\/\/samanoticiasdurango.com\/?p=14303"},"modified":"2025-12-13T15:15:21","modified_gmt":"2025-12-13T15:15:21","slug":"salud-confirma-primer-caso-de-influenza-a-h3n2-subclado-k-en-mexico","status":"publish","type":"post","link":"https:\/\/samanoticiasdurango.com\/index.php\/2025\/12\/13\/salud-confirma-primer-caso-de-influenza-a-h3n2-subclado-k-en-mexico\/","title":{"rendered":"Salud confirma primer caso de influenza A H3N2 subclado K en M\u00e9xico"},"content":{"rendered":"\n<p>Por Juan Jos\u00e9 Salas Mancinas<\/p>\n\n\n\n<p>La Secretar\u00eda de Salud de M\u00e9xico ha confirmado el primer caso de influenza A H3N2 subclado K, marcando un hito en la vigilancia epidemiol\u00f3gica del virus en el pa\u00eds. Este descubrimiento resalta la importancia de la monitorizaci\u00f3n constante de las cepas de influenza, especialmente en un contexto donde la salud p\u00fablica se enfrenta a m\u00faltiples desaf\u00edos.<\/p>\n\n\n\n<p>El paciente afectado es una persona que present\u00f3 s\u00edntomas respiratorios que llevaron a la realizaci\u00f3n de pruebas diagn\u00f3sticas. La identificaci\u00f3n de este subclado espec\u00edfico sugiere la necesidad de reforzar las medidas preventivas, as\u00ed como de llevar a cabo campa\u00f1as de vacunaci\u00f3n, dado que la influenza puede tener consecuencias severas para grupos vulnerables, incluidas personas mayores, ni\u00f1os y aquellos con enfermedades cr\u00f3nicas.<\/p>\n\n\n\n<p>Las autoridades de salud han instado a la poblaci\u00f3n a mantenerse alerta y a seguir las recomendaciones b\u00e1sicas de prevenci\u00f3n, que incluyen la higiene adecuada de manos, el uso de cubrebocas en espacios p\u00fablicos y la vacunaci\u00f3n anual contra la influenza. Adem\u00e1s, es fundamental que los servicios de salud contin\u00faen trabajando en la detecci\u00f3n temprana y en el manejo adecuado de los casos para prevenir brotes m\u00e1s amplios.<\/p>\n\n\n\n<p>Este caso subraya la necesidad de continuar la investigaci\u00f3n y el seguimiento de las variantes del virus de la influenza, as\u00ed como de fomentar la colaboraci\u00f3n entre instituciones de salud y la comunidad cient\u00edfica para abordar eficientemente los retos que plantea la enfermedad.<\/p>\n","protected":false},"excerpt":{"rendered":"<p>Por Juan Jos\u00e9 Salas Mancinas La Secretar\u00eda de Salud de M\u00e9xico ha confirmado el primer<\/p>\n","protected":false},"author":1,"featured_media":14305,"comment_status":"open","ping_status":"open","sticky":false,"template":"","format":"standard","meta":{"om_disable_all_campaigns":false,"_monsterinsights_skip_tracking":false,"_monsterinsights_sitenote_active":false,"_monsterinsights_sitenote_note":"","_monsterinsights_sitenote_category":0,"_jetpack_memberships_contains_paid_content":false,"footnotes":"","jetpack_publicize_message":"","jetpack_publicize_feature_enabled":true,"jetpack_social_post_already_shared":true,"jetpack_social_options":{"image_generator_settings":{"template":"highway","enabled":false},"version":2}},"categories":[5],"tags":[],"class_list":["post-14303","post","type-post","status-publish","format-standard","has-post-thumbnail","hentry","category-nacional"],"jetpack_publicize_connections":[],"aioseo_notices":[],"jetpack_featured_media_url":"https:\/\/samanoticiasdurango.com\/wp-content\/uploads\/WEB.00_00_01_02.Imagen-fija002-3.jpg","featured_image_urls":{"full":["https:\/\/samanoticiasdurango.com\/wp-content\/uploads\/WEB.00_00_01_02.Imagen-fija002-3.jpg",1200,675,false],"thumbnail":["https:\/\/samanoticiasdurango.com\/wp-content\/uploads\/WEB.00_00_01_02.Imagen-fija002-3-150x150.jpg",150,150,true],"medium":["https:\/\/samanoticiasdurango.com\/wp-content\/uploads\/WEB.00_00_01_02.Imagen-fija002-3-300x169.jpg",300,169,true],"medium_large":["https:\/\/samanoticiasdurango.com\/wp-content\/uploads\/WEB.00_00_01_02.Imagen-fija002-3-768x432.jpg",640,360,true],"large":["https:\/\/samanoticiasdurango.com\/wp-content\/uploads\/WEB.00_00_01_02.Imagen-fija002-3-1024x576.jpg",640,360,true],"1536x1536":["https:\/\/samanoticiasdurango.com\/wp-content\/uploads\/WEB.00_00_01_02.Imagen-fija002-3.jpg",1200,675,false],"2048x2048":["https:\/\/samanoticiasdurango.com\/wp-content\/uploads\/WEB.00_00_01_02.Imagen-fija002-3.jpg",1200,675,false],"chromenews-featured":["https:\/\/samanoticiasdurango.com\/wp-content\/uploads\/WEB.00_00_01_02.Imagen-fija002-3-1024x576.jpg",1024,576,true],"chromenews-large":["https:\/\/samanoticiasdurango.com\/wp-content\/uploads\/WEB.00_00_01_02.Imagen-fija002-3-825x575.jpg",825,575,true],"chromenews-medium":["https:\/\/samanoticiasdurango.com\/wp-content\/uploads\/WEB.00_00_01_02.Imagen-fija002-3-590x410.jpg",590,410,true]},"author_info":{"display_name":"Redacci\u00f3n","author_link":"https:\/\/samanoticiasdurango.com\/index.php\/author\/jjsama13gmail-com\/"},"category_info":"<a href=\"https:\/\/samanoticiasdurango.com\/index.php\/category\/nacional\/\" rel=\"category tag\">NACIONAL<\/a>","tag_info":"NACIONAL","comment_count":"0","jetpack_sharing_enabled":true,"_links":{"self":[{"href":"https:\/\/samanoticiasdurango.com\/index.php\/wp-json\/wp\/v2\/posts\/14303","targetHints":{"allow":["GET"]}}],"collection":[{"href":"https:\/\/samanoticiasdurango.com\/index.php\/wp-json\/wp\/v2\/posts"}],"about":[{"href":"https:\/\/samanoticiasdurango.com\/index.php\/wp-json\/wp\/v2\/types\/post"}],"author":[{"embeddable":true,"href":"https:\/\/samanoticiasdurango.com\/index.php\/wp-json\/wp\/v2\/users\/1"}],"replies":[{"embeddable":true,"href":"https:\/\/samanoticiasdurango.com\/index.php\/wp-json\/wp\/v2\/comments?post=14303"}],"version-history":[{"count":1,"href":"https:\/\/samanoticiasdurango.com\/index.php\/wp-json\/wp\/v2\/posts\/14303\/revisions"}],"predecessor-version":[{"id":14306,"href":"https:\/\/samanoticiasdurango.com\/index.php\/wp-json\/wp\/v2\/posts\/14303\/revisions\/14306"}],"wp:featuredmedia":[{"embeddable":true,"href":"https:\/\/samanoticiasdurango.com\/index.php\/wp-json\/wp\/v2\/media\/14305"}],"wp:attachment":[{"href":"https:\/\/samanoticiasdurango.com\/index.php\/wp-json\/wp\/v2\/media?parent=14303"}],"wp:term":[{"taxonomy":"category","embeddable":true,"href":"https:\/\/samanoticiasdurango.com\/index.php\/wp-json\/wp\/v2\/categories?post=14303"},{"taxonomy":"post_tag","embeddable":true,"href":"https:\/\/samanoticiasdurango.com\/index.php\/wp-json\/wp\/v2\/tags?post=14303"}],"curies":[{"name":"wp","href":"https:\/\/api.w.org\/{rel}","templated":true}]}}