{"id":1441,"date":"2022-06-11T17:46:43","date_gmt":"2022-06-11T17:46:43","guid":{"rendered":"http:\/\/samanoticiasdurango.com\/?p=1441"},"modified":"2022-06-11T17:46:43","modified_gmt":"2022-06-11T17:46:43","slug":"inevap-e-inegi-sumaran-esfuerzos-para-promover-el-uso-de-la-informacion-en-durango","status":"publish","type":"post","link":"https:\/\/samanoticiasdurango.com\/index.php\/2022\/06\/11\/inevap-e-inegi-sumaran-esfuerzos-para-promover-el-uso-de-la-informacion-en-durango\/","title":{"rendered":"Inevap e Inegi sumar\u00e1n esfuerzos para promover el uso de la informaci\u00f3n en Durango"},"content":{"rendered":"\n<p>La informaci\u00f3n que genera el Inegi permite conocer las caracter\u00edsticas del pa\u00eds a lo largo del tiempo en aspectos econ\u00f3micos, de poblaci\u00f3n o sociales, pero es con el trabajo que realiza el Inevap, a trav\u00e9s de las evaluaciones, que se valora c\u00f3mo los programas de los gobiernos han contribuido o no a mejorar la calidad de vida de las personas. Los objetivos de ambas instituciones se complementan y contribuyen a que se tomen mejores decisiones.<br>Por lo anterior, el Consejo General del Instituto de Evaluaci\u00f3n de Pol\u00edticas P\u00fablicas del Estado de Durango, (Inevap) se reuni\u00f3 con la Coordinaci\u00f3n Estatal Durango de la Direcci\u00f3n Regional Norte del Instituto Nacional de Estad\u00edstica y Geograf\u00eda (Inegi) con el objetivo de establecer las bases para formalizar una alianza institucional.<br>Esta es la segunda ocasi\u00f3n en la que se re\u00fanen el Mtro. Efra\u00edn Limones Garc\u00eda, Coordinador Estatal Durango del Inegi, y los Consejeros del Inevap el Ing. Emiliano Hern\u00e1ndez Camargo, la Mtra. Isaura Leticia Martos Gonz\u00e1lez y el Mtro. Francisco Antonio V\u00e1zquez Sandoval, con sus respectivos equipos colaboradores para definir una ruta de trabajo conjunta que se formalizar\u00eda a trav\u00e9s de un convenio de colaboraci\u00f3n.<br>En un primer encuentro que tuvo lugar el 9 de mayo, el Inevap present\u00f3, a trav\u00e9s del Coordinador de Investigaci\u00f3n y Proyectos Especiales, el marco normativo que regula la funci\u00f3n t\u00e9cnica que como organismo aut\u00f3nomo realiza el Instituto. Adem\u00e1s, se se\u00f1alaron los objetivos que persigue el Inevap y los logros desde su puesta en marcha en 2016. Se destac\u00f3 que el Inevap ha realizado del a\u00f1o 2017 al 2021 un total de 192 evaluaciones y que este a\u00f1o 2022 hay 26 en curso. Por otro lado, de 2020 a la fecha ha realizado un total de 34 documentos de investigaci\u00f3n.<br>Por su parte, el pasado 8 de junio en reuni\u00f3n llevada a cabo en la Coordinaci\u00f3n Estatal Inegi Durango, en voz del Mtro. Efra\u00edn Limones, se profundiz\u00f3 sobre el Sistema Nacional de Informaci\u00f3n Estad\u00edstica y Geogr\u00e1fica, con el objetivo de plantear proyectos de uso de la informaci\u00f3n estad\u00edstica y geogr\u00e1fica orientados a la evaluaci\u00f3n de pol\u00edticas p\u00fablicas. Adem\u00e1s, destac\u00f3 la importancia de los registros administrativos como insumo de informaci\u00f3n.<br>De este modo se da continuidad al trabajo colaborativo entre ambas instituciones con el objetivo de contribuir a que en Durango existan mejores pol\u00edticas p\u00fablicas que atiendan las problem\u00e1ticas m\u00e1s sentidas de la sociedad.<\/p>\n","protected":false},"excerpt":{"rendered":"<p>La informaci\u00f3n que genera el Inegi permite conocer las caracter\u00edsticas del pa\u00eds a lo largo<\/p>\n","protected":false},"author":1,"featured_media":1442,"comment_status":"open","ping_status":"open","sticky":false,"template":"","format":"standard","meta":{"om_disable_all_campaigns":false,"_monsterinsights_skip_tracking":false,"_monsterinsights_sitenote_active":false,"_monsterinsights_sitenote_note":"","_monsterinsights_sitenote_category":0,"_jetpack_memberships_contains_paid_content":false,"footnotes":"","jetpack_publicize_message":"","jetpack_publicize_feature_enabled":true,"jetpack_social_post_already_shared":false,"jetpack_social_options":{"image_generator_settings":{"template":"highway","enabled":false},"version":2}},"categories":[1],"tags":[],"class_list":["post-1441","post","type-post","status-publish","format-standard","has-post-thumbnail","hentry","category-archivo"],"jetpack_publicize_connections":[],"aioseo_notices":[],"jetpack_featured_media_url":"https:\/\/samanoticiasdurango.com\/wp-content\/uploads\/2022\/06\/WhatsApp-Image-2022-06-11-at-11.20.10-AM.jpeg","featured_image_urls":{"full":["https:\/\/samanoticiasdurango.com\/wp-content\/uploads\/2022\/06\/WhatsApp-Image-2022-06-11-at-11.20.10-AM.jpeg",1280,853,false],"thumbnail":["https:\/\/samanoticiasdurango.com\/wp-content\/uploads\/2022\/06\/WhatsApp-Image-2022-06-11-at-11.20.10-AM-150x150.jpeg",150,150,true],"medium":["https:\/\/samanoticiasdurango.com\/wp-content\/uploads\/2022\/06\/WhatsApp-Image-2022-06-11-at-11.20.10-AM-300x200.jpeg",300,200,true],"medium_large":["https:\/\/samanoticiasdurango.com\/wp-content\/uploads\/2022\/06\/WhatsApp-Image-2022-06-11-at-11.20.10-AM-768x512.jpeg",640,427,true],"large":["https:\/\/samanoticiasdurango.com\/wp-content\/uploads\/2022\/06\/WhatsApp-Image-2022-06-11-at-11.20.10-AM-1024x682.jpeg",640,426,true],"1536x1536":["https:\/\/samanoticiasdurango.com\/wp-content\/uploads\/2022\/06\/WhatsApp-Image-2022-06-11-at-11.20.10-AM.jpeg",1280,853,false],"2048x2048":["https:\/\/samanoticiasdurango.com\/wp-content\/uploads\/2022\/06\/WhatsApp-Image-2022-06-11-at-11.20.10-AM.jpeg",1280,853,false],"chromenews-featured":["https:\/\/samanoticiasdurango.com\/wp-content\/uploads\/2022\/06\/WhatsApp-Image-2022-06-11-at-11.20.10-AM-1024x682.jpeg",1024,682,true],"chromenews-large":["https:\/\/samanoticiasdurango.com\/wp-content\/uploads\/2022\/06\/WhatsApp-Image-2022-06-11-at-11.20.10-AM-825x575.jpeg",825,575,true],"chromenews-medium":["https:\/\/samanoticiasdurango.com\/wp-content\/uploads\/2022\/06\/WhatsApp-Image-2022-06-11-at-11.20.10-AM-590x410.jpeg",590,410,true]},"author_info":{"display_name":"Redacci\u00f3n","author_link":"https:\/\/samanoticiasdurango.com\/index.php\/author\/jjsama13gmail-com\/"},"category_info":"<a href=\"https:\/\/samanoticiasdurango.com\/index.php\/category\/archivo\/\" rel=\"category tag\">DURANGO<\/a>","tag_info":"DURANGO","comment_count":"0","jetpack_sharing_enabled":true,"_links":{"self":[{"href":"https:\/\/samanoticiasdurango.com\/index.php\/wp-json\/wp\/v2\/posts\/1441","targetHints":{"allow":["GET"]}}],"collection":[{"href":"https:\/\/samanoticiasdurango.com\/index.php\/wp-json\/wp\/v2\/posts"}],"about":[{"href":"https:\/\/samanoticiasdurango.com\/index.php\/wp-json\/wp\/v2\/types\/post"}],"author":[{"embeddable":true,"href":"https:\/\/samanoticiasdurango.com\/index.php\/wp-json\/wp\/v2\/users\/1"}],"replies":[{"embeddable":true,"href":"https:\/\/samanoticiasdurango.com\/index.php\/wp-json\/wp\/v2\/comments?post=1441"}],"version-history":[{"count":1,"href":"https:\/\/samanoticiasdurango.com\/index.php\/wp-json\/wp\/v2\/posts\/1441\/revisions"}],"predecessor-version":[{"id":1443,"href":"https:\/\/samanoticiasdurango.com\/index.php\/wp-json\/wp\/v2\/posts\/1441\/revisions\/1443"}],"wp:featuredmedia":[{"embeddable":true,"href":"https:\/\/samanoticiasdurango.com\/index.php\/wp-json\/wp\/v2\/media\/1442"}],"wp:attachment":[{"href":"https:\/\/samanoticiasdurango.com\/index.php\/wp-json\/wp\/v2\/media?parent=1441"}],"wp:term":[{"taxonomy":"category","embeddable":true,"href":"https:\/\/samanoticiasdurango.com\/index.php\/wp-json\/wp\/v2\/categories?post=1441"},{"taxonomy":"post_tag","embeddable":true,"href":"https:\/\/samanoticiasdurango.com\/index.php\/wp-json\/wp\/v2\/tags?post=1441"}],"curies":[{"name":"wp","href":"https:\/\/api.w.org\/{rel}","templated":true}]}}