{"id":14634,"date":"2026-03-11T19:11:16","date_gmt":"2026-03-11T19:11:16","guid":{"rendered":"https:\/\/samanoticiasdurango.com\/?p=14634"},"modified":"2026-03-11T19:11:17","modified_gmt":"2026-03-11T19:11:17","slug":"impulsa-cynthia-mont-infraestructura-publica-accesible-para-todos","status":"publish","type":"post","link":"https:\/\/samanoticiasdurango.com\/index.php\/2026\/03\/11\/impulsa-cynthia-mont-infraestructura-publica-accesible-para-todos\/","title":{"rendered":"Impulsa Cynthia Mont infraestructura p\u00fablica accesible para todos"},"content":{"rendered":"\n<p>Con el objetivo de asegurar infraestructura incluyente, la diputada Cynthia Montserrat Hern\u00e1ndez Qui\u00f1ones, plante\u00f3 reformar la Ley de Presupuesto, Contabilidad y Gasto P\u00fablico del Estado, para que los proyectos de gobierno sean accesibles para todas las personas, especialmente para quienes viven con alguna discapacidad.<\/p>\n\n\n\n<p>\u201cCuando los proyectos de infraestructura o equipamiento se conciben sin incorporar criterios de accesibilidad desde su origen, el resultado es conocido, rampas inexistentes, se\u00f1alizaci\u00f3n inaccesible, transporte que excluye y edificios p\u00fablicos que no pueden ser utilizados por todas las personas\u201d, se\u00f1al\u00f3 al realizar la ampliaci\u00f3n de motivos.<\/p>\n\n\n\n<p>En este sentido, explic\u00f3 que la propuesta establece que todas las obras y proyectos financiados con dinero p\u00fablico deber\u00e1n presentar, desde su etapa inicial, una C\u00e9dula o Dictamen de Accesibilidad y Dise\u00f1o Universal, documento que permitir\u00e1 comprobar que la infraestructura o servicio fue dise\u00f1ado para que cualquier persona pueda utilizarlo, particularmente quienes viven con alguna discapacidad.<\/p>\n\n\n\n<p>A nombre del Grupo Parlamentario de Morena, destac\u00f3 que en M\u00e9xico m\u00e1s de 20.8 millones de personas viven con alguna discapacidad o limitaci\u00f3n, de acuerdo con datos del Censo de Poblaci\u00f3n y Vivienda del INEGI. En el caso de Durango, la cifra supera las 100 mil personas, lo que significa que pr\u00e1cticamente uno de cada 12 duranguenses enfrenta diariamente barreras f\u00edsicas, de comunicaci\u00f3n o de acceso en el espacio p\u00fablico.<\/p>\n\n\n\n<p>Ante este panorama, cuestion\u00f3 si realmente puede hablarse de igualdad cuando la infraestructura p\u00fablica se dise\u00f1a sin considerar desde el inicio a una parte importante de la poblaci\u00f3n. Se\u00f1al\u00f3 que muchas de las barreras que enfrentan las personas con discapacidad no surgen de la falta de voluntad social, sino de la forma en que se planea, presupuesta y ejecuta el gasto p\u00fablico.<\/p>\n\n\n\n<p>La legisladora tambi\u00e9n explic\u00f3 que diversos estudios del Banco Mundial se\u00f1alan que incorporar criterios de accesibilidad desde la fase de dise\u00f1o puede incrementar el costo de una obra apenas entre 0.5% y 1%, mientras que corregir posteriormente una infraestructura mal dise\u00f1ada puede multiplicar los costos y generar un gasto p\u00fablico ineficiente.<\/p>\n\n\n\n<p>\u201cLa iniciativa busca cerrar el vac\u00edo que existe en el proceso de programaci\u00f3n y presupuestaci\u00f3n del gasto p\u00fablico, para que ning\u00fan proyecto de infraestructura o inversi\u00f3n f\u00edsica de uso p\u00fablico pueda ejecutarse sin acreditar previamente que cumple con criterios t\u00e9cnicos de accesibilidad\u201d, consider\u00f3.<\/p>\n","protected":false},"excerpt":{"rendered":"<p>Con el objetivo de asegurar infraestructura incluyente, la diputada Cynthia Montserrat Hern\u00e1ndez Qui\u00f1ones, plante\u00f3 reformar<\/p>\n","protected":false},"author":1,"featured_media":14635,"comment_status":"open","ping_status":"open","sticky":false,"template":"","format":"standard","meta":{"om_disable_all_campaigns":false,"_monsterinsights_skip_tracking":false,"_monsterinsights_sitenote_active":false,"_monsterinsights_sitenote_note":"","_monsterinsights_sitenote_category":0,"_jetpack_memberships_contains_paid_content":false,"footnotes":"","jetpack_publicize_message":"","jetpack_publicize_feature_enabled":true,"jetpack_social_post_already_shared":true,"jetpack_social_options":{"image_generator_settings":{"template":"highway","enabled":false},"version":2}},"categories":[1],"tags":[],"class_list":["post-14634","post","type-post","status-publish","format-standard","has-post-thumbnail","hentry","category-archivo"],"jetpack_publicize_connections":[],"aioseo_notices":[],"jetpack_featured_media_url":"https:\/\/samanoticiasdurango.com\/wp-content\/uploads\/WhatsApp-Image-2026-03-10-at-2.59.41-PM.jpeg","featured_image_urls":{"full":["https:\/\/samanoticiasdurango.com\/wp-content\/uploads\/WhatsApp-Image-2026-03-10-at-2.59.41-PM.jpeg",1280,853,false],"thumbnail":["https:\/\/samanoticiasdurango.com\/wp-content\/uploads\/WhatsApp-Image-2026-03-10-at-2.59.41-PM-150x150.jpeg",150,150,true],"medium":["https:\/\/samanoticiasdurango.com\/wp-content\/uploads\/WhatsApp-Image-2026-03-10-at-2.59.41-PM-300x200.jpeg",300,200,true],"medium_large":["https:\/\/samanoticiasdurango.com\/wp-content\/uploads\/WhatsApp-Image-2026-03-10-at-2.59.41-PM-768x512.jpeg",640,427,true],"large":["https:\/\/samanoticiasdurango.com\/wp-content\/uploads\/WhatsApp-Image-2026-03-10-at-2.59.41-PM-1024x682.jpeg",640,426,true],"1536x1536":["https:\/\/samanoticiasdurango.com\/wp-content\/uploads\/WhatsApp-Image-2026-03-10-at-2.59.41-PM.jpeg",1280,853,false],"2048x2048":["https:\/\/samanoticiasdurango.com\/wp-content\/uploads\/WhatsApp-Image-2026-03-10-at-2.59.41-PM.jpeg",1280,853,false],"chromenews-featured":["https:\/\/samanoticiasdurango.com\/wp-content\/uploads\/WhatsApp-Image-2026-03-10-at-2.59.41-PM-1024x682.jpeg",1024,682,true],"chromenews-large":["https:\/\/samanoticiasdurango.com\/wp-content\/uploads\/WhatsApp-Image-2026-03-10-at-2.59.41-PM-825x575.jpeg",825,575,true],"chromenews-medium":["https:\/\/samanoticiasdurango.com\/wp-content\/uploads\/WhatsApp-Image-2026-03-10-at-2.59.41-PM-590x410.jpeg",590,410,true]},"author_info":{"display_name":"Redacci\u00f3n","author_link":"https:\/\/samanoticiasdurango.com\/index.php\/author\/jjsama13gmail-com\/"},"category_info":"<a href=\"https:\/\/samanoticiasdurango.com\/index.php\/category\/archivo\/\" rel=\"category tag\">DURANGO<\/a>","tag_info":"DURANGO","comment_count":"0","jetpack_sharing_enabled":true,"_links":{"self":[{"href":"https:\/\/samanoticiasdurango.com\/index.php\/wp-json\/wp\/v2\/posts\/14634","targetHints":{"allow":["GET"]}}],"collection":[{"href":"https:\/\/samanoticiasdurango.com\/index.php\/wp-json\/wp\/v2\/posts"}],"about":[{"href":"https:\/\/samanoticiasdurango.com\/index.php\/wp-json\/wp\/v2\/types\/post"}],"author":[{"embeddable":true,"href":"https:\/\/samanoticiasdurango.com\/index.php\/wp-json\/wp\/v2\/users\/1"}],"replies":[{"embeddable":true,"href":"https:\/\/samanoticiasdurango.com\/index.php\/wp-json\/wp\/v2\/comments?post=14634"}],"version-history":[{"count":1,"href":"https:\/\/samanoticiasdurango.com\/index.php\/wp-json\/wp\/v2\/posts\/14634\/revisions"}],"predecessor-version":[{"id":14636,"href":"https:\/\/samanoticiasdurango.com\/index.php\/wp-json\/wp\/v2\/posts\/14634\/revisions\/14636"}],"wp:featuredmedia":[{"embeddable":true,"href":"https:\/\/samanoticiasdurango.com\/index.php\/wp-json\/wp\/v2\/media\/14635"}],"wp:attachment":[{"href":"https:\/\/samanoticiasdurango.com\/index.php\/wp-json\/wp\/v2\/media?parent=14634"}],"wp:term":[{"taxonomy":"category","embeddable":true,"href":"https:\/\/samanoticiasdurango.com\/index.php\/wp-json\/wp\/v2\/categories?post=14634"},{"taxonomy":"post_tag","embeddable":true,"href":"https:\/\/samanoticiasdurango.com\/index.php\/wp-json\/wp\/v2\/tags?post=14634"}],"curies":[{"name":"wp","href":"https:\/\/api.w.org\/{rel}","templated":true}]}}