{"id":14637,"date":"2026-03-11T19:31:49","date_gmt":"2026-03-11T19:31:49","guid":{"rendered":"https:\/\/samanoticiasdurango.com\/?p=14637"},"modified":"2026-03-11T19:31:50","modified_gmt":"2026-03-11T19:31:50","slug":"plantea-ernesto-alanis-incentivar-innovacion-ambiental-en-la-mineria","status":"publish","type":"post","link":"https:\/\/samanoticiasdurango.com\/index.php\/2026\/03\/11\/plantea-ernesto-alanis-incentivar-innovacion-ambiental-en-la-mineria\/","title":{"rendered":"Plantea Ernesto Alan\u00eds, incentivar innovaci\u00f3n ambiental en la miner\u00eda"},"content":{"rendered":"\n<p>El presidente de la Junta de Gobierno y Coordinaci\u00f3n Pol\u00edtica, Ernesto Alan\u00eds Herrera, present\u00f3 la iniciativa de reformas a la Ley Estatal de Desarrollo y Fomento Minero de Durango, con la finalidad de impulsar una miner\u00eda m\u00e1s responsable y sostenible con pr\u00e1cticas ambientales avanzadas e incentivos.<\/p>\n\n\n\n<p>\u201cResulta indispensable reconocer que los retos actuales en materia ambiental y social demandan una evoluci\u00f3n en la forma de concebir la actividad minera, transitando hacia esquemas que privilegien la eficiencia en el uso de recursos naturales, la restauraci\u00f3n de los ecosistemas intervenidos, la transparencia en las operaciones y la corresponsabilidad entre empresas, autoridades y sociedad\u201d, expres\u00f3.<\/p>\n\n\n\n<p>El coordinador del Grupo Parlamentario del Partido Revolucionario Institucional, puntualiz\u00f3 que la iniciativa propone incorporar un nuevo supuesto para que aquellas empresas que implementen voluntariamente mecanismos avanzados de gesti\u00f3n de residuos, restauraci\u00f3n ambiental progresiva, reutilizaci\u00f3n de materiales o innovaci\u00f3n en el tratamiento de jales mineros, puedan ser consideradas acreedoras a estos incentivos.<\/p>\n\n\n\n<p>\u201cEs necesario impulsar una visi\u00f3n en la que las empresas mineras asuman un papel corresponsable en la construcci\u00f3n de un futuro sostenible, en el que su presencia en el territorio tambi\u00e9n implique la generaci\u00f3n de capacidades locales y la restauraci\u00f3n de los espacios intervenidos, permitiendo que las comunidades mantengan oportunidades de desarrollo antes, durante y despu\u00e9s de concluir la actividad productiva\u201d, afirm\u00f3.<\/p>\n\n\n\n<p>Durante su intervenci\u00f3n, record\u00f3 que, desde sus or\u00edgenes, la actividad minera ha impulsado la conformaci\u00f3n de comunidades y centros urbanos, adem\u00e1s de generar empleos, infraestructura y cadenas productivas que fortalecen la econom\u00eda regional.<\/p>\n\n\n\n<p>Alan\u00eds Herrera subray\u00f3 que este papel tambi\u00e9n exige avanzar hacia nuevos modelos de producci\u00f3n responsables que permitan equilibrar el aprovechamiento de los recursos naturales con la protecci\u00f3n del medio ambiente y el bienestar de las comunidades donde se desarrollan estas actividades.<\/p>\n\n\n\n<p>El legislador explic\u00f3 que actualmente la legislaci\u00f3n estatal establece la posibilidad de que las empresas mineras accedan a incentivos no fiscales cuando realizan acciones con sentido social, como contribuir al desarrollo econ\u00f3mico, tecnol\u00f3gico, productivo y social de la entidad, generar empleos o promover la innovaci\u00f3n cient\u00edfica.<\/p>\n\n\n\n<p>\u201cEsperamos que esta iniciativa trascienda en beneficio de esta actividad econ\u00f3mica, de la derrama que genera en las comunidades del estado y, sobre todo, en beneficio del medio ambiente de Durango\u201d, finaliz\u00f3 el representante popular.<\/p>\n","protected":false},"excerpt":{"rendered":"<p>El presidente de la Junta de Gobierno y Coordinaci\u00f3n Pol\u00edtica, Ernesto Alan\u00eds Herrera, present\u00f3 la<\/p>\n","protected":false},"author":1,"featured_media":14638,"comment_status":"open","ping_status":"open","sticky":false,"template":"","format":"standard","meta":{"om_disable_all_campaigns":false,"_monsterinsights_skip_tracking":false,"_monsterinsights_sitenote_active":false,"_monsterinsights_sitenote_note":"","_monsterinsights_sitenote_category":0,"_jetpack_memberships_contains_paid_content":false,"footnotes":"","jetpack_publicize_message":"","jetpack_publicize_feature_enabled":true,"jetpack_social_post_already_shared":true,"jetpack_social_options":{"image_generator_settings":{"template":"highway","enabled":false},"version":2}},"categories":[1],"tags":[],"class_list":["post-14637","post","type-post","status-publish","format-standard","has-post-thumbnail","hentry","category-archivo"],"jetpack_publicize_connections":[],"aioseo_notices":[],"jetpack_featured_media_url":"https:\/\/samanoticiasdurango.com\/wp-content\/uploads\/WhatsApp-Image-2026-03-11-at-1.30.50-PM.jpeg","featured_image_urls":{"full":["https:\/\/samanoticiasdurango.com\/wp-content\/uploads\/WhatsApp-Image-2026-03-11-at-1.30.50-PM.jpeg",1096,730,false],"thumbnail":["https:\/\/samanoticiasdurango.com\/wp-content\/uploads\/WhatsApp-Image-2026-03-11-at-1.30.50-PM-150x150.jpeg",150,150,true],"medium":["https:\/\/samanoticiasdurango.com\/wp-content\/uploads\/WhatsApp-Image-2026-03-11-at-1.30.50-PM-300x200.jpeg",300,200,true],"medium_large":["https:\/\/samanoticiasdurango.com\/wp-content\/uploads\/WhatsApp-Image-2026-03-11-at-1.30.50-PM-768x512.jpeg",640,427,true],"large":["https:\/\/samanoticiasdurango.com\/wp-content\/uploads\/WhatsApp-Image-2026-03-11-at-1.30.50-PM-1024x682.jpeg",640,426,true],"1536x1536":["https:\/\/samanoticiasdurango.com\/wp-content\/uploads\/WhatsApp-Image-2026-03-11-at-1.30.50-PM.jpeg",1096,730,false],"2048x2048":["https:\/\/samanoticiasdurango.com\/wp-content\/uploads\/WhatsApp-Image-2026-03-11-at-1.30.50-PM.jpeg",1096,730,false],"chromenews-featured":["https:\/\/samanoticiasdurango.com\/wp-content\/uploads\/WhatsApp-Image-2026-03-11-at-1.30.50-PM-1024x682.jpeg",1024,682,true],"chromenews-large":["https:\/\/samanoticiasdurango.com\/wp-content\/uploads\/WhatsApp-Image-2026-03-11-at-1.30.50-PM-825x575.jpeg",825,575,true],"chromenews-medium":["https:\/\/samanoticiasdurango.com\/wp-content\/uploads\/WhatsApp-Image-2026-03-11-at-1.30.50-PM-590x410.jpeg",590,410,true]},"author_info":{"display_name":"Redacci\u00f3n","author_link":"https:\/\/samanoticiasdurango.com\/index.php\/author\/jjsama13gmail-com\/"},"category_info":"<a href=\"https:\/\/samanoticiasdurango.com\/index.php\/category\/archivo\/\" rel=\"category tag\">DURANGO<\/a>","tag_info":"DURANGO","comment_count":"0","jetpack_sharing_enabled":true,"_links":{"self":[{"href":"https:\/\/samanoticiasdurango.com\/index.php\/wp-json\/wp\/v2\/posts\/14637","targetHints":{"allow":["GET"]}}],"collection":[{"href":"https:\/\/samanoticiasdurango.com\/index.php\/wp-json\/wp\/v2\/posts"}],"about":[{"href":"https:\/\/samanoticiasdurango.com\/index.php\/wp-json\/wp\/v2\/types\/post"}],"author":[{"embeddable":true,"href":"https:\/\/samanoticiasdurango.com\/index.php\/wp-json\/wp\/v2\/users\/1"}],"replies":[{"embeddable":true,"href":"https:\/\/samanoticiasdurango.com\/index.php\/wp-json\/wp\/v2\/comments?post=14637"}],"version-history":[{"count":1,"href":"https:\/\/samanoticiasdurango.com\/index.php\/wp-json\/wp\/v2\/posts\/14637\/revisions"}],"predecessor-version":[{"id":14639,"href":"https:\/\/samanoticiasdurango.com\/index.php\/wp-json\/wp\/v2\/posts\/14637\/revisions\/14639"}],"wp:featuredmedia":[{"embeddable":true,"href":"https:\/\/samanoticiasdurango.com\/index.php\/wp-json\/wp\/v2\/media\/14638"}],"wp:attachment":[{"href":"https:\/\/samanoticiasdurango.com\/index.php\/wp-json\/wp\/v2\/media?parent=14637"}],"wp:term":[{"taxonomy":"category","embeddable":true,"href":"https:\/\/samanoticiasdurango.com\/index.php\/wp-json\/wp\/v2\/categories?post=14637"},{"taxonomy":"post_tag","embeddable":true,"href":"https:\/\/samanoticiasdurango.com\/index.php\/wp-json\/wp\/v2\/tags?post=14637"}],"curies":[{"name":"wp","href":"https:\/\/api.w.org\/{rel}","templated":true}]}}