{"id":14641,"date":"2026-03-12T14:57:39","date_gmt":"2026-03-12T14:57:39","guid":{"rendered":"https:\/\/samanoticiasdurango.com\/?p=14641"},"modified":"2026-03-12T14:58:15","modified_gmt":"2026-03-12T14:58:15","slug":"a-mas-de-150-dias-de-la-ausencia-de-carlos-emilio","status":"publish","type":"post","link":"https:\/\/samanoticiasdurango.com\/index.php\/2026\/03\/12\/a-mas-de-150-dias-de-la-ausencia-de-carlos-emilio\/","title":{"rendered":"A m\u00e1s de 150 d\u00edas de la ausencia de Carlos Emilio"},"content":{"rendered":"\n<p><strong>Por: Juan Jos\u00e9 Salas Mancinas<\/strong><\/p>\n\n\n\n<p>Mazatl\u00e1n es una ciudad de contrastes: las luces ne\u00f3n del malec\u00f3n y la oscuridad de sus callejones; la alegr\u00eda del turista y el silencio de las familias que buscan. Hoy, ese contraste se vuelve insoportable. Este 5 de marzo se cumplen <strong>150 d\u00edas<\/strong> \u2014cinco meses exactos\u2014 desde que el joven duranguense <strong>Carlos Emilio<\/strong> fue visto por \u00faltima vez en un establecimiento nocturno del puerto.<\/p>\n\n\n\n<p>Este caso no es solo una nota roja. Es la radiograf\u00eda de un sistema que le falla a sus j\u00f3venes. Los 150 d\u00edas representan miles de horas de angustia para una madre, un padre y una comunidad entera que se niega a que el nombre de Carlos Emilio sea borrado por la marea del olvido.<\/p>\n\n\n\n<p>&nbsp;entonces, el caso ha transitado por los pasillos del poder sinaloense, perdi\u00e9ndose entre sombras burocr\u00e1ticas y una alarmante falta de resultados que hoy, m\u00e1s que nunca, huele a impunidad.<\/p>\n\n\n\n<p><strong>El Poder del Silencio<\/strong><\/p>\n\n\n\n<p>En un destino tur\u00edstico como Mazatl\u00e1n, la narrativa oficial suele priorizar la &#8220;buena imagen&#8221;. Sin embargo, el costo de esa est\u00e9tica ha sido el silencio. A cinco meses de la desaparici\u00f3n, la <strong>Fiscal\u00eda General del Estado de Sinaloa<\/strong> no ha podido \u2014o no ha querido\u2014 presentar a un solo responsable.<\/p>\n\n\n\n<p>\u00bfC\u00f3mo es posible que en una zona de alta vigilancia, rodeada de c\u00e1maras y seguridad privada, un joven desaparezca sin dejar rastro? Las sombras del poder parecen cubrir los huecos de una investigaci\u00f3n que se siente estancada, mientras en <strong>Durango<\/strong>, la indignaci\u00f3n ha pasado de los susurros a los gritos de justicia.<\/p>\n\n\n\n<p><strong>Las Sombras de la Impunidad<\/strong><\/p>\n\n\n\n<p>La desaparici\u00f3n de Carlos Emilio pone sobre la mesa una realidad inc\u00f3moda: la vulnerabilidad del visitante. Mientras los discursos oficiales hablan de &#8220;puertos seguros&#8221;, la realidad para la familia de Carlos es una carpeta de investigaci\u00f3n que acumula polvo pero no evidencias.<\/p>\n","protected":false},"excerpt":{"rendered":"<p>Por: Juan Jos\u00e9 Salas Mancinas Mazatl\u00e1n es una ciudad de contrastes: las luces ne\u00f3n del<\/p>\n","protected":false},"author":1,"featured_media":14642,"comment_status":"open","ping_status":"open","sticky":false,"template":"","format":"standard","meta":{"om_disable_all_campaigns":false,"_monsterinsights_skip_tracking":false,"_monsterinsights_sitenote_active":false,"_monsterinsights_sitenote_note":"","_monsterinsights_sitenote_category":0,"_jetpack_memberships_contains_paid_content":false,"footnotes":"","jetpack_publicize_message":"","jetpack_publicize_feature_enabled":true,"jetpack_social_post_already_shared":true,"jetpack_social_options":{"image_generator_settings":{"template":"highway","enabled":false},"version":2}},"categories":[1],"tags":[],"class_list":["post-14641","post","type-post","status-publish","format-standard","has-post-thumbnail","hentry","category-archivo"],"jetpack_publicize_connections":[],"aioseo_notices":[],"jetpack_featured_media_url":"https:\/\/samanoticiasdurango.com\/wp-content\/uploads\/000-13.jpg","featured_image_urls":{"full":["https:\/\/samanoticiasdurango.com\/wp-content\/uploads\/000-13.jpg",680,508,false],"thumbnail":["https:\/\/samanoticiasdurango.com\/wp-content\/uploads\/000-13-150x150.jpg",150,150,true],"medium":["https:\/\/samanoticiasdurango.com\/wp-content\/uploads\/000-13-300x224.jpg",300,224,true],"medium_large":["https:\/\/samanoticiasdurango.com\/wp-content\/uploads\/000-13.jpg",640,478,false],"large":["https:\/\/samanoticiasdurango.com\/wp-content\/uploads\/000-13.jpg",640,478,false],"1536x1536":["https:\/\/samanoticiasdurango.com\/wp-content\/uploads\/000-13.jpg",680,508,false],"2048x2048":["https:\/\/samanoticiasdurango.com\/wp-content\/uploads\/000-13.jpg",680,508,false],"chromenews-featured":["https:\/\/samanoticiasdurango.com\/wp-content\/uploads\/000-13.jpg",680,508,false],"chromenews-large":["https:\/\/samanoticiasdurango.com\/wp-content\/uploads\/000-13.jpg",680,508,false],"chromenews-medium":["https:\/\/samanoticiasdurango.com\/wp-content\/uploads\/000-13-590x410.jpg",590,410,true]},"author_info":{"display_name":"Redacci\u00f3n","author_link":"https:\/\/samanoticiasdurango.com\/index.php\/author\/jjsama13gmail-com\/"},"category_info":"<a href=\"https:\/\/samanoticiasdurango.com\/index.php\/category\/archivo\/\" rel=\"category tag\">DURANGO<\/a>","tag_info":"DURANGO","comment_count":"0","jetpack_sharing_enabled":true,"_links":{"self":[{"href":"https:\/\/samanoticiasdurango.com\/index.php\/wp-json\/wp\/v2\/posts\/14641","targetHints":{"allow":["GET"]}}],"collection":[{"href":"https:\/\/samanoticiasdurango.com\/index.php\/wp-json\/wp\/v2\/posts"}],"about":[{"href":"https:\/\/samanoticiasdurango.com\/index.php\/wp-json\/wp\/v2\/types\/post"}],"author":[{"embeddable":true,"href":"https:\/\/samanoticiasdurango.com\/index.php\/wp-json\/wp\/v2\/users\/1"}],"replies":[{"embeddable":true,"href":"https:\/\/samanoticiasdurango.com\/index.php\/wp-json\/wp\/v2\/comments?post=14641"}],"version-history":[{"count":2,"href":"https:\/\/samanoticiasdurango.com\/index.php\/wp-json\/wp\/v2\/posts\/14641\/revisions"}],"predecessor-version":[{"id":14645,"href":"https:\/\/samanoticiasdurango.com\/index.php\/wp-json\/wp\/v2\/posts\/14641\/revisions\/14645"}],"wp:featuredmedia":[{"embeddable":true,"href":"https:\/\/samanoticiasdurango.com\/index.php\/wp-json\/wp\/v2\/media\/14642"}],"wp:attachment":[{"href":"https:\/\/samanoticiasdurango.com\/index.php\/wp-json\/wp\/v2\/media?parent=14641"}],"wp:term":[{"taxonomy":"category","embeddable":true,"href":"https:\/\/samanoticiasdurango.com\/index.php\/wp-json\/wp\/v2\/categories?post=14641"},{"taxonomy":"post_tag","embeddable":true,"href":"https:\/\/samanoticiasdurango.com\/index.php\/wp-json\/wp\/v2\/tags?post=14641"}],"curies":[{"name":"wp","href":"https:\/\/api.w.org\/{rel}","templated":true}]}}