{"id":14652,"date":"2026-03-13T22:51:26","date_gmt":"2026-03-13T22:51:26","guid":{"rendered":"https:\/\/samanoticiasdurango.com\/?p=14652"},"modified":"2026-03-13T22:51:27","modified_gmt":"2026-03-13T22:51:27","slug":"flora-leal-potencia-bilinguismo-escolar","status":"publish","type":"post","link":"https:\/\/samanoticiasdurango.com\/index.php\/2026\/03\/13\/flora-leal-potencia-bilinguismo-escolar\/","title":{"rendered":"Flora Leal potencia biling\u00fcismo escolar"},"content":{"rendered":"\n<p class=\"has-cyan-bluish-gray-background-color has-background\">Por Juan Jos\u00e9 Salas Mancinas<\/p>\n\n\n\n<p>Aprender un segundo idioma no deber\u00eda depender de cu\u00e1nto dinero tiene tu familia.<\/p>\n\n\n\n<p>Hoy, la diputada <strong>Flora Leal M\u00e9ndez<\/strong> present\u00f3 una reforma clave a la Ley de los Derechos de Ni\u00f1as, Ni\u00f1os y Adolescentes para que el nivel b\u00e1sico incluya, por ley, la ense\u00f1anza de lenguas extranjeras.<\/p>\n\n\n\n<p><strong>\u00bfPor qu\u00e9 es un cambio de juego?<\/strong><\/p>\n\n\n\n<ul class=\"wp-block-list\">\n<li><strong>Adi\u00f3s a la desigualdad:<\/strong> Hist\u00f3ricamente, el biling\u00fcismo era exclusivo de escuelas privadas.<\/li>\n\n\n\n<li><strong>Educaci\u00f3n integral:<\/strong> No es solo teor\u00eda; es dar herramientas para el mundo real.<\/li>\n\n\n\n<li><strong>Derecho, no servicio:<\/strong> El Estado debe garantizar calidad, no solo cobertura.<\/li>\n<\/ul>\n\n\n\n<blockquote class=\"wp-block-quote is-layout-flow wp-block-quote-is-layout-flow\">\n<p>\u201cBuscamos que las mismas oportunidades lleguen a quienes estudian en escuelas p\u00fablicas\u201d, afirm\u00f3 la legisladora.<\/p>\n<\/blockquote>\n\n\n\n<p>La educaci\u00f3n es el motor para combatir desigualdades. Si queremos una sociedad justa, el acceso al mundo debe empezar desde el aula p\u00fablica.<\/p>\n\n\n\n<p><strong>El futuro no debe tener barreras de lenguaje.<\/strong> \ud83c\uddf2\ud83c\uddfd\ud83d\udcda<\/p>\n\n\n\n<p><\/p>\n","protected":false},"excerpt":{"rendered":"<p>Por Juan Jos\u00e9 Salas Mancinas Aprender un segundo idioma no deber\u00eda depender de cu\u00e1nto dinero<\/p>\n","protected":false},"author":1,"featured_media":14653,"comment_status":"open","ping_status":"open","sticky":false,"template":"","format":"standard","meta":{"om_disable_all_campaigns":false,"_monsterinsights_skip_tracking":false,"_monsterinsights_sitenote_active":false,"_monsterinsights_sitenote_note":"","_monsterinsights_sitenote_category":0,"_jetpack_memberships_contains_paid_content":false,"footnotes":"","jetpack_publicize_message":"","jetpack_publicize_feature_enabled":true,"jetpack_social_post_already_shared":true,"jetpack_social_options":{"image_generator_settings":{"template":"highway","enabled":false},"version":2}},"categories":[1],"tags":[],"class_list":["post-14652","post","type-post","status-publish","format-standard","has-post-thumbnail","hentry","category-archivo"],"jetpack_publicize_connections":[],"aioseo_notices":[],"jetpack_featured_media_url":"https:\/\/samanoticiasdurango.com\/wp-content\/uploads\/VEERTICAL-X.00_00_02_22.Imagen-fija005.jpg","featured_image_urls":{"full":["https:\/\/samanoticiasdurango.com\/wp-content\/uploads\/VEERTICAL-X.00_00_02_22.Imagen-fija005.jpg",1000,522,false],"thumbnail":["https:\/\/samanoticiasdurango.com\/wp-content\/uploads\/VEERTICAL-X.00_00_02_22.Imagen-fija005-150x150.jpg",150,150,true],"medium":["https:\/\/samanoticiasdurango.com\/wp-content\/uploads\/VEERTICAL-X.00_00_02_22.Imagen-fija005-300x157.jpg",300,157,true],"medium_large":["https:\/\/samanoticiasdurango.com\/wp-content\/uploads\/VEERTICAL-X.00_00_02_22.Imagen-fija005-768x401.jpg",640,334,true],"large":["https:\/\/samanoticiasdurango.com\/wp-content\/uploads\/VEERTICAL-X.00_00_02_22.Imagen-fija005.jpg",640,334,false],"1536x1536":["https:\/\/samanoticiasdurango.com\/wp-content\/uploads\/VEERTICAL-X.00_00_02_22.Imagen-fija005.jpg",1000,522,false],"2048x2048":["https:\/\/samanoticiasdurango.com\/wp-content\/uploads\/VEERTICAL-X.00_00_02_22.Imagen-fija005.jpg",1000,522,false],"chromenews-featured":["https:\/\/samanoticiasdurango.com\/wp-content\/uploads\/VEERTICAL-X.00_00_02_22.Imagen-fija005.jpg",1000,522,false],"chromenews-large":["https:\/\/samanoticiasdurango.com\/wp-content\/uploads\/VEERTICAL-X.00_00_02_22.Imagen-fija005-825x522.jpg",825,522,true],"chromenews-medium":["https:\/\/samanoticiasdurango.com\/wp-content\/uploads\/VEERTICAL-X.00_00_02_22.Imagen-fija005-590x410.jpg",590,410,true]},"author_info":{"display_name":"Redacci\u00f3n","author_link":"https:\/\/samanoticiasdurango.com\/index.php\/author\/jjsama13gmail-com\/"},"category_info":"<a href=\"https:\/\/samanoticiasdurango.com\/index.php\/category\/archivo\/\" rel=\"category tag\">DURANGO<\/a>","tag_info":"DURANGO","comment_count":"0","jetpack_sharing_enabled":true,"_links":{"self":[{"href":"https:\/\/samanoticiasdurango.com\/index.php\/wp-json\/wp\/v2\/posts\/14652","targetHints":{"allow":["GET"]}}],"collection":[{"href":"https:\/\/samanoticiasdurango.com\/index.php\/wp-json\/wp\/v2\/posts"}],"about":[{"href":"https:\/\/samanoticiasdurango.com\/index.php\/wp-json\/wp\/v2\/types\/post"}],"author":[{"embeddable":true,"href":"https:\/\/samanoticiasdurango.com\/index.php\/wp-json\/wp\/v2\/users\/1"}],"replies":[{"embeddable":true,"href":"https:\/\/samanoticiasdurango.com\/index.php\/wp-json\/wp\/v2\/comments?post=14652"}],"version-history":[{"count":1,"href":"https:\/\/samanoticiasdurango.com\/index.php\/wp-json\/wp\/v2\/posts\/14652\/revisions"}],"predecessor-version":[{"id":14654,"href":"https:\/\/samanoticiasdurango.com\/index.php\/wp-json\/wp\/v2\/posts\/14652\/revisions\/14654"}],"wp:featuredmedia":[{"embeddable":true,"href":"https:\/\/samanoticiasdurango.com\/index.php\/wp-json\/wp\/v2\/media\/14653"}],"wp:attachment":[{"href":"https:\/\/samanoticiasdurango.com\/index.php\/wp-json\/wp\/v2\/media?parent=14652"}],"wp:term":[{"taxonomy":"category","embeddable":true,"href":"https:\/\/samanoticiasdurango.com\/index.php\/wp-json\/wp\/v2\/categories?post=14652"},{"taxonomy":"post_tag","embeddable":true,"href":"https:\/\/samanoticiasdurango.com\/index.php\/wp-json\/wp\/v2\/tags?post=14652"}],"curies":[{"name":"wp","href":"https:\/\/api.w.org\/{rel}","templated":true}]}}