{"id":14655,"date":"2026-03-13T22:59:26","date_gmt":"2026-03-13T22:59:26","guid":{"rendered":"https:\/\/samanoticiasdurango.com\/?p=14655"},"modified":"2026-03-13T22:59:27","modified_gmt":"2026-03-13T22:59:27","slug":"mata-valadez-fortalece-derechos-indigenas","status":"publish","type":"post","link":"https:\/\/samanoticiasdurango.com\/index.php\/2026\/03\/13\/mata-valadez-fortalece-derechos-indigenas\/","title":{"rendered":"Mata Valadez fortalece derechos ind\u00edgenas"},"content":{"rendered":"\n<p class=\"has-vivid-cyan-blue-background-color has-background\">Por Juan Jos\u00e9 Salas Mancinas <\/p>\n\n\n\n<h2 class=\"wp-block-heading\">Deuda hist\u00f3rica: M\u00e1s que palabras, poder real \u270a\ud83c\udffe<\/h2>\n\n\n\n<p>Por d\u00e9cadas, los pueblos originarios han sido el cimiento de nuestra identidad, pero han quedado fuera de las decisiones que m\u00e1s les afectan.<\/p>\n\n\n\n<p><strong>Eso est\u00e1 por cambiar.<\/strong><\/p>\n\n\n\n<p>El diputado <strong>Alejandro Mata Valadez<\/strong> present\u00f3 una reforma constitucional para que el reconocimiento jur\u00eddico pase del papel a la acci\u00f3n.<\/p>\n\n\n\n<h3 class=\"wp-block-heading\">\u00bfQu\u00e9 implica esta reforma?<\/h3>\n\n\n\n<ul class=\"wp-block-list\">\n<li><strong>Identidad clara:<\/strong> Definiciones precisas de pueblo originario y etnia en la Constituci\u00f3n.<\/li>\n\n\n\n<li><strong>Voz pol\u00edtica:<\/strong> Fortalecer su representaci\u00f3n en la vida p\u00fablica del estado.<\/li>\n\n\n\n<li><strong>Autodeterminaci\u00f3n:<\/strong> Mecanismos para que ellos mismos administren sus recursos.<\/li>\n<\/ul>\n\n\n\n<blockquote class=\"wp-block-quote is-layout-flow wp-block-quote-is-layout-flow\">\n<p>&#8220;Esta legislatura tiene la oportunidad de pasar a la historia&#8221;, afirm\u00f3 el legislador de Morena.<\/p>\n<\/blockquote>\n\n\n\n<p>No se trata de una ayuda, sino de un derecho. La justicia social en Durango solo ser\u00e1 real cuando nuestras comunidades tengan capacidad de decisi\u00f3n sobre su propio destino.<\/p>\n\n\n\n<p><strong>Es hora de que los pueblos originarios dejen de ser espectadores para ser protagonistas.<\/strong> \ud83c\uddf2\ud83c\uddfd<\/p>\n\n\n\n<hr class=\"wp-block-separator has-alpha-channel-opacity\"\/>\n\n\n\n<p><\/p>\n","protected":false},"excerpt":{"rendered":"<p>Por Juan Jos\u00e9 Salas Mancinas Deuda hist\u00f3rica: M\u00e1s que palabras, poder real \u270a\ud83c\udffe Por d\u00e9cadas,<\/p>\n","protected":false},"author":1,"featured_media":14656,"comment_status":"open","ping_status":"open","sticky":false,"template":"","format":"standard","meta":{"om_disable_all_campaigns":false,"_monsterinsights_skip_tracking":false,"_monsterinsights_sitenote_active":false,"_monsterinsights_sitenote_note":"","_monsterinsights_sitenote_category":0,"_jetpack_memberships_contains_paid_content":false,"footnotes":"","jetpack_publicize_message":"","jetpack_publicize_feature_enabled":true,"jetpack_social_post_already_shared":true,"jetpack_social_options":{"image_generator_settings":{"template":"highway","enabled":false},"version":2}},"categories":[1],"tags":[],"class_list":["post-14655","post","type-post","status-publish","format-standard","has-post-thumbnail","hentry","category-archivo"],"jetpack_publicize_connections":[],"aioseo_notices":[],"jetpack_featured_media_url":"https:\/\/samanoticiasdurango.com\/wp-content\/uploads\/VEERTICAL-X.00_00_02_22.Imagen-fija006.jpg","featured_image_urls":{"full":["https:\/\/samanoticiasdurango.com\/wp-content\/uploads\/VEERTICAL-X.00_00_02_22.Imagen-fija006.jpg",1000,522,false],"thumbnail":["https:\/\/samanoticiasdurango.com\/wp-content\/uploads\/VEERTICAL-X.00_00_02_22.Imagen-fija006-150x150.jpg",150,150,true],"medium":["https:\/\/samanoticiasdurango.com\/wp-content\/uploads\/VEERTICAL-X.00_00_02_22.Imagen-fija006-300x157.jpg",300,157,true],"medium_large":["https:\/\/samanoticiasdurango.com\/wp-content\/uploads\/VEERTICAL-X.00_00_02_22.Imagen-fija006-768x401.jpg",640,334,true],"large":["https:\/\/samanoticiasdurango.com\/wp-content\/uploads\/VEERTICAL-X.00_00_02_22.Imagen-fija006.jpg",640,334,false],"1536x1536":["https:\/\/samanoticiasdurango.com\/wp-content\/uploads\/VEERTICAL-X.00_00_02_22.Imagen-fija006.jpg",1000,522,false],"2048x2048":["https:\/\/samanoticiasdurango.com\/wp-content\/uploads\/VEERTICAL-X.00_00_02_22.Imagen-fija006.jpg",1000,522,false],"chromenews-featured":["https:\/\/samanoticiasdurango.com\/wp-content\/uploads\/VEERTICAL-X.00_00_02_22.Imagen-fija006.jpg",1000,522,false],"chromenews-large":["https:\/\/samanoticiasdurango.com\/wp-content\/uploads\/VEERTICAL-X.00_00_02_22.Imagen-fija006-825x522.jpg",825,522,true],"chromenews-medium":["https:\/\/samanoticiasdurango.com\/wp-content\/uploads\/VEERTICAL-X.00_00_02_22.Imagen-fija006-590x410.jpg",590,410,true]},"author_info":{"display_name":"Redacci\u00f3n","author_link":"https:\/\/samanoticiasdurango.com\/index.php\/author\/jjsama13gmail-com\/"},"category_info":"<a href=\"https:\/\/samanoticiasdurango.com\/index.php\/category\/archivo\/\" rel=\"category tag\">DURANGO<\/a>","tag_info":"DURANGO","comment_count":"0","jetpack_sharing_enabled":true,"_links":{"self":[{"href":"https:\/\/samanoticiasdurango.com\/index.php\/wp-json\/wp\/v2\/posts\/14655","targetHints":{"allow":["GET"]}}],"collection":[{"href":"https:\/\/samanoticiasdurango.com\/index.php\/wp-json\/wp\/v2\/posts"}],"about":[{"href":"https:\/\/samanoticiasdurango.com\/index.php\/wp-json\/wp\/v2\/types\/post"}],"author":[{"embeddable":true,"href":"https:\/\/samanoticiasdurango.com\/index.php\/wp-json\/wp\/v2\/users\/1"}],"replies":[{"embeddable":true,"href":"https:\/\/samanoticiasdurango.com\/index.php\/wp-json\/wp\/v2\/comments?post=14655"}],"version-history":[{"count":1,"href":"https:\/\/samanoticiasdurango.com\/index.php\/wp-json\/wp\/v2\/posts\/14655\/revisions"}],"predecessor-version":[{"id":14657,"href":"https:\/\/samanoticiasdurango.com\/index.php\/wp-json\/wp\/v2\/posts\/14655\/revisions\/14657"}],"wp:featuredmedia":[{"embeddable":true,"href":"https:\/\/samanoticiasdurango.com\/index.php\/wp-json\/wp\/v2\/media\/14656"}],"wp:attachment":[{"href":"https:\/\/samanoticiasdurango.com\/index.php\/wp-json\/wp\/v2\/media?parent=14655"}],"wp:term":[{"taxonomy":"category","embeddable":true,"href":"https:\/\/samanoticiasdurango.com\/index.php\/wp-json\/wp\/v2\/categories?post=14655"},{"taxonomy":"post_tag","embeddable":true,"href":"https:\/\/samanoticiasdurango.com\/index.php\/wp-json\/wp\/v2\/tags?post=14655"}],"curies":[{"name":"wp","href":"https:\/\/api.w.org\/{rel}","templated":true}]}}