{"id":14679,"date":"2026-03-18T15:14:59","date_gmt":"2026-03-18T15:14:59","guid":{"rendered":"https:\/\/samanoticiasdurango.com\/?p=14679"},"modified":"2026-03-18T15:15:00","modified_gmt":"2026-03-18T15:15:00","slug":"acapulco-el-transporte-como-rehen-de-la-impunidad","status":"publish","type":"post","link":"https:\/\/samanoticiasdurango.com\/index.php\/2026\/03\/18\/acapulco-el-transporte-como-rehen-de-la-impunidad\/","title":{"rendered":"Acapulco: El transporte como reh\u00e9n de la impunidad"},"content":{"rendered":"\n<p class=\"has-black-color has-cyan-bluish-gray-background-color has-text-color has-background has-medium-font-size\">Por Juan Jos\u00e9 Salas Mancinas<\/p>\n\n\n\n<p class=\"has-medium-font-size\">La reciente ola de violencia que ha reducido a cenizas unidades de transporte en\u00a0<strong>Acapulco<\/strong>\u00a0no es un hecho aislado, sino la manifestaci\u00f3n de una crisis estructural que ha mutado en una\u00a0<strong>guerra de baja intensidad<\/strong>. <\/p>\n\n\n\n<p class=\"has-medium-font-size\">El incendio provocado de taxis y camiones en puntos neur\u00e1lgicos como la zona de\u00a0<strong>Jard\u00edn Azteca<\/strong>\u00a0y la\u00a0<strong>Costera<\/strong>\u00a0revela un patr\u00f3n de control territorial donde el transporte p\u00fablico se ha convertido en el sistema circulatorio que el crimen organizado decide cu\u00e1ndo detener.<\/p>\n\n\n\n<h3 class=\"wp-block-heading\">El Mensaje detr\u00e1s del Fuego<\/h3>\n\n\n\n<p class=\"has-medium-font-size\">Cuando un taxi es incendiado en pleno d\u00eda, el mensaje no es para el chofer, sino para el Estado y la sociedad. Es una exhibici\u00f3n de\u00a0<strong>soberan\u00eda criminal<\/strong>. <\/p>\n\n\n\n<p class=\"has-medium-font-size\">Al paralizar el transporte, se paraliza la econom\u00eda local, el turismo y la movilidad ciudadana, demostrando que la vigilancia de la Guardia Nacional y las fuerzas federales sigue siendo reactiva y no preventiva.<\/p>\n","protected":false},"excerpt":{"rendered":"<p>Por Juan Jos\u00e9 Salas Mancinas La reciente ola de violencia que ha reducido a cenizas<\/p>\n","protected":false},"author":1,"featured_media":14680,"comment_status":"open","ping_status":"open","sticky":false,"template":"","format":"standard","meta":{"om_disable_all_campaigns":false,"_monsterinsights_skip_tracking":false,"_monsterinsights_sitenote_active":false,"_monsterinsights_sitenote_note":"","_monsterinsights_sitenote_category":0,"_jetpack_memberships_contains_paid_content":false,"footnotes":"","jetpack_publicize_message":"","jetpack_publicize_feature_enabled":true,"jetpack_social_post_already_shared":true,"jetpack_social_options":{"image_generator_settings":{"template":"highway","enabled":false},"version":2}},"categories":[1],"tags":[],"class_list":["post-14679","post","type-post","status-publish","format-standard","has-post-thumbnail","hentry","category-archivo"],"jetpack_publicize_connections":[],"aioseo_notices":[],"jetpack_featured_media_url":"https:\/\/samanoticiasdurango.com\/wp-content\/uploads\/WEB.00_00_01_07.Imagen-fija001-5.jpg","featured_image_urls":{"full":["https:\/\/samanoticiasdurango.com\/wp-content\/uploads\/WEB.00_00_01_07.Imagen-fija001-5.jpg",1200,675,false],"thumbnail":["https:\/\/samanoticiasdurango.com\/wp-content\/uploads\/WEB.00_00_01_07.Imagen-fija001-5-150x150.jpg",150,150,true],"medium":["https:\/\/samanoticiasdurango.com\/wp-content\/uploads\/WEB.00_00_01_07.Imagen-fija001-5-300x169.jpg",300,169,true],"medium_large":["https:\/\/samanoticiasdurango.com\/wp-content\/uploads\/WEB.00_00_01_07.Imagen-fija001-5-768x432.jpg",640,360,true],"large":["https:\/\/samanoticiasdurango.com\/wp-content\/uploads\/WEB.00_00_01_07.Imagen-fija001-5-1024x576.jpg",640,360,true],"1536x1536":["https:\/\/samanoticiasdurango.com\/wp-content\/uploads\/WEB.00_00_01_07.Imagen-fija001-5.jpg",1200,675,false],"2048x2048":["https:\/\/samanoticiasdurango.com\/wp-content\/uploads\/WEB.00_00_01_07.Imagen-fija001-5.jpg",1200,675,false],"chromenews-featured":["https:\/\/samanoticiasdurango.com\/wp-content\/uploads\/WEB.00_00_01_07.Imagen-fija001-5-1024x576.jpg",1024,576,true],"chromenews-large":["https:\/\/samanoticiasdurango.com\/wp-content\/uploads\/WEB.00_00_01_07.Imagen-fija001-5-825x575.jpg",825,575,true],"chromenews-medium":["https:\/\/samanoticiasdurango.com\/wp-content\/uploads\/WEB.00_00_01_07.Imagen-fija001-5-590x410.jpg",590,410,true]},"author_info":{"display_name":"Redacci\u00f3n","author_link":"https:\/\/samanoticiasdurango.com\/index.php\/author\/jjsama13gmail-com\/"},"category_info":"<a href=\"https:\/\/samanoticiasdurango.com\/index.php\/category\/archivo\/\" rel=\"category tag\">DURANGO<\/a>","tag_info":"DURANGO","comment_count":"0","jetpack_sharing_enabled":true,"_links":{"self":[{"href":"https:\/\/samanoticiasdurango.com\/index.php\/wp-json\/wp\/v2\/posts\/14679","targetHints":{"allow":["GET"]}}],"collection":[{"href":"https:\/\/samanoticiasdurango.com\/index.php\/wp-json\/wp\/v2\/posts"}],"about":[{"href":"https:\/\/samanoticiasdurango.com\/index.php\/wp-json\/wp\/v2\/types\/post"}],"author":[{"embeddable":true,"href":"https:\/\/samanoticiasdurango.com\/index.php\/wp-json\/wp\/v2\/users\/1"}],"replies":[{"embeddable":true,"href":"https:\/\/samanoticiasdurango.com\/index.php\/wp-json\/wp\/v2\/comments?post=14679"}],"version-history":[{"count":1,"href":"https:\/\/samanoticiasdurango.com\/index.php\/wp-json\/wp\/v2\/posts\/14679\/revisions"}],"predecessor-version":[{"id":14681,"href":"https:\/\/samanoticiasdurango.com\/index.php\/wp-json\/wp\/v2\/posts\/14679\/revisions\/14681"}],"wp:featuredmedia":[{"embeddable":true,"href":"https:\/\/samanoticiasdurango.com\/index.php\/wp-json\/wp\/v2\/media\/14680"}],"wp:attachment":[{"href":"https:\/\/samanoticiasdurango.com\/index.php\/wp-json\/wp\/v2\/media?parent=14679"}],"wp:term":[{"taxonomy":"category","embeddable":true,"href":"https:\/\/samanoticiasdurango.com\/index.php\/wp-json\/wp\/v2\/categories?post=14679"},{"taxonomy":"post_tag","embeddable":true,"href":"https:\/\/samanoticiasdurango.com\/index.php\/wp-json\/wp\/v2\/tags?post=14679"}],"curies":[{"name":"wp","href":"https:\/\/api.w.org\/{rel}","templated":true}]}}