{"id":1471,"date":"2022-06-13T13:43:12","date_gmt":"2022-06-13T13:43:12","guid":{"rendered":"http:\/\/samanoticiasdurango.com\/?p=1471"},"modified":"2022-06-13T13:43:18","modified_gmt":"2022-06-13T13:43:18","slug":"marcha-del-orgullo-250-mil-personas-estaran-presentes","status":"publish","type":"post","link":"https:\/\/samanoticiasdurango.com\/index.php\/2022\/06\/13\/marcha-del-orgullo-250-mil-personas-estaran-presentes\/","title":{"rendered":"Marcha del orgullo: 250 mil personas estar\u00e1n presentes"},"content":{"rendered":"\n<p>No hay un mes del a\u00f1o en el que los colores del arco\u00edris brillen con m\u00e1s intensidad que en junio. El sexto compromiso de este 2022 se caracteriza porque se lleva a cabo la marcha del orgullo de la comunidad de la diversidad sexual y, de acuerdo con el gobierno capitalino,&nbsp;<strong>se espera que en el Z\u00f3calo de la CDMX lleguen a estar juntas 250 mil personas el pr\u00f3ximo 25 de junio.<\/strong><br><br>\u201cLa capital est\u00e1 lista para m\u00e1s de 250 mil personas que esperemos lleguen a la marcha,&nbsp;<strong>los comit\u00e9s se\u00f1alan que vendr\u00e1n m\u00e1s de 500 mil<\/strong>, esperemos que as\u00ed sea, el c\u00e1lculo de la ciudad es de 250 mil tomando en cuenta que durante dos a\u00f1os no ha habido marcha\u201d, coment\u00f3 Jaime Morales, el director General de la Diversidad Sexual y los Derechos Humanos.<br><br>De la misma manera, el funcionario a\u00f1adi\u00f3 en conferencia de prensa que algunos de sus colegas estar\u00e1n presentes en la marcha, pero ello no significa que vayan a encabezar el movimiento o tengan alg\u00fan fin pol\u00edtico;&nbsp;<strong>m\u00e1s bien, se presentar\u00e1n como cualquier otro ciudadano mexicano har\u00eda.<\/strong><br><br>\u201cEn el caso de Marea Diversa es totalmente voluntario, esta marea de personas&nbsp;<strong>somos personas que trabajamos en el gobierno de la ciudad<\/strong>&nbsp;y que somos parte de la poblaci\u00f3n de la diversidad sexual, y tambi\u00e9n sus familias y gente que est\u00e1 a favor del cambio\u201d, subray\u00f3.<br><br>Cabe recordar que la cita para&nbsp;<strong>la marcha es el pr\u00f3ximo 25 de junio, en punto de las 10: 00 horas<\/strong>; el contingente saldr\u00e1 desde el \u00c1ngel de la Independencia, pasando por Paseo de la Reforma, hasta llegar al Z\u00f3calo capitalino.<br><br>#TheBunker<br>#DiversidadSexual<br>#CDMX<br>#LGBTIQ+<br>#Orgullo<br>#TheB\u00fankerMX<\/p>\n","protected":false},"excerpt":{"rendered":"<p>No hay un mes del a\u00f1o en el que los colores del arco\u00edris brillen con<\/p>\n","protected":false},"author":1,"featured_media":1472,"comment_status":"open","ping_status":"open","sticky":false,"template":"","format":"standard","meta":{"om_disable_all_campaigns":false,"_monsterinsights_skip_tracking":false,"_monsterinsights_sitenote_active":false,"_monsterinsights_sitenote_note":"","_monsterinsights_sitenote_category":0,"_jetpack_memberships_contains_paid_content":false,"footnotes":"","jetpack_publicize_message":"","jetpack_publicize_feature_enabled":true,"jetpack_social_post_already_shared":false,"jetpack_social_options":{"image_generator_settings":{"template":"highway","enabled":false},"version":2}},"categories":[5],"tags":[],"class_list":["post-1471","post","type-post","status-publish","format-standard","has-post-thumbnail","hentry","category-nacional"],"jetpack_publicize_connections":[],"aioseo_notices":[],"jetpack_featured_media_url":"https:\/\/samanoticiasdurango.com\/wp-content\/uploads\/2022\/06\/nota-7701326828941.jpg","featured_image_urls":{"full":["https:\/\/samanoticiasdurango.com\/wp-content\/uploads\/2022\/06\/nota-7701326828941.jpg",780,500,false],"thumbnail":["https:\/\/samanoticiasdurango.com\/wp-content\/uploads\/2022\/06\/nota-7701326828941-150x150.jpg",150,150,true],"medium":["https:\/\/samanoticiasdurango.com\/wp-content\/uploads\/2022\/06\/nota-7701326828941-300x192.jpg",300,192,true],"medium_large":["https:\/\/samanoticiasdurango.com\/wp-content\/uploads\/2022\/06\/nota-7701326828941-768x492.jpg",640,410,true],"large":["https:\/\/samanoticiasdurango.com\/wp-content\/uploads\/2022\/06\/nota-7701326828941.jpg",640,410,false],"1536x1536":["https:\/\/samanoticiasdurango.com\/wp-content\/uploads\/2022\/06\/nota-7701326828941.jpg",780,500,false],"2048x2048":["https:\/\/samanoticiasdurango.com\/wp-content\/uploads\/2022\/06\/nota-7701326828941.jpg",780,500,false],"chromenews-featured":["https:\/\/samanoticiasdurango.com\/wp-content\/uploads\/2022\/06\/nota-7701326828941.jpg",780,500,false],"chromenews-large":["https:\/\/samanoticiasdurango.com\/wp-content\/uploads\/2022\/06\/nota-7701326828941.jpg",780,500,false],"chromenews-medium":["https:\/\/samanoticiasdurango.com\/wp-content\/uploads\/2022\/06\/nota-7701326828941-590x410.jpg",590,410,true]},"author_info":{"display_name":"Redacci\u00f3n","author_link":"https:\/\/samanoticiasdurango.com\/index.php\/author\/jjsama13gmail-com\/"},"category_info":"<a href=\"https:\/\/samanoticiasdurango.com\/index.php\/category\/nacional\/\" rel=\"category tag\">NACIONAL<\/a>","tag_info":"NACIONAL","comment_count":"0","jetpack_sharing_enabled":true,"_links":{"self":[{"href":"https:\/\/samanoticiasdurango.com\/index.php\/wp-json\/wp\/v2\/posts\/1471","targetHints":{"allow":["GET"]}}],"collection":[{"href":"https:\/\/samanoticiasdurango.com\/index.php\/wp-json\/wp\/v2\/posts"}],"about":[{"href":"https:\/\/samanoticiasdurango.com\/index.php\/wp-json\/wp\/v2\/types\/post"}],"author":[{"embeddable":true,"href":"https:\/\/samanoticiasdurango.com\/index.php\/wp-json\/wp\/v2\/users\/1"}],"replies":[{"embeddable":true,"href":"https:\/\/samanoticiasdurango.com\/index.php\/wp-json\/wp\/v2\/comments?post=1471"}],"version-history":[{"count":1,"href":"https:\/\/samanoticiasdurango.com\/index.php\/wp-json\/wp\/v2\/posts\/1471\/revisions"}],"predecessor-version":[{"id":1473,"href":"https:\/\/samanoticiasdurango.com\/index.php\/wp-json\/wp\/v2\/posts\/1471\/revisions\/1473"}],"wp:featuredmedia":[{"embeddable":true,"href":"https:\/\/samanoticiasdurango.com\/index.php\/wp-json\/wp\/v2\/media\/1472"}],"wp:attachment":[{"href":"https:\/\/samanoticiasdurango.com\/index.php\/wp-json\/wp\/v2\/media?parent=1471"}],"wp:term":[{"taxonomy":"category","embeddable":true,"href":"https:\/\/samanoticiasdurango.com\/index.php\/wp-json\/wp\/v2\/categories?post=1471"},{"taxonomy":"post_tag","embeddable":true,"href":"https:\/\/samanoticiasdurango.com\/index.php\/wp-json\/wp\/v2\/tags?post=1471"}],"curies":[{"name":"wp","href":"https:\/\/api.w.org\/{rel}","templated":true}]}}