{"id":14844,"date":"2026-04-27T13:22:32","date_gmt":"2026-04-27T13:22:32","guid":{"rendered":"https:\/\/samanoticiasdurango.com\/?p=14844"},"modified":"2026-04-27T13:22:33","modified_gmt":"2026-04-27T13:22:33","slug":"que-es-el-golpe-de-calor-y-a-quienes-afecta","status":"publish","type":"post","link":"https:\/\/samanoticiasdurango.com\/index.php\/2026\/04\/27\/que-es-el-golpe-de-calor-y-a-quienes-afecta\/","title":{"rendered":"\u00bfQu\u00e9 es el golpe de calor y a qui\u00e9nes afecta?"},"content":{"rendered":"\n<p class=\"has-very-light-gray-to-cyan-bluish-gray-gradient-background has-background\">Por Juan Jos\u00e9 Salas. Mancinas<\/p>\n\n\n\n<p>Ante la presencia de una onda de calor que afecta al territorio nacional, la ciudad de Durango registrar\u00e1 temperaturas m\u00e1ximas de hasta <strong>32\u00b0C<\/strong> este 27 de abril. Autoridades de salud instan a la poblaci\u00f3n a extremar precauciones para prevenir el golpe de calor, especialmente en ni\u00f1os y adultos mayores.<\/p>\n\n\n\n<hr class=\"wp-block-separator has-alpha-channel-opacity\"\/>\n\n\n\n<p><strong>DURANGO, DGO.<\/strong> \u2014 La estabilidad atmosf\u00e9rica generada por un sistema anticicl\u00f3nico ha disparado los term\u00f3metros en la entidad. De acuerdo con el reporte meteorol\u00f3gico, para este lunes 27 de abril se espera un ambiente seco con una humedad relativa del <strong>22%<\/strong>, lo que intensifica la sensaci\u00f3n de bochorno a pesar de la nubosidad parcial.<\/p>\n\n\n\n<h3 class=\"wp-block-heading\">\u00bfQu\u00e9 es el golpe de calor y a qui\u00e9nes afecta?<\/h3>\n\n\n\n<p>El golpe de calor ocurre cuando el cuerpo es incapaz de regular su temperatura, elev\u00e1ndose por encima de los <strong>40\u00b0C<\/strong>. Aunque afecta a cualquier ciudadano expuesto a la intemperie, los grupos de mayor riesgo son los menores de cinco a\u00f1os y personas mayores de 60. A nivel nacional, la Direcci\u00f3n General de Epidemiolog\u00eda ya ha reportado casos con una letalidad del <strong>1.8%<\/strong> en lo que va de la temporada 2026.<\/p>\n\n\n\n<h3 class=\"wp-block-heading\">Se\u00f1ales de alerta<\/h3>\n\n\n\n<p>Es fundamental identificar los s\u00edntomas de forma oportuna:<\/p>\n\n\n\n<ul class=\"wp-block-list\">\n<li>Piel roja, caliente y sin sudor.<\/li>\n\n\n\n<li>Pulso acelerado y fuerte.<\/li>\n\n\n\n<li>Dolor de cabeza palpitante, mareos o n\u00e1useas.<\/li>\n\n\n\n<li>Confusi\u00f3n o p\u00e9rdida del conocimiento.<\/li>\n<\/ul>\n\n\n\n<h3 class=\"wp-block-heading\">Medidas de prevenci\u00f3n<\/h3>\n\n\n\n<p>Para mitigar riesgos en la capital y zonas rurales, se recomienda:<\/p>\n\n\n\n<ol start=\"1\" class=\"wp-block-list\">\n<li><strong>Hidrataci\u00f3n constante:<\/strong> Beber agua aunque no se tenga sed; evitar bebidas con cafe\u00edna o exceso de az\u00facar.<\/li>\n\n\n\n<li><strong>Protecci\u00f3n solar:<\/strong> Utilizar ropa ligera de colores claros, sombrero o sombrilla y lentes de sol.<\/li>\n\n\n\n<li><strong>Horarios seguros:<\/strong> Evitar actividades f\u00edsicas intensas bajo el sol entre las <strong>11:00 y las 16:00 horas<\/strong>.<\/li>\n\n\n\n<li><strong>Cuidado vehicular:<\/strong> Bajo ninguna circunstancia dejar a personas o mascotas dentro de veh\u00edculos estacionados.<\/li>\n<\/ol>\n\n\n\n<p>Las autoridades locales mantienen el monitoreo preventivo, ya que se prev\u00e9 que las temperaturas superiores a los <strong>30\u00b0C<\/strong> persistan durante el resto de la semana en la zona urbana de Durango.<\/p>\n\n\n\n<p>#Durango #SamaNoticias #SaludP\u00fablica #OlaDeCalor \u2600\ufe0f\ud83c\udf21\ufe0f<\/p>\n","protected":false},"excerpt":{"rendered":"<p>Por Juan Jos\u00e9 Salas. Mancinas Ante la presencia de una onda de calor que afecta<\/p>\n","protected":false},"author":1,"featured_media":14845,"comment_status":"open","ping_status":"open","sticky":false,"template":"","format":"standard","meta":{"om_disable_all_campaigns":false,"_monsterinsights_skip_tracking":false,"_monsterinsights_sitenote_active":false,"_monsterinsights_sitenote_note":"","_monsterinsights_sitenote_category":0,"_jetpack_memberships_contains_paid_content":false,"footnotes":"","jetpack_publicize_message":"","jetpack_publicize_feature_enabled":true,"jetpack_social_post_already_shared":true,"jetpack_social_options":{"image_generator_settings":{"template":"highway","enabled":false},"version":2}},"categories":[1],"tags":[],"class_list":["post-14844","post","type-post","status-publish","format-standard","has-post-thumbnail","hentry","category-archivo"],"jetpack_publicize_connections":[],"aioseo_notices":[],"jetpack_featured_media_url":"https:\/\/samanoticiasdurango.com\/wp-content\/uploads\/WEB.00_00_00_29.Imagen-fija001-2.jpg","featured_image_urls":{"full":["https:\/\/samanoticiasdurango.com\/wp-content\/uploads\/WEB.00_00_00_29.Imagen-fija001-2.jpg",1200,680,false],"thumbnail":["https:\/\/samanoticiasdurango.com\/wp-content\/uploads\/WEB.00_00_00_29.Imagen-fija001-2-150x150.jpg",150,150,true],"medium":["https:\/\/samanoticiasdurango.com\/wp-content\/uploads\/WEB.00_00_00_29.Imagen-fija001-2-300x170.jpg",300,170,true],"medium_large":["https:\/\/samanoticiasdurango.com\/wp-content\/uploads\/WEB.00_00_00_29.Imagen-fija001-2-768x435.jpg",640,363,true],"large":["https:\/\/samanoticiasdurango.com\/wp-content\/uploads\/WEB.00_00_00_29.Imagen-fija001-2-1024x580.jpg",640,363,true],"1536x1536":["https:\/\/samanoticiasdurango.com\/wp-content\/uploads\/WEB.00_00_00_29.Imagen-fija001-2.jpg",1200,680,false],"2048x2048":["https:\/\/samanoticiasdurango.com\/wp-content\/uploads\/WEB.00_00_00_29.Imagen-fija001-2.jpg",1200,680,false],"chromenews-featured":["https:\/\/samanoticiasdurango.com\/wp-content\/uploads\/WEB.00_00_00_29.Imagen-fija001-2-1024x580.jpg",1024,580,true],"chromenews-large":["https:\/\/samanoticiasdurango.com\/wp-content\/uploads\/WEB.00_00_00_29.Imagen-fija001-2-825x575.jpg",825,575,true],"chromenews-medium":["https:\/\/samanoticiasdurango.com\/wp-content\/uploads\/WEB.00_00_00_29.Imagen-fija001-2-590x410.jpg",590,410,true]},"author_info":{"display_name":"Redacci\u00f3n","author_link":"https:\/\/samanoticiasdurango.com\/index.php\/author\/jjsama13gmail-com\/"},"category_info":"<a href=\"https:\/\/samanoticiasdurango.com\/index.php\/category\/archivo\/\" rel=\"category tag\">DURANGO<\/a>","tag_info":"DURANGO","comment_count":"0","jetpack_sharing_enabled":true,"_links":{"self":[{"href":"https:\/\/samanoticiasdurango.com\/index.php\/wp-json\/wp\/v2\/posts\/14844","targetHints":{"allow":["GET"]}}],"collection":[{"href":"https:\/\/samanoticiasdurango.com\/index.php\/wp-json\/wp\/v2\/posts"}],"about":[{"href":"https:\/\/samanoticiasdurango.com\/index.php\/wp-json\/wp\/v2\/types\/post"}],"author":[{"embeddable":true,"href":"https:\/\/samanoticiasdurango.com\/index.php\/wp-json\/wp\/v2\/users\/1"}],"replies":[{"embeddable":true,"href":"https:\/\/samanoticiasdurango.com\/index.php\/wp-json\/wp\/v2\/comments?post=14844"}],"version-history":[{"count":1,"href":"https:\/\/samanoticiasdurango.com\/index.php\/wp-json\/wp\/v2\/posts\/14844\/revisions"}],"predecessor-version":[{"id":14846,"href":"https:\/\/samanoticiasdurango.com\/index.php\/wp-json\/wp\/v2\/posts\/14844\/revisions\/14846"}],"wp:featuredmedia":[{"embeddable":true,"href":"https:\/\/samanoticiasdurango.com\/index.php\/wp-json\/wp\/v2\/media\/14845"}],"wp:attachment":[{"href":"https:\/\/samanoticiasdurango.com\/index.php\/wp-json\/wp\/v2\/media?parent=14844"}],"wp:term":[{"taxonomy":"category","embeddable":true,"href":"https:\/\/samanoticiasdurango.com\/index.php\/wp-json\/wp\/v2\/categories?post=14844"},{"taxonomy":"post_tag","embeddable":true,"href":"https:\/\/samanoticiasdurango.com\/index.php\/wp-json\/wp\/v2\/tags?post=14844"}],"curies":[{"name":"wp","href":"https:\/\/api.w.org\/{rel}","templated":true}]}}