{"id":14848,"date":"2026-04-27T19:00:20","date_gmt":"2026-04-27T19:00:20","guid":{"rendered":"https:\/\/samanoticiasdurango.com\/?p=14848"},"modified":"2026-04-27T19:00:21","modified_gmt":"2026-04-27T19:00:21","slug":"para-proteger-economia-de-los-duranguenses","status":"publish","type":"post","link":"https:\/\/samanoticiasdurango.com\/index.php\/2026\/04\/27\/para-proteger-economia-de-los-duranguenses\/","title":{"rendered":"Para proteger econom\u00eda de los duranguenses\u2026."},"content":{"rendered":"\n<p>Exhorta Congreso al gobierno federal<br>evitar alza arbitraria del precio de la tortilla<\/p>\n\n\n\n<ul class=\"wp-block-list\">\n<li>Mart\u00edn Vivanco pide a Econom\u00eda, SADER y PROFECO instalar mesas de trabajo.<\/li>\n<\/ul>\n\n\n\n<p>Por unanimidad, el Congreso del Estado exhort\u00f3 a la Secretar\u00eda de Econom\u00eda, a la Secretar\u00eda de Agricultura y Desarrollo Rural (SADER) y a la Procuradur\u00eda Federal del Consumidor (PROFECO), para que establezcan de manera urgente una mesa de di\u00e1logo con representantes de la industria de la masa y la tortilla, con el objetivo de evitar un aumento arbitrario que afecte la econom\u00eda popular.<\/p>\n\n\n\n<p>\u201cEn los \u00faltimos ocho a\u00f1os, el precio de la tortilla se ha incrementado en m\u00e1s de 60%\u201d, resalt\u00f3 el diputado Mart\u00edn Vivanco Lira al presentar el punto de acuerdo y se\u00f1alar que se trata de una demanda leg\u00edtima ante el incremento sostenido que ha registrado este producto b\u00e1sico en los \u00faltimos a\u00f1os.<\/p>\n\n\n\n<p>Durante su intervenci\u00f3n, se\u00f1al\u00f3 que gobierno federal argumenta que no hay raz\u00f3n para el incremento, mientras que los productores se\u00f1alan que se han encarecido pr\u00e1cticamente todos los insumos, guerra de acusaciones que es ociosa si no hay una propuesta real de soluci\u00f3n para la gente.<\/p>\n\n\n\n<p>El legislador destac\u00f3 que la tortilla es uno de los alimentos m\u00e1s fundamentales en la dieta de las familias mexicanas, independientemente de su nivel socioecon\u00f3mico, y advirti\u00f3 que su consumo no tiene sustitutos cercanos ni en t\u00e9rminos culturales ni nutrimentales.<\/p>\n\n\n\n<p>\u201cHay estimaciones que nos dicen que, en algunos estratos, el gasto en tortilla alcanza el 7% del gasto total en alimentaci\u00f3n\u201d, explic\u00f3 al subrayar que el impacto de cualquier aumento se refleja directamente en el bolsillo de las familias, especialmente las m\u00e1s vulnerables, ya que el consumo disminuye muy poco incluso cuando el precio sube, obligando a destinar m\u00e1s recursos para adquirirla.<\/p>\n\n\n\n<p>\u201cSobra decir que esto afecta de mayor manera a las familias m\u00e1s pobres\u2026Negar la existencia del problema no resuelve absolutamente nada y nos aleja de encontrar mecanismos para aliviar la presi\u00f3n sobre el gasto de las familias\u201d, afirm\u00f3.<\/p>\n\n\n\n<p>Asimismo, se\u00f1al\u00f3 que actualmente el precio del kilo de tortilla puede oscilar entre 18 y 27 pesos, situaci\u00f3n que afecta de forma directa la canasta b\u00e1sica de las familias mexicanas.<\/p>\n\n\n\n<p>\u201cHay algo que debemos hacer, porque esto obviamente afecta a la gente m\u00e1s vulnerable, cuya canasta b\u00e1sica y n\u00facleo nutrimental se ve afectado de manera muy perniciosa\u201d, sostuvo.<\/p>\n\n\n\n<p>El exhorto aprobado tambi\u00e9n plantea evaluar la implementaci\u00f3n de programas de subsidios focalizados o apoyos t\u00e9cnicos dirigidos a peque\u00f1os y medianos productores de masa y tortilla, para que puedan enfrentar el aumento de costos sin trasladarlo a los consumidores.<\/p>\n","protected":false},"excerpt":{"rendered":"<p>Exhorta Congreso al gobierno federalevitar alza arbitraria del precio de la tortilla Por unanimidad, el<\/p>\n","protected":false},"author":1,"featured_media":14849,"comment_status":"open","ping_status":"open","sticky":false,"template":"","format":"standard","meta":{"om_disable_all_campaigns":false,"_monsterinsights_skip_tracking":false,"_monsterinsights_sitenote_active":false,"_monsterinsights_sitenote_note":"","_monsterinsights_sitenote_category":0,"_jetpack_memberships_contains_paid_content":false,"footnotes":"","jetpack_publicize_message":"","jetpack_publicize_feature_enabled":true,"jetpack_social_post_already_shared":true,"jetpack_social_options":{"image_generator_settings":{"template":"highway","enabled":false},"version":2}},"categories":[1],"tags":[],"class_list":["post-14848","post","type-post","status-publish","format-standard","has-post-thumbnail","hentry","category-archivo"],"jetpack_publicize_connections":[],"aioseo_notices":[],"jetpack_featured_media_url":"https:\/\/samanoticiasdurango.com\/wp-content\/uploads\/WhatsApp-Image-2026-04-24-at-2.13.55-PM.jpeg","featured_image_urls":{"full":["https:\/\/samanoticiasdurango.com\/wp-content\/uploads\/WhatsApp-Image-2026-04-24-at-2.13.55-PM.jpeg",1096,730,false],"thumbnail":["https:\/\/samanoticiasdurango.com\/wp-content\/uploads\/WhatsApp-Image-2026-04-24-at-2.13.55-PM-150x150.jpeg",150,150,true],"medium":["https:\/\/samanoticiasdurango.com\/wp-content\/uploads\/WhatsApp-Image-2026-04-24-at-2.13.55-PM-300x200.jpeg",300,200,true],"medium_large":["https:\/\/samanoticiasdurango.com\/wp-content\/uploads\/WhatsApp-Image-2026-04-24-at-2.13.55-PM-768x512.jpeg",640,427,true],"large":["https:\/\/samanoticiasdurango.com\/wp-content\/uploads\/WhatsApp-Image-2026-04-24-at-2.13.55-PM-1024x682.jpeg",640,426,true],"1536x1536":["https:\/\/samanoticiasdurango.com\/wp-content\/uploads\/WhatsApp-Image-2026-04-24-at-2.13.55-PM.jpeg",1096,730,false],"2048x2048":["https:\/\/samanoticiasdurango.com\/wp-content\/uploads\/WhatsApp-Image-2026-04-24-at-2.13.55-PM.jpeg",1096,730,false],"chromenews-featured":["https:\/\/samanoticiasdurango.com\/wp-content\/uploads\/WhatsApp-Image-2026-04-24-at-2.13.55-PM-1024x682.jpeg",1024,682,true],"chromenews-large":["https:\/\/samanoticiasdurango.com\/wp-content\/uploads\/WhatsApp-Image-2026-04-24-at-2.13.55-PM-825x575.jpeg",825,575,true],"chromenews-medium":["https:\/\/samanoticiasdurango.com\/wp-content\/uploads\/WhatsApp-Image-2026-04-24-at-2.13.55-PM-590x410.jpeg",590,410,true]},"author_info":{"display_name":"Redacci\u00f3n","author_link":"https:\/\/samanoticiasdurango.com\/index.php\/author\/jjsama13gmail-com\/"},"category_info":"<a href=\"https:\/\/samanoticiasdurango.com\/index.php\/category\/archivo\/\" rel=\"category tag\">DURANGO<\/a>","tag_info":"DURANGO","comment_count":"0","jetpack_sharing_enabled":true,"_links":{"self":[{"href":"https:\/\/samanoticiasdurango.com\/index.php\/wp-json\/wp\/v2\/posts\/14848","targetHints":{"allow":["GET"]}}],"collection":[{"href":"https:\/\/samanoticiasdurango.com\/index.php\/wp-json\/wp\/v2\/posts"}],"about":[{"href":"https:\/\/samanoticiasdurango.com\/index.php\/wp-json\/wp\/v2\/types\/post"}],"author":[{"embeddable":true,"href":"https:\/\/samanoticiasdurango.com\/index.php\/wp-json\/wp\/v2\/users\/1"}],"replies":[{"embeddable":true,"href":"https:\/\/samanoticiasdurango.com\/index.php\/wp-json\/wp\/v2\/comments?post=14848"}],"version-history":[{"count":1,"href":"https:\/\/samanoticiasdurango.com\/index.php\/wp-json\/wp\/v2\/posts\/14848\/revisions"}],"predecessor-version":[{"id":14850,"href":"https:\/\/samanoticiasdurango.com\/index.php\/wp-json\/wp\/v2\/posts\/14848\/revisions\/14850"}],"wp:featuredmedia":[{"embeddable":true,"href":"https:\/\/samanoticiasdurango.com\/index.php\/wp-json\/wp\/v2\/media\/14849"}],"wp:attachment":[{"href":"https:\/\/samanoticiasdurango.com\/index.php\/wp-json\/wp\/v2\/media?parent=14848"}],"wp:term":[{"taxonomy":"category","embeddable":true,"href":"https:\/\/samanoticiasdurango.com\/index.php\/wp-json\/wp\/v2\/categories?post=14848"},{"taxonomy":"post_tag","embeddable":true,"href":"https:\/\/samanoticiasdurango.com\/index.php\/wp-json\/wp\/v2\/tags?post=14848"}],"curies":[{"name":"wp","href":"https:\/\/api.w.org\/{rel}","templated":true}]}}