{"id":14856,"date":"2026-04-27T19:03:39","date_gmt":"2026-04-27T19:03:39","guid":{"rendered":"https:\/\/samanoticiasdurango.com\/?p=14856"},"modified":"2026-04-27T19:03:41","modified_gmt":"2026-04-27T19:03:41","slug":"propone-gaby-vazquez-facilitar-tramites-en-adopciones","status":"publish","type":"post","link":"https:\/\/samanoticiasdurango.com\/index.php\/2026\/04\/27\/propone-gaby-vazquez-facilitar-tramites-en-adopciones\/","title":{"rendered":"Propone Gaby V\u00e1zquez facilitar tr\u00e1mites en adopciones"},"content":{"rendered":"\n<p>Con el objetivo de fortalecer la protecci\u00f3n integral de la ni\u00f1ez y garantizar su derecho a crecer en un entorno familiar, la diputada Gaby V\u00e1zquez Chac\u00f3n, propuso agilizar y facilitar los procesos de adopci\u00f3n en Durango, especialmente en casos donde la madre decida entregar a su hija o hijo en adopci\u00f3n por circunstancias dif\u00edciles.<\/p>\n\n\n\n<p>\u201cNo se trata de imponer, se trata de ofrecer alternativas de vida; no se trata de juzgar, se trata de acompa\u00f1ar, y, sobre todo, de proteger la vida y garantizar que cada ni\u00f1a y cada ni\u00f1o tenga la oportunidad de crecer en una familia\u201d, expres\u00f3 al presentar la iniciativa de reformas a Ley de Adopciones del Estado.<\/p>\n\n\n\n<p>Al realizar la ampliaci\u00f3n de motivos, explic\u00f3 que el prop\u00f3sito es reducir tr\u00e1mites, facilitar el procedimiento y garantizar asesor\u00eda y acompa\u00f1amiento, tanto por parte del Sistema Estatal de Salud como de la Procuradur\u00eda de Protecci\u00f3n de Ni\u00f1as, Ni\u00f1os y Adolescentes.<\/p>\n\n\n\n<p>Adem\u00e1s, se contempla apoyo especial para mujeres menores de edad o con alguna condici\u00f3n particular, asegurando que la decisi\u00f3n se tome con respaldo legal y protecci\u00f3n.<\/p>\n\n\n\n<p>Durante su intervenci\u00f3n, la legisladora destac\u00f3 que cuidar a ni\u00f1as y ni\u00f1os es una de las responsabilidades m\u00e1s importantes de la sociedad, ya que representa asegurar un presente digno y un futuro con oportunidades. Subray\u00f3 que los derechos de la infancia est\u00e1n respaldados por instrumentos internacionales como la Convenci\u00f3n sobre los Derechos del Ni\u00f1o, los cuales establecen que toda ni\u00f1a y ni\u00f1o tiene derecho a vivir y crecer dentro de una familia, en un ambiente de amor, comprensi\u00f3n y protecci\u00f3n.<\/p>\n\n\n\n<p>Reconoci\u00f3 que, aunque Durango cuenta con legislaci\u00f3n en materia de protecci\u00f3n a ni\u00f1as, ni\u00f1os y adolescentes, a\u00fan existen casos donde menores crecen sin un entorno adecuado o incluso son rechazados desde el inicio de su vida, por lo que es indispensable fortalecer mecanismos que garanticen el inter\u00e9s superior de la ni\u00f1ez.<\/p>\n\n\n\n<p>En este contexto, se\u00f1al\u00f3 que la adopci\u00f3n representa una alternativa profundamente humana, capaz de cambiar vidas al brindar a ni\u00f1as y ni\u00f1os la posibilidad de integrarse a un hogar donde reciban cari\u00f1o, estabilidad y condiciones para su desarrollo integral.<\/p>\n\n\n\n<p>Asimismo, la diputada mencion\u00f3 que existen mujeres, especialmente j\u00f3venes, que enfrentan embarazos no planeados en condiciones complejas, y aunque se han registrado avances, los embarazos adolescentes siguen presentes en comunidades con mayores carencias, donde muchas veces las mujeres enfrentan miedo, incertidumbre y soledad.<\/p>\n","protected":false},"excerpt":{"rendered":"<p>Con el objetivo de fortalecer la protecci\u00f3n integral de la ni\u00f1ez y garantizar su derecho<\/p>\n","protected":false},"author":1,"featured_media":14857,"comment_status":"open","ping_status":"open","sticky":false,"template":"","format":"standard","meta":{"om_disable_all_campaigns":false,"_monsterinsights_skip_tracking":false,"_monsterinsights_sitenote_active":false,"_monsterinsights_sitenote_note":"","_monsterinsights_sitenote_category":0,"_jetpack_memberships_contains_paid_content":false,"footnotes":"","jetpack_publicize_message":"","jetpack_publicize_feature_enabled":true,"jetpack_social_post_already_shared":true,"jetpack_social_options":{"image_generator_settings":{"template":"highway","enabled":false},"version":2}},"categories":[1],"tags":[],"class_list":["post-14856","post","type-post","status-publish","format-standard","has-post-thumbnail","hentry","category-archivo"],"jetpack_publicize_connections":[],"aioseo_notices":[],"jetpack_featured_media_url":"https:\/\/samanoticiasdurango.com\/wp-content\/uploads\/WhatsApp-Image-2026-04-25-at-1.44.50-PM.jpeg","featured_image_urls":{"full":["https:\/\/samanoticiasdurango.com\/wp-content\/uploads\/WhatsApp-Image-2026-04-25-at-1.44.50-PM.jpeg",853,1280,false],"thumbnail":["https:\/\/samanoticiasdurango.com\/wp-content\/uploads\/WhatsApp-Image-2026-04-25-at-1.44.50-PM-150x150.jpeg",150,150,true],"medium":["https:\/\/samanoticiasdurango.com\/wp-content\/uploads\/WhatsApp-Image-2026-04-25-at-1.44.50-PM-200x300.jpeg",200,300,true],"medium_large":["https:\/\/samanoticiasdurango.com\/wp-content\/uploads\/WhatsApp-Image-2026-04-25-at-1.44.50-PM-768x1152.jpeg",640,960,true],"large":["https:\/\/samanoticiasdurango.com\/wp-content\/uploads\/WhatsApp-Image-2026-04-25-at-1.44.50-PM-682x1024.jpeg",640,961,true],"1536x1536":["https:\/\/samanoticiasdurango.com\/wp-content\/uploads\/WhatsApp-Image-2026-04-25-at-1.44.50-PM.jpeg",853,1280,false],"2048x2048":["https:\/\/samanoticiasdurango.com\/wp-content\/uploads\/WhatsApp-Image-2026-04-25-at-1.44.50-PM.jpeg",853,1280,false],"chromenews-featured":["https:\/\/samanoticiasdurango.com\/wp-content\/uploads\/WhatsApp-Image-2026-04-25-at-1.44.50-PM.jpeg",853,1280,false],"chromenews-large":["https:\/\/samanoticiasdurango.com\/wp-content\/uploads\/WhatsApp-Image-2026-04-25-at-1.44.50-PM-825x575.jpeg",825,575,true],"chromenews-medium":["https:\/\/samanoticiasdurango.com\/wp-content\/uploads\/WhatsApp-Image-2026-04-25-at-1.44.50-PM-590x410.jpeg",590,410,true]},"author_info":{"display_name":"Redacci\u00f3n","author_link":"https:\/\/samanoticiasdurango.com\/index.php\/author\/jjsama13gmail-com\/"},"category_info":"<a href=\"https:\/\/samanoticiasdurango.com\/index.php\/category\/archivo\/\" rel=\"category tag\">DURANGO<\/a>","tag_info":"DURANGO","comment_count":"0","jetpack_sharing_enabled":true,"_links":{"self":[{"href":"https:\/\/samanoticiasdurango.com\/index.php\/wp-json\/wp\/v2\/posts\/14856","targetHints":{"allow":["GET"]}}],"collection":[{"href":"https:\/\/samanoticiasdurango.com\/index.php\/wp-json\/wp\/v2\/posts"}],"about":[{"href":"https:\/\/samanoticiasdurango.com\/index.php\/wp-json\/wp\/v2\/types\/post"}],"author":[{"embeddable":true,"href":"https:\/\/samanoticiasdurango.com\/index.php\/wp-json\/wp\/v2\/users\/1"}],"replies":[{"embeddable":true,"href":"https:\/\/samanoticiasdurango.com\/index.php\/wp-json\/wp\/v2\/comments?post=14856"}],"version-history":[{"count":1,"href":"https:\/\/samanoticiasdurango.com\/index.php\/wp-json\/wp\/v2\/posts\/14856\/revisions"}],"predecessor-version":[{"id":14858,"href":"https:\/\/samanoticiasdurango.com\/index.php\/wp-json\/wp\/v2\/posts\/14856\/revisions\/14858"}],"wp:featuredmedia":[{"embeddable":true,"href":"https:\/\/samanoticiasdurango.com\/index.php\/wp-json\/wp\/v2\/media\/14857"}],"wp:attachment":[{"href":"https:\/\/samanoticiasdurango.com\/index.php\/wp-json\/wp\/v2\/media?parent=14856"}],"wp:term":[{"taxonomy":"category","embeddable":true,"href":"https:\/\/samanoticiasdurango.com\/index.php\/wp-json\/wp\/v2\/categories?post=14856"},{"taxonomy":"post_tag","embeddable":true,"href":"https:\/\/samanoticiasdurango.com\/index.php\/wp-json\/wp\/v2\/tags?post=14856"}],"curies":[{"name":"wp","href":"https:\/\/api.w.org\/{rel}","templated":true}]}}