{"id":1486,"date":"2022-06-15T19:13:03","date_gmt":"2022-06-15T19:13:03","guid":{"rendered":"http:\/\/samanoticiasdurango.com\/?p=1486"},"modified":"2022-06-15T19:13:06","modified_gmt":"2022-06-15T19:13:06","slug":"amlo-enviara-la-proxima-semana-al-congreso-la-iniciativa-para-eliminar-el-horario-de-verano","status":"publish","type":"post","link":"https:\/\/samanoticiasdurango.com\/index.php\/2022\/06\/15\/amlo-enviara-la-proxima-semana-al-congreso-la-iniciativa-para-eliminar-el-horario-de-verano\/","title":{"rendered":"AMLO enviar\u00e1 la pr\u00f3xima semana al Congreso la iniciativa para eliminar el horario de verano"},"content":{"rendered":"\n<p>El presidente Andr\u00e9s Manuel L\u00f3pez Obrador inform\u00f3 que la pr\u00f3xima semana enviar\u00e1 al Congreso la iniciativa para eliminar el<strong>&nbsp;horario de verano<\/strong>.<\/p>\n\n\n\n<p>Explic\u00f3 que la Secretar\u00eda de Gobernaci\u00f3n realiz\u00f3 una encuesta donde el 71% de la poblaci\u00f3n entrevistada opina que debe de quitarse el horario de verano.<\/p>\n\n\n\n<p>En conferencia de prensa, se\u00f1al\u00f3 que \u00e9l seguir\u00e1 enviando iniciativas y si la oposici\u00f3n no quiere votar o las rechaza -por la moratoria que declar\u00f3 la oposici\u00f3n-, \u00e9l ya cumpli\u00f3 con su deber.<\/p>\n\n\n\n<p>\u201cYo si voy a seguir enviando iniciativas al Congreso porque tengo que cumplir. Voy a enviar iniciativa para que ya no haya el cambio de horario, la semana pr\u00f3xima, a cualquiera de las c\u00e1maras, pero la voy enviar\u201d, dijo.<\/p>\n","protected":false},"excerpt":{"rendered":"<p>El presidente Andr\u00e9s Manuel L\u00f3pez Obrador inform\u00f3 que la pr\u00f3xima semana enviar\u00e1 al Congreso la<\/p>\n","protected":false},"author":1,"featured_media":1488,"comment_status":"open","ping_status":"open","sticky":false,"template":"","format":"standard","meta":{"om_disable_all_campaigns":false,"_monsterinsights_skip_tracking":false,"_monsterinsights_sitenote_active":false,"_monsterinsights_sitenote_note":"","_monsterinsights_sitenote_category":0,"_jetpack_memberships_contains_paid_content":false,"footnotes":"","jetpack_publicize_message":"","jetpack_publicize_feature_enabled":true,"jetpack_social_post_already_shared":false,"jetpack_social_options":{"image_generator_settings":{"template":"highway","enabled":false},"version":2}},"categories":[5],"tags":[],"class_list":["post-1486","post","type-post","status-publish","format-standard","has-post-thumbnail","hentry","category-nacional"],"jetpack_publicize_connections":[],"aioseo_notices":[],"jetpack_featured_media_url":"https:\/\/samanoticiasdurango.com\/wp-content\/uploads\/2022\/06\/horario-de-verano-2021.webp","featured_image_urls":{"full":["https:\/\/samanoticiasdurango.com\/wp-content\/uploads\/2022\/06\/horario-de-verano-2021.webp",700,394,false],"thumbnail":["https:\/\/samanoticiasdurango.com\/wp-content\/uploads\/2022\/06\/horario-de-verano-2021-150x150.webp",150,150,true],"medium":["https:\/\/samanoticiasdurango.com\/wp-content\/uploads\/2022\/06\/horario-de-verano-2021-300x169.webp",300,169,true],"medium_large":["https:\/\/samanoticiasdurango.com\/wp-content\/uploads\/2022\/06\/horario-de-verano-2021.webp",640,360,false],"large":["https:\/\/samanoticiasdurango.com\/wp-content\/uploads\/2022\/06\/horario-de-verano-2021.webp",640,360,false],"1536x1536":["https:\/\/samanoticiasdurango.com\/wp-content\/uploads\/2022\/06\/horario-de-verano-2021.webp",700,394,false],"2048x2048":["https:\/\/samanoticiasdurango.com\/wp-content\/uploads\/2022\/06\/horario-de-verano-2021.webp",700,394,false],"chromenews-featured":["https:\/\/samanoticiasdurango.com\/wp-content\/uploads\/2022\/06\/horario-de-verano-2021.webp",700,394,false],"chromenews-large":["https:\/\/samanoticiasdurango.com\/wp-content\/uploads\/2022\/06\/horario-de-verano-2021.webp",700,394,false],"chromenews-medium":["https:\/\/samanoticiasdurango.com\/wp-content\/uploads\/2022\/06\/horario-de-verano-2021-590x394.webp",590,394,true]},"author_info":{"display_name":"Redacci\u00f3n","author_link":"https:\/\/samanoticiasdurango.com\/index.php\/author\/jjsama13gmail-com\/"},"category_info":"<a href=\"https:\/\/samanoticiasdurango.com\/index.php\/category\/nacional\/\" rel=\"category tag\">NACIONAL<\/a>","tag_info":"NACIONAL","comment_count":"0","jetpack_sharing_enabled":true,"_links":{"self":[{"href":"https:\/\/samanoticiasdurango.com\/index.php\/wp-json\/wp\/v2\/posts\/1486","targetHints":{"allow":["GET"]}}],"collection":[{"href":"https:\/\/samanoticiasdurango.com\/index.php\/wp-json\/wp\/v2\/posts"}],"about":[{"href":"https:\/\/samanoticiasdurango.com\/index.php\/wp-json\/wp\/v2\/types\/post"}],"author":[{"embeddable":true,"href":"https:\/\/samanoticiasdurango.com\/index.php\/wp-json\/wp\/v2\/users\/1"}],"replies":[{"embeddable":true,"href":"https:\/\/samanoticiasdurango.com\/index.php\/wp-json\/wp\/v2\/comments?post=1486"}],"version-history":[{"count":1,"href":"https:\/\/samanoticiasdurango.com\/index.php\/wp-json\/wp\/v2\/posts\/1486\/revisions"}],"predecessor-version":[{"id":1489,"href":"https:\/\/samanoticiasdurango.com\/index.php\/wp-json\/wp\/v2\/posts\/1486\/revisions\/1489"}],"wp:featuredmedia":[{"embeddable":true,"href":"https:\/\/samanoticiasdurango.com\/index.php\/wp-json\/wp\/v2\/media\/1488"}],"wp:attachment":[{"href":"https:\/\/samanoticiasdurango.com\/index.php\/wp-json\/wp\/v2\/media?parent=1486"}],"wp:term":[{"taxonomy":"category","embeddable":true,"href":"https:\/\/samanoticiasdurango.com\/index.php\/wp-json\/wp\/v2\/categories?post=1486"},{"taxonomy":"post_tag","embeddable":true,"href":"https:\/\/samanoticiasdurango.com\/index.php\/wp-json\/wp\/v2\/tags?post=1486"}],"curies":[{"name":"wp","href":"https:\/\/api.w.org\/{rel}","templated":true}]}}