{"id":14861,"date":"2026-04-27T23:06:39","date_gmt":"2026-04-27T23:06:39","guid":{"rendered":"https:\/\/samanoticiasdurango.com\/?p=14861"},"modified":"2026-04-27T23:06:40","modified_gmt":"2026-04-27T23:06:40","slug":"fortalece-congreso-coordinacion-institucional-con-poderes-ejecutivo-y-judicial","status":"publish","type":"post","link":"https:\/\/samanoticiasdurango.com\/index.php\/2026\/04\/27\/fortalece-congreso-coordinacion-institucional-con-poderes-ejecutivo-y-judicial\/","title":{"rendered":"Fortalece Congreso coordinaci\u00f3n institucional con poderes ejecutivo y judicial"},"content":{"rendered":"\n<p>A fin de realizar un trabajo legislativo coordinado y en conjunto, el Congreso del Estado llev\u00f3 a cabo una mesa de trabajo con autoridades estatales, encabezadas por el secretario general de Gobierno, H\u00e9ctor Vela Valenzuela, con el prop\u00f3sito de analizar la homologaci\u00f3n de la Ley General en Materia de Desaparici\u00f3n de Personas y la Declaraci\u00f3n Especial de Ausencia.<\/p>\n\n\n\n<p>La reuni\u00f3n que presidi\u00f3 el presidente de la Comisi\u00f3n de Justicia, diputado Otniel Garc\u00eda Navarro, cont\u00f3 con la presencia de la fiscal general del Estado, Sonia Yadira de la Garza; el fiscal anticorrupci\u00f3n, Noel D\u00edaz; el magistrado del Poder Judicial, Carlos Enrique Guzm\u00e1n; la presidenta de la Comisi\u00f3n Estatal de Derechos Humanos, Karla Obreg\u00f3n; quienes realizaron diversas recomendaciones al Poder Legislativo.<\/p>\n\n\n\n<p>En este marco, Garc\u00eda Navarro destac\u00f3 que el trabajo conjunto con autoridades del Poder Ejecutivo lo que permite fortalecer el marco legal y garantizar que la ley sea funcional en la pr\u00e1ctica, por lo que esta reuni\u00f3n es muy productiva e importante ya que es tema que impacta directamente a la sociedad, por lo que es necesario identificar, con base en la legislaci\u00f3n federal, las adecuaciones correspondientes a nivel estatal.<\/p>\n\n\n\n<p>\u201cLas conclusiones a las que estamos llegando es que debemos basarnos en la Ley General de Desaparici\u00f3n Forzada, hacer adecuaciones en el C\u00f3digo Penal del Estado para referir esta Ley General y tambi\u00e9n en la Declaraci\u00f3n Especial de Ausencia\u201d, expres\u00f3 el legislador.<\/p>\n\n\n\n<p>Durante el encuentro, Vela Valenzuela, celebr\u00f3 este ejercicio de integraci\u00f3n directa, al considerarlo un referente de coordinaci\u00f3n y una oportunidad para fortalecer el trabajo conjunto entre el Poder Ejecutivo y el Poder Legislativo; mesa que fue productiva al atender las recomendaciones presentadas, lo que permite generar un an\u00e1lisis integral que fortalecer\u00e1 el marco normativo desde la visi\u00f3n del Poder Legislativo<\/p>\n\n\n\n<p>Asimismo, se destac\u00f3 que el objetivo es contar con una legislaci\u00f3n \u00fatil y correcta, que permita a las autoridades judiciales y ministeriales sancionar adecuadamente a quienes cometan delitos relacionados con la desaparici\u00f3n de personas, por lo que la participaci\u00f3n del Poder Judicial fue relevante para enriquecer el an\u00e1lisis.<\/p>\n\n\n\n<p>Por su parte, el presidente de la Junta de Gobierno y Coordinaci\u00f3n Pol\u00edtica, diputado Ernesto Alan\u00eds Herrera, resalt\u00f3 la importancia de estas mesas como una forma adecuada de abordar temas complejos, al permitir escuchar opiniones y an\u00e1lisis t\u00e9cnicos que contribuyan a construir una ruta clara de trabajo. Enfatiz\u00f3 que es necesario actuar en consecuencia y construir una respuesta conjunta con la participaci\u00f3n de los tres poderes del Estado.<\/p>\n\n\n\n<p>Durante la mesa de trabajo, tambi\u00e9n se cont\u00f3 con la presencia del comisionado estatal de B\u00fasqueda de Personas, Carlos Burciaga; el secretario de Finanzas, Franklyn Corlay; el consejero jur\u00eddico del Estado, Arturo Azpilcueta; el representante de la Secretar\u00eda de Seguridad P\u00fablica.<\/p>\n\n\n\n<p>As\u00ed como de la presidenta de la Mesa Directiva, Gaby V\u00e1zquez, las diputadas Sughey Torres, Sandra Amaya, Delia Enr\u00edquez y Roc\u00edo Rebollo Mendoza, y, los legisladores Octavio Adame, Fernando Rocha, H\u00e9ctor N\u00fa\u00f1ez y Osbaldo Santill\u00e1n.<\/p>\n","protected":false},"excerpt":{"rendered":"<p>A fin de realizar un trabajo legislativo coordinado y en conjunto, el Congreso del Estado<\/p>\n","protected":false},"author":1,"featured_media":14862,"comment_status":"open","ping_status":"open","sticky":false,"template":"","format":"standard","meta":{"om_disable_all_campaigns":false,"_monsterinsights_skip_tracking":false,"_monsterinsights_sitenote_active":false,"_monsterinsights_sitenote_note":"","_monsterinsights_sitenote_category":0,"_jetpack_memberships_contains_paid_content":false,"footnotes":"","jetpack_publicize_message":"","jetpack_publicize_feature_enabled":true,"jetpack_social_post_already_shared":true,"jetpack_social_options":{"image_generator_settings":{"template":"highway","enabled":false},"version":2}},"categories":[1],"tags":[],"class_list":["post-14861","post","type-post","status-publish","format-standard","has-post-thumbnail","hentry","category-archivo"],"jetpack_publicize_connections":[],"aioseo_notices":[],"jetpack_featured_media_url":"https:\/\/samanoticiasdurango.com\/wp-content\/uploads\/WhatsApp-Image-2026-04-27-at-2.45.29-PM-1.jpeg","featured_image_urls":{"full":["https:\/\/samanoticiasdurango.com\/wp-content\/uploads\/WhatsApp-Image-2026-04-27-at-2.45.29-PM-1.jpeg",1280,852,false],"thumbnail":["https:\/\/samanoticiasdurango.com\/wp-content\/uploads\/WhatsApp-Image-2026-04-27-at-2.45.29-PM-1-150x150.jpeg",150,150,true],"medium":["https:\/\/samanoticiasdurango.com\/wp-content\/uploads\/WhatsApp-Image-2026-04-27-at-2.45.29-PM-1-300x200.jpeg",300,200,true],"medium_large":["https:\/\/samanoticiasdurango.com\/wp-content\/uploads\/WhatsApp-Image-2026-04-27-at-2.45.29-PM-1-768x511.jpeg",640,426,true],"large":["https:\/\/samanoticiasdurango.com\/wp-content\/uploads\/WhatsApp-Image-2026-04-27-at-2.45.29-PM-1-1024x682.jpeg",640,426,true],"1536x1536":["https:\/\/samanoticiasdurango.com\/wp-content\/uploads\/WhatsApp-Image-2026-04-27-at-2.45.29-PM-1.jpeg",1280,852,false],"2048x2048":["https:\/\/samanoticiasdurango.com\/wp-content\/uploads\/WhatsApp-Image-2026-04-27-at-2.45.29-PM-1.jpeg",1280,852,false],"chromenews-featured":["https:\/\/samanoticiasdurango.com\/wp-content\/uploads\/WhatsApp-Image-2026-04-27-at-2.45.29-PM-1-1024x682.jpeg",1024,682,true],"chromenews-large":["https:\/\/samanoticiasdurango.com\/wp-content\/uploads\/WhatsApp-Image-2026-04-27-at-2.45.29-PM-1-825x575.jpeg",825,575,true],"chromenews-medium":["https:\/\/samanoticiasdurango.com\/wp-content\/uploads\/WhatsApp-Image-2026-04-27-at-2.45.29-PM-1-590x410.jpeg",590,410,true]},"author_info":{"display_name":"Redacci\u00f3n","author_link":"https:\/\/samanoticiasdurango.com\/index.php\/author\/jjsama13gmail-com\/"},"category_info":"<a href=\"https:\/\/samanoticiasdurango.com\/index.php\/category\/archivo\/\" rel=\"category tag\">DURANGO<\/a>","tag_info":"DURANGO","comment_count":"0","jetpack_sharing_enabled":true,"_links":{"self":[{"href":"https:\/\/samanoticiasdurango.com\/index.php\/wp-json\/wp\/v2\/posts\/14861","targetHints":{"allow":["GET"]}}],"collection":[{"href":"https:\/\/samanoticiasdurango.com\/index.php\/wp-json\/wp\/v2\/posts"}],"about":[{"href":"https:\/\/samanoticiasdurango.com\/index.php\/wp-json\/wp\/v2\/types\/post"}],"author":[{"embeddable":true,"href":"https:\/\/samanoticiasdurango.com\/index.php\/wp-json\/wp\/v2\/users\/1"}],"replies":[{"embeddable":true,"href":"https:\/\/samanoticiasdurango.com\/index.php\/wp-json\/wp\/v2\/comments?post=14861"}],"version-history":[{"count":1,"href":"https:\/\/samanoticiasdurango.com\/index.php\/wp-json\/wp\/v2\/posts\/14861\/revisions"}],"predecessor-version":[{"id":14863,"href":"https:\/\/samanoticiasdurango.com\/index.php\/wp-json\/wp\/v2\/posts\/14861\/revisions\/14863"}],"wp:featuredmedia":[{"embeddable":true,"href":"https:\/\/samanoticiasdurango.com\/index.php\/wp-json\/wp\/v2\/media\/14862"}],"wp:attachment":[{"href":"https:\/\/samanoticiasdurango.com\/index.php\/wp-json\/wp\/v2\/media?parent=14861"}],"wp:term":[{"taxonomy":"category","embeddable":true,"href":"https:\/\/samanoticiasdurango.com\/index.php\/wp-json\/wp\/v2\/categories?post=14861"},{"taxonomy":"post_tag","embeddable":true,"href":"https:\/\/samanoticiasdurango.com\/index.php\/wp-json\/wp\/v2\/tags?post=14861"}],"curies":[{"name":"wp","href":"https:\/\/api.w.org\/{rel}","templated":true}]}}