{"id":14868,"date":"2026-05-01T19:43:18","date_gmt":"2026-05-01T19:43:18","guid":{"rendered":"https:\/\/samanoticiasdurango.com\/?p=14868"},"modified":"2026-05-01T19:43:18","modified_gmt":"2026-05-01T19:43:18","slug":"impulsa-flora-leal-programa-de-vivienda-para-jovenes","status":"publish","type":"post","link":"https:\/\/samanoticiasdurango.com\/index.php\/2026\/05\/01\/impulsa-flora-leal-programa-de-vivienda-para-jovenes\/","title":{"rendered":"Impulsa Flora Leal programa de vivienda para j\u00f3venes"},"content":{"rendered":"\n<p>La diputada Flora Leal M\u00e9ndez propuso la creaci\u00f3n de un programa integral de acceso a la vivienda para j\u00f3venes de 23 a 30 a\u00f1os, que contemple esquemas de financiamiento accesibles, vivienda social, opciones de renta asequible, eliminaci\u00f3n de requisitos excluyentes y una planeaci\u00f3n urbana que garantice el derecho a la ciudad.<\/p>\n\n\n\n<p>A nombre del Grupo Parlamentario de Morena, se\u00f1al\u00f3 que el acceso a un hogar digno contin\u00faa siendo una deuda pendiente con las juventudes, aunque la Ley de Vivienda del Estado establece la responsabilidad del Estado para garantizar este derecho, la realidad es que miles de j\u00f3venes quedan fuera del sistema de acceso a vivienda, aun cuando estudian, trabajan y se esfuerzan diariamente.<\/p>\n\n\n\n<p>Durante su exposici\u00f3n, subray\u00f3 que quienes buscan independizarse enfrentan empleos sin estabilidad, falta de seguridad social, cr\u00e9ditos inaccesibles y precios de vivienda que rebasan por completo su capacidad econ\u00f3mica.<\/p>\n\n\n\n<p>\u201cNo es falta de ganas, es falta de condiciones\u201d, expres\u00f3, al destacar que no se puede seguir legislando como si todos partieran del mismo punto, cuando las juventudes requieren ser reconocidas como un sector prioritario en las pol\u00edticas de vivienda.<\/p>\n\n\n\n<p>A\u00f1adi\u00f3 que actualmente miles de j\u00f3venes viven la disyuntiva de permanecer en casa de sus padres o destinar la mayor parte de su ingreso al pago de rentas elevadas sin posibilidad de generar patrimonio.<\/p>\n\n\n\n<p>Afirm\u00f3 que legislar en esta materia es decidir entre la inercia o las oportunidades, y sostuvo que esta propuesta forma parte de una visi\u00f3n nacional alineada con el programa Vivienda para el Bienestar, que busca reducir el rezago habitacional mediante la construcci\u00f3n de 1.8 millones de viviendas y el otorgamiento de cr\u00e9ditos de mejoramiento a familias de bajos recursos.<\/p>\n\n\n\n<p>Finalmente, Leal M\u00e9ndez reiter\u00f3 que la Cuarta Transformaci\u00f3n ha demostrado que los derechos no se negocian, se garantizan, y que esta iniciativa representa un paso firme para colocar a las juventudes en el centro de las decisiones p\u00fablicas.<\/p>\n\n\n\n<p>\u201cLa transformaci\u00f3n se construye desde el hogar, desde el acceso a una vivienda justa y desde la posibilidad de que cada joven pueda levantar su propio proyecto de vida\u201d, finaliz\u00f3 la representante popular.<\/p>\n","protected":false},"excerpt":{"rendered":"<p>La diputada Flora Leal M\u00e9ndez propuso la creaci\u00f3n de un programa integral de acceso a<\/p>\n","protected":false},"author":1,"featured_media":14869,"comment_status":"open","ping_status":"open","sticky":false,"template":"","format":"standard","meta":{"om_disable_all_campaigns":false,"_monsterinsights_skip_tracking":false,"_monsterinsights_sitenote_active":false,"_monsterinsights_sitenote_note":"","_monsterinsights_sitenote_category":0,"_jetpack_memberships_contains_paid_content":false,"footnotes":"","jetpack_publicize_message":"","jetpack_publicize_feature_enabled":true,"jetpack_social_post_already_shared":true,"jetpack_social_options":{"image_generator_settings":{"template":"highway","enabled":false},"version":2}},"categories":[1],"tags":[],"class_list":["post-14868","post","type-post","status-publish","format-standard","has-post-thumbnail","hentry","category-archivo"],"jetpack_publicize_connections":[],"aioseo_notices":[],"jetpack_featured_media_url":"https:\/\/samanoticiasdurango.com\/wp-content\/uploads\/WhatsApp-Image-2026-05-01-at-1.37.16-PM.jpeg","featured_image_urls":{"full":["https:\/\/samanoticiasdurango.com\/wp-content\/uploads\/WhatsApp-Image-2026-05-01-at-1.37.16-PM.jpeg",853,1280,false],"thumbnail":["https:\/\/samanoticiasdurango.com\/wp-content\/uploads\/WhatsApp-Image-2026-05-01-at-1.37.16-PM-150x150.jpeg",150,150,true],"medium":["https:\/\/samanoticiasdurango.com\/wp-content\/uploads\/WhatsApp-Image-2026-05-01-at-1.37.16-PM-200x300.jpeg",200,300,true],"medium_large":["https:\/\/samanoticiasdurango.com\/wp-content\/uploads\/WhatsApp-Image-2026-05-01-at-1.37.16-PM-768x1152.jpeg",640,960,true],"large":["https:\/\/samanoticiasdurango.com\/wp-content\/uploads\/WhatsApp-Image-2026-05-01-at-1.37.16-PM-682x1024.jpeg",640,961,true],"1536x1536":["https:\/\/samanoticiasdurango.com\/wp-content\/uploads\/WhatsApp-Image-2026-05-01-at-1.37.16-PM.jpeg",853,1280,false],"2048x2048":["https:\/\/samanoticiasdurango.com\/wp-content\/uploads\/WhatsApp-Image-2026-05-01-at-1.37.16-PM.jpeg",853,1280,false],"chromenews-featured":["https:\/\/samanoticiasdurango.com\/wp-content\/uploads\/WhatsApp-Image-2026-05-01-at-1.37.16-PM.jpeg",853,1280,false],"chromenews-large":["https:\/\/samanoticiasdurango.com\/wp-content\/uploads\/WhatsApp-Image-2026-05-01-at-1.37.16-PM-825x575.jpeg",825,575,true],"chromenews-medium":["https:\/\/samanoticiasdurango.com\/wp-content\/uploads\/WhatsApp-Image-2026-05-01-at-1.37.16-PM-590x410.jpeg",590,410,true]},"author_info":{"display_name":"Redacci\u00f3n","author_link":"https:\/\/samanoticiasdurango.com\/index.php\/author\/jjsama13gmail-com\/"},"category_info":"<a href=\"https:\/\/samanoticiasdurango.com\/index.php\/category\/archivo\/\" rel=\"category tag\">DURANGO<\/a>","tag_info":"DURANGO","comment_count":"0","jetpack_sharing_enabled":true,"_links":{"self":[{"href":"https:\/\/samanoticiasdurango.com\/index.php\/wp-json\/wp\/v2\/posts\/14868","targetHints":{"allow":["GET"]}}],"collection":[{"href":"https:\/\/samanoticiasdurango.com\/index.php\/wp-json\/wp\/v2\/posts"}],"about":[{"href":"https:\/\/samanoticiasdurango.com\/index.php\/wp-json\/wp\/v2\/types\/post"}],"author":[{"embeddable":true,"href":"https:\/\/samanoticiasdurango.com\/index.php\/wp-json\/wp\/v2\/users\/1"}],"replies":[{"embeddable":true,"href":"https:\/\/samanoticiasdurango.com\/index.php\/wp-json\/wp\/v2\/comments?post=14868"}],"version-history":[{"count":1,"href":"https:\/\/samanoticiasdurango.com\/index.php\/wp-json\/wp\/v2\/posts\/14868\/revisions"}],"predecessor-version":[{"id":14870,"href":"https:\/\/samanoticiasdurango.com\/index.php\/wp-json\/wp\/v2\/posts\/14868\/revisions\/14870"}],"wp:featuredmedia":[{"embeddable":true,"href":"https:\/\/samanoticiasdurango.com\/index.php\/wp-json\/wp\/v2\/media\/14869"}],"wp:attachment":[{"href":"https:\/\/samanoticiasdurango.com\/index.php\/wp-json\/wp\/v2\/media?parent=14868"}],"wp:term":[{"taxonomy":"category","embeddable":true,"href":"https:\/\/samanoticiasdurango.com\/index.php\/wp-json\/wp\/v2\/categories?post=14868"},{"taxonomy":"post_tag","embeddable":true,"href":"https:\/\/samanoticiasdurango.com\/index.php\/wp-json\/wp\/v2\/tags?post=14868"}],"curies":[{"name":"wp","href":"https:\/\/api.w.org\/{rel}","templated":true}]}}