{"id":1490,"date":"2022-06-16T03:56:29","date_gmt":"2022-06-16T03:56:29","guid":{"rendered":"http:\/\/samanoticiasdurango.com\/?p=1490"},"modified":"2022-06-16T03:56:33","modified_gmt":"2022-06-16T03:56:33","slug":"desde-el-consejo-politico-nacional-del-pri-esteban-villegas-gobernador-electo-de-durango-lanzo-un-mensaje-de-unidad-humildad-y-defensa-de-los-baluartes-sociales-que-tenemos-como-mexicanos","status":"publish","type":"post","link":"https:\/\/samanoticiasdurango.com\/index.php\/2022\/06\/16\/desde-el-consejo-politico-nacional-del-pri-esteban-villegas-gobernador-electo-de-durango-lanzo-un-mensaje-de-unidad-humildad-y-defensa-de-los-baluartes-sociales-que-tenemos-como-mexicanos\/","title":{"rendered":"Desde el Consejo Pol\u00edtico Nacional del PRI, Esteban Villegas, Gobernador Electo de Durango, lanz\u00f3 un mensaje de unidad, humildad y defensa de los baluartes sociales que tenemos como mexicanos."},"content":{"rendered":"\n<p>En su participaci\u00f3n, destacan algunos puntos:<\/p>\n\n\n\n<p>\u2022 Los duranguenses decidimos por la libertad; elegimos un camino privilegiando el di\u00e1logo, el consenso y el bien com\u00fan, por encima de intereses personales<br>\u2022 Con mucho trabajo y valor, debemos defender la justicia, la equidad, la democracia\u2026defender a quienes no pueden hacerlo por su cuenta, a la ni\u00f1ez, a la juventud pro activa y so\u00f1adora, a la mujer desde que nace, y a los adultos mayores por sus a\u00f1os, y no verlos como un valor electoral.<br>\u2022 Con humildad, pero con contundencia les digo que morena no es invencible.<br>\u2022 Debemos mantener la humildad y los pies sobre la tierra, para que no nos gane la soberbia; en el PRI todos somos iguales.<br>\u2022 Aquellos que han tenido puestos de alto nivel deben ponerle humildad para demostrar, desde el territorio, que vamos a regresar al origen.<br>\u2022 \u201cSi ma\u00f1ana me toca salir a caminar una calle en Coahuila, o en el Estado de M\u00e9xico, y ese es mi trabajo, ah\u00ed voy a estar\u201d.<\/p>\n","protected":false},"excerpt":{"rendered":"<p>En su participaci\u00f3n, destacan algunos puntos: \u2022 Los duranguenses decidimos por la libertad; elegimos un<\/p>\n","protected":false},"author":1,"featured_media":1491,"comment_status":"open","ping_status":"open","sticky":false,"template":"","format":"standard","meta":{"om_disable_all_campaigns":false,"_monsterinsights_skip_tracking":false,"_monsterinsights_sitenote_active":false,"_monsterinsights_sitenote_note":"","_monsterinsights_sitenote_category":0,"_jetpack_memberships_contains_paid_content":false,"footnotes":"","jetpack_publicize_message":"","jetpack_publicize_feature_enabled":true,"jetpack_social_post_already_shared":false,"jetpack_social_options":{"image_generator_settings":{"template":"highway","enabled":false},"version":2}},"categories":[1],"tags":[],"class_list":["post-1490","post","type-post","status-publish","format-standard","has-post-thumbnail","hentry","category-archivo"],"jetpack_publicize_connections":[],"aioseo_notices":[],"jetpack_featured_media_url":"https:\/\/samanoticiasdurango.com\/wp-content\/uploads\/2022\/06\/WhatsApp-Image-2022-06-15-at-9.17.10-PM.jpeg","featured_image_urls":{"full":["https:\/\/samanoticiasdurango.com\/wp-content\/uploads\/2022\/06\/WhatsApp-Image-2022-06-15-at-9.17.10-PM.jpeg",1599,1066,false],"thumbnail":["https:\/\/samanoticiasdurango.com\/wp-content\/uploads\/2022\/06\/WhatsApp-Image-2022-06-15-at-9.17.10-PM-150x150.jpeg",150,150,true],"medium":["https:\/\/samanoticiasdurango.com\/wp-content\/uploads\/2022\/06\/WhatsApp-Image-2022-06-15-at-9.17.10-PM-300x200.jpeg",300,200,true],"medium_large":["https:\/\/samanoticiasdurango.com\/wp-content\/uploads\/2022\/06\/WhatsApp-Image-2022-06-15-at-9.17.10-PM-768x512.jpeg",640,427,true],"large":["https:\/\/samanoticiasdurango.com\/wp-content\/uploads\/2022\/06\/WhatsApp-Image-2022-06-15-at-9.17.10-PM-1024x683.jpeg",640,427,true],"1536x1536":["https:\/\/samanoticiasdurango.com\/wp-content\/uploads\/2022\/06\/WhatsApp-Image-2022-06-15-at-9.17.10-PM-1536x1024.jpeg",1536,1024,true],"2048x2048":["https:\/\/samanoticiasdurango.com\/wp-content\/uploads\/2022\/06\/WhatsApp-Image-2022-06-15-at-9.17.10-PM.jpeg",1599,1066,false],"chromenews-featured":["https:\/\/samanoticiasdurango.com\/wp-content\/uploads\/2022\/06\/WhatsApp-Image-2022-06-15-at-9.17.10-PM-1024x683.jpeg",1024,683,true],"chromenews-large":["https:\/\/samanoticiasdurango.com\/wp-content\/uploads\/2022\/06\/WhatsApp-Image-2022-06-15-at-9.17.10-PM-825x575.jpeg",825,575,true],"chromenews-medium":["https:\/\/samanoticiasdurango.com\/wp-content\/uploads\/2022\/06\/WhatsApp-Image-2022-06-15-at-9.17.10-PM-590x410.jpeg",590,410,true]},"author_info":{"display_name":"Redacci\u00f3n","author_link":"https:\/\/samanoticiasdurango.com\/index.php\/author\/jjsama13gmail-com\/"},"category_info":"<a href=\"https:\/\/samanoticiasdurango.com\/index.php\/category\/archivo\/\" rel=\"category tag\">DURANGO<\/a>","tag_info":"DURANGO","comment_count":"0","jetpack_sharing_enabled":true,"_links":{"self":[{"href":"https:\/\/samanoticiasdurango.com\/index.php\/wp-json\/wp\/v2\/posts\/1490","targetHints":{"allow":["GET"]}}],"collection":[{"href":"https:\/\/samanoticiasdurango.com\/index.php\/wp-json\/wp\/v2\/posts"}],"about":[{"href":"https:\/\/samanoticiasdurango.com\/index.php\/wp-json\/wp\/v2\/types\/post"}],"author":[{"embeddable":true,"href":"https:\/\/samanoticiasdurango.com\/index.php\/wp-json\/wp\/v2\/users\/1"}],"replies":[{"embeddable":true,"href":"https:\/\/samanoticiasdurango.com\/index.php\/wp-json\/wp\/v2\/comments?post=1490"}],"version-history":[{"count":1,"href":"https:\/\/samanoticiasdurango.com\/index.php\/wp-json\/wp\/v2\/posts\/1490\/revisions"}],"predecessor-version":[{"id":1492,"href":"https:\/\/samanoticiasdurango.com\/index.php\/wp-json\/wp\/v2\/posts\/1490\/revisions\/1492"}],"wp:featuredmedia":[{"embeddable":true,"href":"https:\/\/samanoticiasdurango.com\/index.php\/wp-json\/wp\/v2\/media\/1491"}],"wp:attachment":[{"href":"https:\/\/samanoticiasdurango.com\/index.php\/wp-json\/wp\/v2\/media?parent=1490"}],"wp:term":[{"taxonomy":"category","embeddable":true,"href":"https:\/\/samanoticiasdurango.com\/index.php\/wp-json\/wp\/v2\/categories?post=1490"},{"taxonomy":"post_tag","embeddable":true,"href":"https:\/\/samanoticiasdurango.com\/index.php\/wp-json\/wp\/v2\/tags?post=1490"}],"curies":[{"name":"wp","href":"https:\/\/api.w.org\/{rel}","templated":true}]}}