{"id":1494,"date":"2022-06-16T04:34:22","date_gmt":"2022-06-16T04:34:22","guid":{"rendered":"http:\/\/samanoticiasdurango.com\/?p=1494"},"modified":"2022-06-16T04:34:26","modified_gmt":"2022-06-16T04:34:26","slug":"suben-71-casos-de-covid-19-en-mexico-en-la-ultima-semana-ops","status":"publish","type":"post","link":"https:\/\/samanoticiasdurango.com\/index.php\/2022\/06\/16\/suben-71-casos-de-covid-19-en-mexico-en-la-ultima-semana-ops\/","title":{"rendered":"Suben 71% casos de COVID-19 en M\u00e9xico en la \u00faltima semana: OPS"},"content":{"rendered":"\n<p>Los casos de\u00a0<strong>COVID-19<\/strong>\u00a0han tenido una<strong>\u00a0tendencia al alza<\/strong>\u00a0durante los \u00faltimos dos meses en el\u00a0<strong>continente americano<\/strong>, con 1.2 millones de nuevos contagios en la \u00faltima semana, lo que supone un incremento del 11 por ciento respecto a la anterior.<\/p>\n\n\n\n<p>As\u00ed lo se\u00f1al\u00f3 la directora de la&nbsp;<strong>Organizaci\u00f3n Panamericana de la Salud<\/strong>&nbsp;(<strong>OPS<\/strong>),&nbsp;<strong>Carissa Etienne<\/strong>, en su rueda de prensa semanal, donde agreg\u00f3 que las muertes por COVID-19 crecieron el 19.4 por ciento, con un total de cuatro mil 69 decesos, en los \u00faltimos siete d\u00edas.<\/p>\n\n\n\n<p>Destaca el<strong><a href=\"https:\/\/lopezdoriga.com\/nacional\/mexico-registro-en-las-ultimas-24-horas-8-mil-206-contagios-y-37-muertes-por-covid-19\/\" target=\"_blank\" rel=\"noreferrer noopener\">&nbsp;incremento de los casos&nbsp;<\/a><\/strong>en<strong>&nbsp;M\u00e9xico<\/strong>, donde se registraron&nbsp;<strong>31 mil contagios en la \u00faltima semana<\/strong>, lo que supone una&nbsp;<strong>subida del 71 por ciento<\/strong>, mientras que en los pa\u00edses de Centroam\u00e9rica, hubo un incremento del 32 por ciento de los casos nuevos, con 27 mil.<\/p>\n\n\n\n<p>Sobre M\u00e9xico, el m\u00e9dico\u00a0<strong>Andrea Vicari<\/strong>, jefe de la Unidad de Gesti\u00f3n de Amenazas Infecciosas de la OPS, indic\u00f3 en la misma rueda de prensa que el pa\u00eds lleva experimentando un aumento continuo de casos en las \u00faltimas cinco semanas.<\/p>\n\n\n\n<p>Etienne subray\u00f3 que los sistemas sanitarios del continente est\u00e1n pudiendo hacer frente a esta subida de los contagios gracias a que \u201cla mayor parte de las personas de las Am\u00e9ricas est\u00e1n vacunadas contra el virus, y mejor protegidas contra una enfermedad grave y la muerte\u201d.<\/p>\n\n\n\n<p>No obstante, afirm\u00f3 que todav\u00eda \u201chay mucha gente no vacunada\u201d, y por tanto, con mayor riesgo de acabar hospitalizada o de fallecer por COVID-19.<\/p>\n\n\n\n<p>Respecto al objetivo de la&nbsp;<strong>Organizaci\u00f3n Mundial de la Salud<\/strong>&nbsp;(<strong>OMS<\/strong>) de inmunizar al 70 por ciento de la poblaci\u00f3n, Etienne dijo que un total de 16 pa\u00edses y territorios del continente han llegado a esa meta, mientras que hay otros que est\u00e1n cerca como Colombia, las Bermudas y El Salvador, que han alcanzado el 65 por ciento de cobertura.<\/p>\n\n\n\n<p>Con informaci\u00f3n de EFE<\/p>\n","protected":false},"excerpt":{"rendered":"<p>Los casos de\u00a0COVID-19\u00a0han tenido una\u00a0tendencia al alza\u00a0durante los \u00faltimos dos meses en el\u00a0continente americano, con<\/p>\n","protected":false},"author":1,"featured_media":1495,"comment_status":"open","ping_status":"open","sticky":false,"template":"","format":"standard","meta":{"om_disable_all_campaigns":false,"_monsterinsights_skip_tracking":false,"_monsterinsights_sitenote_active":false,"_monsterinsights_sitenote_note":"","_monsterinsights_sitenote_category":0,"_jetpack_memberships_contains_paid_content":false,"footnotes":"","jetpack_publicize_message":"","jetpack_publicize_feature_enabled":true,"jetpack_social_post_already_shared":false,"jetpack_social_options":{"image_generator_settings":{"template":"highway","enabled":false},"version":2}},"categories":[5],"tags":[],"class_list":["post-1494","post","type-post","status-publish","format-standard","has-post-thumbnail","hentry","category-nacional"],"jetpack_publicize_connections":[],"aioseo_notices":[],"jetpack_featured_media_url":"https:\/\/samanoticiasdurango.com\/wp-content\/uploads\/2022\/06\/centro-historico-movilidad-471662-scaled-1.jpg","featured_image_urls":{"full":["https:\/\/samanoticiasdurango.com\/wp-content\/uploads\/2022\/06\/centro-historico-movilidad-471662-scaled-1.jpg",2560,1707,false],"thumbnail":["https:\/\/samanoticiasdurango.com\/wp-content\/uploads\/2022\/06\/centro-historico-movilidad-471662-scaled-1-150x150.jpg",150,150,true],"medium":["https:\/\/samanoticiasdurango.com\/wp-content\/uploads\/2022\/06\/centro-historico-movilidad-471662-scaled-1-300x200.jpg",300,200,true],"medium_large":["https:\/\/samanoticiasdurango.com\/wp-content\/uploads\/2022\/06\/centro-historico-movilidad-471662-scaled-1-768x512.jpg",640,427,true],"large":["https:\/\/samanoticiasdurango.com\/wp-content\/uploads\/2022\/06\/centro-historico-movilidad-471662-scaled-1-1024x683.jpg",640,427,true],"1536x1536":["https:\/\/samanoticiasdurango.com\/wp-content\/uploads\/2022\/06\/centro-historico-movilidad-471662-scaled-1-1536x1024.jpg",1536,1024,true],"2048x2048":["https:\/\/samanoticiasdurango.com\/wp-content\/uploads\/2022\/06\/centro-historico-movilidad-471662-scaled-1-2048x1366.jpg",2048,1366,true],"chromenews-featured":["https:\/\/samanoticiasdurango.com\/wp-content\/uploads\/2022\/06\/centro-historico-movilidad-471662-scaled-1-1024x683.jpg",1024,683,true],"chromenews-large":["https:\/\/samanoticiasdurango.com\/wp-content\/uploads\/2022\/06\/centro-historico-movilidad-471662-scaled-1-825x575.jpg",825,575,true],"chromenews-medium":["https:\/\/samanoticiasdurango.com\/wp-content\/uploads\/2022\/06\/centro-historico-movilidad-471662-scaled-1-590x410.jpg",590,410,true]},"author_info":{"display_name":"Redacci\u00f3n","author_link":"https:\/\/samanoticiasdurango.com\/index.php\/author\/jjsama13gmail-com\/"},"category_info":"<a href=\"https:\/\/samanoticiasdurango.com\/index.php\/category\/nacional\/\" rel=\"category tag\">NACIONAL<\/a>","tag_info":"NACIONAL","comment_count":"0","jetpack_sharing_enabled":true,"_links":{"self":[{"href":"https:\/\/samanoticiasdurango.com\/index.php\/wp-json\/wp\/v2\/posts\/1494","targetHints":{"allow":["GET"]}}],"collection":[{"href":"https:\/\/samanoticiasdurango.com\/index.php\/wp-json\/wp\/v2\/posts"}],"about":[{"href":"https:\/\/samanoticiasdurango.com\/index.php\/wp-json\/wp\/v2\/types\/post"}],"author":[{"embeddable":true,"href":"https:\/\/samanoticiasdurango.com\/index.php\/wp-json\/wp\/v2\/users\/1"}],"replies":[{"embeddable":true,"href":"https:\/\/samanoticiasdurango.com\/index.php\/wp-json\/wp\/v2\/comments?post=1494"}],"version-history":[{"count":1,"href":"https:\/\/samanoticiasdurango.com\/index.php\/wp-json\/wp\/v2\/posts\/1494\/revisions"}],"predecessor-version":[{"id":1496,"href":"https:\/\/samanoticiasdurango.com\/index.php\/wp-json\/wp\/v2\/posts\/1494\/revisions\/1496"}],"wp:featuredmedia":[{"embeddable":true,"href":"https:\/\/samanoticiasdurango.com\/index.php\/wp-json\/wp\/v2\/media\/1495"}],"wp:attachment":[{"href":"https:\/\/samanoticiasdurango.com\/index.php\/wp-json\/wp\/v2\/media?parent=1494"}],"wp:term":[{"taxonomy":"category","embeddable":true,"href":"https:\/\/samanoticiasdurango.com\/index.php\/wp-json\/wp\/v2\/categories?post=1494"},{"taxonomy":"post_tag","embeddable":true,"href":"https:\/\/samanoticiasdurango.com\/index.php\/wp-json\/wp\/v2\/tags?post=1494"}],"curies":[{"name":"wp","href":"https:\/\/api.w.org\/{rel}","templated":true}]}}