{"id":1508,"date":"2022-06-16T13:39:08","date_gmt":"2022-06-16T13:39:08","guid":{"rendered":"http:\/\/samanoticiasdurango.com\/?p=1508"},"modified":"2022-06-16T13:39:13","modified_gmt":"2022-06-16T13:39:13","slug":"importante-la-secretaria-de-salud-ya-abrio-el-registro-para-la-vacunacion-contra-covid-19-de-ninos-entre-los-5-y-11-anos","status":"publish","type":"post","link":"https:\/\/samanoticiasdurango.com\/index.php\/2022\/06\/16\/importante-la-secretaria-de-salud-ya-abrio-el-registro-para-la-vacunacion-contra-covid-19-de-ninos-entre-los-5-y-11-anos\/","title":{"rendered":"#IMPORTANTE  La Secretar\u00eda de Salud ya abri\u00f3 el registro para la vacunaci\u00f3n contra COVID-19 de ni\u00f1os entre los 5 y 11 a\u00f1os."},"content":{"rendered":"\n<p>La Secretar\u00eda de Salud del Gobierno Federal abri\u00f3 el&nbsp;<strong>registro<\/strong>&nbsp;para la&nbsp;<strong>vacunaci\u00f3n<\/strong>&nbsp;contra&nbsp;<strong>COVID-19<\/strong>&nbsp;de&nbsp;<strong>ni\u00f1os<\/strong>&nbsp;entre los 5 y 11 a\u00f1os de edad.<\/p>\n\n\n\n<p>Los menores de tal grupo et\u00e1reo recibir\u00e1n la&nbsp;<strong>vacuna<\/strong>&nbsp;desarrollada por&nbsp;<strong>Pfizer\/BioNTech<\/strong>, despu\u00e9s de que las autoridades firmaran un contrato por&nbsp;<a href=\"https:\/\/lopezdoriga.com\/nacional\/covid-19-vacunacion-ninos-5-11-anos\/\" target=\"_blank\" rel=\"noreferrer noopener\">ocho millones de dosis<\/a>.<\/p>\n\n\n\n<p>La vacuna es id\u00e9ntica a la aplicada en adultos, pero con menor concentraci\u00f3n de principio activo.<\/p>\n\n\n\n<p>Se aplicar\u00e1n&nbsp;<strong>dos dosis<\/strong>&nbsp;con un intervalo de entre 21 d\u00edas y hasta mes y medio.<\/p>\n\n\n\n<p>Mientras se vacuna a ni\u00f1os de entre 5 y 11 a\u00f1os continuar\u00e1 la inmunizaci\u00f3n de adolescentes a partir de los 12 a\u00f1os.<\/p>\n\n\n\n<p>El registro de vacunaci\u00f3n est\u00e1 disponible en&nbsp;<a href=\"https:\/\/mivacuna.salud.gob.mx\/index.php\" target=\"_blank\" rel=\"noreferrer noopener\">mivacuna.salud.gob.mx<\/a><\/p>\n\n\n\n<p>Con informaci\u00f3n de L\u00f3pez-D\u00f3riga Digital<\/p>\n","protected":false},"excerpt":{"rendered":"<p>La Secretar\u00eda de Salud del Gobierno Federal abri\u00f3 el&nbsp;registro&nbsp;para la&nbsp;vacunaci\u00f3n&nbsp;contra&nbsp;COVID-19&nbsp;de&nbsp;ni\u00f1os&nbsp;entre los 5 y 11 a\u00f1os<\/p>\n","protected":false},"author":1,"featured_media":1510,"comment_status":"open","ping_status":"open","sticky":false,"template":"","format":"standard","meta":{"om_disable_all_campaigns":false,"_monsterinsights_skip_tracking":false,"_monsterinsights_sitenote_active":false,"_monsterinsights_sitenote_note":"","_monsterinsights_sitenote_category":0,"_jetpack_memberships_contains_paid_content":false,"footnotes":"","jetpack_publicize_message":"","jetpack_publicize_feature_enabled":true,"jetpack_social_post_already_shared":false,"jetpack_social_options":{"image_generator_settings":{"template":"highway","enabled":false},"version":2}},"categories":[5],"tags":[],"class_list":["post-1508","post","type-post","status-publish","format-standard","has-post-thumbnail","hentry","category-nacional"],"jetpack_publicize_connections":[],"aioseo_notices":[],"jetpack_featured_media_url":"https:\/\/samanoticiasdurango.com\/wp-content\/uploads\/2022\/06\/FVYH7o-WIAAcNjI.png","featured_image_urls":{"full":["https:\/\/samanoticiasdurango.com\/wp-content\/uploads\/2022\/06\/FVYH7o-WIAAcNjI.png",709,678,false],"thumbnail":["https:\/\/samanoticiasdurango.com\/wp-content\/uploads\/2022\/06\/FVYH7o-WIAAcNjI-150x150.png",150,150,true],"medium":["https:\/\/samanoticiasdurango.com\/wp-content\/uploads\/2022\/06\/FVYH7o-WIAAcNjI-300x287.png",300,287,true],"medium_large":["https:\/\/samanoticiasdurango.com\/wp-content\/uploads\/2022\/06\/FVYH7o-WIAAcNjI.png",640,612,false],"large":["https:\/\/samanoticiasdurango.com\/wp-content\/uploads\/2022\/06\/FVYH7o-WIAAcNjI.png",640,612,false],"1536x1536":["https:\/\/samanoticiasdurango.com\/wp-content\/uploads\/2022\/06\/FVYH7o-WIAAcNjI.png",709,678,false],"2048x2048":["https:\/\/samanoticiasdurango.com\/wp-content\/uploads\/2022\/06\/FVYH7o-WIAAcNjI.png",709,678,false],"chromenews-featured":["https:\/\/samanoticiasdurango.com\/wp-content\/uploads\/2022\/06\/FVYH7o-WIAAcNjI.png",709,678,false],"chromenews-large":["https:\/\/samanoticiasdurango.com\/wp-content\/uploads\/2022\/06\/FVYH7o-WIAAcNjI-709x575.png",709,575,true],"chromenews-medium":["https:\/\/samanoticiasdurango.com\/wp-content\/uploads\/2022\/06\/FVYH7o-WIAAcNjI-590x410.png",590,410,true]},"author_info":{"display_name":"Redacci\u00f3n","author_link":"https:\/\/samanoticiasdurango.com\/index.php\/author\/jjsama13gmail-com\/"},"category_info":"<a href=\"https:\/\/samanoticiasdurango.com\/index.php\/category\/nacional\/\" rel=\"category tag\">NACIONAL<\/a>","tag_info":"NACIONAL","comment_count":"0","jetpack_sharing_enabled":true,"_links":{"self":[{"href":"https:\/\/samanoticiasdurango.com\/index.php\/wp-json\/wp\/v2\/posts\/1508","targetHints":{"allow":["GET"]}}],"collection":[{"href":"https:\/\/samanoticiasdurango.com\/index.php\/wp-json\/wp\/v2\/posts"}],"about":[{"href":"https:\/\/samanoticiasdurango.com\/index.php\/wp-json\/wp\/v2\/types\/post"}],"author":[{"embeddable":true,"href":"https:\/\/samanoticiasdurango.com\/index.php\/wp-json\/wp\/v2\/users\/1"}],"replies":[{"embeddable":true,"href":"https:\/\/samanoticiasdurango.com\/index.php\/wp-json\/wp\/v2\/comments?post=1508"}],"version-history":[{"count":1,"href":"https:\/\/samanoticiasdurango.com\/index.php\/wp-json\/wp\/v2\/posts\/1508\/revisions"}],"predecessor-version":[{"id":1511,"href":"https:\/\/samanoticiasdurango.com\/index.php\/wp-json\/wp\/v2\/posts\/1508\/revisions\/1511"}],"wp:featuredmedia":[{"embeddable":true,"href":"https:\/\/samanoticiasdurango.com\/index.php\/wp-json\/wp\/v2\/media\/1510"}],"wp:attachment":[{"href":"https:\/\/samanoticiasdurango.com\/index.php\/wp-json\/wp\/v2\/media?parent=1508"}],"wp:term":[{"taxonomy":"category","embeddable":true,"href":"https:\/\/samanoticiasdurango.com\/index.php\/wp-json\/wp\/v2\/categories?post=1508"},{"taxonomy":"post_tag","embeddable":true,"href":"https:\/\/samanoticiasdurango.com\/index.php\/wp-json\/wp\/v2\/tags?post=1508"}],"curies":[{"name":"wp","href":"https:\/\/api.w.org\/{rel}","templated":true}]}}