{"id":1514,"date":"2022-06-16T16:08:50","date_gmt":"2022-06-16T16:08:50","guid":{"rendered":"http:\/\/samanoticiasdurango.com\/?p=1514"},"modified":"2022-06-16T16:09:56","modified_gmt":"2022-06-16T16:09:56","slug":"golpes-humillaciones-maltrato-castigos-y-violacion-sistematica-a-sus-derechos-humanos-viven-quienes-se-encuentran-internados-en-hospitales-psiquiatricos-albergues-y-centros-de-atencion-a-personas","status":"publish","type":"post","link":"https:\/\/samanoticiasdurango.com\/index.php\/2022\/06\/16\/golpes-humillaciones-maltrato-castigos-y-violacion-sistematica-a-sus-derechos-humanos-viven-quienes-se-encuentran-internados-en-hospitales-psiquiatricos-albergues-y-centros-de-atencion-a-personas\/","title":{"rendered":"90% de quejas por abusos en hospitales psiqui\u00e1tricos y albergues se\u00f1ala a m\u00e9dicos y autoridades como los responsables"},"content":{"rendered":"\n<p>\u201cLa violencia ejercida en los centros de atenci\u00f3n a la salud mental, reclusorios, centros de rehabilitaci\u00f3n y albergues analizados se caracteriza porque es infligida, en un gran porcentaje, por el personal que labora en dichos lugares. Solo el 10% de las quejas refieren violencia de parte de la poblaci\u00f3n, mientras que el resto est\u00e1n relacionadas con acciones ejercidas por las autoridades\u201d, inform\u00f3 la organizaci\u00f3n&nbsp;<a href=\"https:\/\/www.documenta.org.mx\/\" rel=\"noreferrer noopener\" target=\"_blank\">Documenta<\/a>.<\/p>\n\n\n\n<p>A ra\u00edz de las recientes reformas a la Ley General de Salud en materia de salud mental, las cuales privilegian la atenci\u00f3n familiar y comunitaria en donde el internamiento es la \u00faltima opci\u00f3n, Documenta recuper\u00f3 los resultados obtenidos en una investigaci\u00f3n realizada en 2020 la cual demostr\u00f3 las condiciones indignas y de violencia que viven las personas con discapacidad intelectual o psicosocial que est\u00e1n internadas en estos centros.<\/p>\n\n\n\n<p>En sinton\u00eda con el<a href=\"https:\/\/www.animalpolitico.com\/2022\/06\/nuevo-modelo-salud-mental-evitara-malos-tratos-tortura-cndh\/\" rel=\"noreferrer noopener\" target=\"_blank\">&nbsp;posicionamiento hecho este martes por la Comisi\u00f3n Nacional de Derechos Humanos (CNDH),<\/a>&nbsp;respaldaron el nuevo modelo de atenci\u00f3n a la salud mental el cual, afirmaron, \u201cconstituye un primer y significativo paso en el largo camino que queda para lograr que en M\u00e9xico existan servicios de atenci\u00f3n a la salud mental basadas en la inclusi\u00f3n comunitaria y el pleno respeto de los derechos humanos\u201d.<\/p>\n","protected":false},"excerpt":{"rendered":"<p>\u201cLa violencia ejercida en los centros de atenci\u00f3n a la salud mental, reclusorios, centros de<\/p>\n","protected":false},"author":1,"featured_media":1517,"comment_status":"open","ping_status":"open","sticky":false,"template":"","format":"standard","meta":{"om_disable_all_campaigns":false,"_monsterinsights_skip_tracking":false,"_monsterinsights_sitenote_active":false,"_monsterinsights_sitenote_note":"","_monsterinsights_sitenote_category":0,"_jetpack_memberships_contains_paid_content":false,"footnotes":"","jetpack_publicize_message":"","jetpack_publicize_feature_enabled":true,"jetpack_social_post_already_shared":false,"jetpack_social_options":{"image_generator_settings":{"template":"highway","enabled":false},"version":2}},"categories":[5],"tags":[],"class_list":["post-1514","post","type-post","status-publish","format-standard","has-post-thumbnail","hentry","category-nacional"],"jetpack_publicize_connections":[],"aioseo_notices":[],"jetpack_featured_media_url":"https:\/\/samanoticiasdurango.com\/wp-content\/uploads\/2022\/06\/141205111550_hospital_guatemala_guatemala_624x351_bbc.jpg","featured_image_urls":{"full":["https:\/\/samanoticiasdurango.com\/wp-content\/uploads\/2022\/06\/141205111550_hospital_guatemala_guatemala_624x351_bbc.jpg",640,360,false],"thumbnail":["https:\/\/samanoticiasdurango.com\/wp-content\/uploads\/2022\/06\/141205111550_hospital_guatemala_guatemala_624x351_bbc-150x150.jpg",150,150,true],"medium":["https:\/\/samanoticiasdurango.com\/wp-content\/uploads\/2022\/06\/141205111550_hospital_guatemala_guatemala_624x351_bbc-300x169.jpg",300,169,true],"medium_large":["https:\/\/samanoticiasdurango.com\/wp-content\/uploads\/2022\/06\/141205111550_hospital_guatemala_guatemala_624x351_bbc.jpg",640,360,false],"large":["https:\/\/samanoticiasdurango.com\/wp-content\/uploads\/2022\/06\/141205111550_hospital_guatemala_guatemala_624x351_bbc.jpg",640,360,false],"1536x1536":["https:\/\/samanoticiasdurango.com\/wp-content\/uploads\/2022\/06\/141205111550_hospital_guatemala_guatemala_624x351_bbc.jpg",640,360,false],"2048x2048":["https:\/\/samanoticiasdurango.com\/wp-content\/uploads\/2022\/06\/141205111550_hospital_guatemala_guatemala_624x351_bbc.jpg",640,360,false],"chromenews-featured":["https:\/\/samanoticiasdurango.com\/wp-content\/uploads\/2022\/06\/141205111550_hospital_guatemala_guatemala_624x351_bbc.jpg",640,360,false],"chromenews-large":["https:\/\/samanoticiasdurango.com\/wp-content\/uploads\/2022\/06\/141205111550_hospital_guatemala_guatemala_624x351_bbc.jpg",640,360,false],"chromenews-medium":["https:\/\/samanoticiasdurango.com\/wp-content\/uploads\/2022\/06\/141205111550_hospital_guatemala_guatemala_624x351_bbc-590x360.jpg",590,360,true]},"author_info":{"display_name":"Redacci\u00f3n","author_link":"https:\/\/samanoticiasdurango.com\/index.php\/author\/jjsama13gmail-com\/"},"category_info":"<a href=\"https:\/\/samanoticiasdurango.com\/index.php\/category\/nacional\/\" rel=\"category tag\">NACIONAL<\/a>","tag_info":"NACIONAL","comment_count":"0","jetpack_sharing_enabled":true,"_links":{"self":[{"href":"https:\/\/samanoticiasdurango.com\/index.php\/wp-json\/wp\/v2\/posts\/1514","targetHints":{"allow":["GET"]}}],"collection":[{"href":"https:\/\/samanoticiasdurango.com\/index.php\/wp-json\/wp\/v2\/posts"}],"about":[{"href":"https:\/\/samanoticiasdurango.com\/index.php\/wp-json\/wp\/v2\/types\/post"}],"author":[{"embeddable":true,"href":"https:\/\/samanoticiasdurango.com\/index.php\/wp-json\/wp\/v2\/users\/1"}],"replies":[{"embeddable":true,"href":"https:\/\/samanoticiasdurango.com\/index.php\/wp-json\/wp\/v2\/comments?post=1514"}],"version-history":[{"count":2,"href":"https:\/\/samanoticiasdurango.com\/index.php\/wp-json\/wp\/v2\/posts\/1514\/revisions"}],"predecessor-version":[{"id":1520,"href":"https:\/\/samanoticiasdurango.com\/index.php\/wp-json\/wp\/v2\/posts\/1514\/revisions\/1520"}],"wp:featuredmedia":[{"embeddable":true,"href":"https:\/\/samanoticiasdurango.com\/index.php\/wp-json\/wp\/v2\/media\/1517"}],"wp:attachment":[{"href":"https:\/\/samanoticiasdurango.com\/index.php\/wp-json\/wp\/v2\/media?parent=1514"}],"wp:term":[{"taxonomy":"category","embeddable":true,"href":"https:\/\/samanoticiasdurango.com\/index.php\/wp-json\/wp\/v2\/categories?post=1514"},{"taxonomy":"post_tag","embeddable":true,"href":"https:\/\/samanoticiasdurango.com\/index.php\/wp-json\/wp\/v2\/tags?post=1514"}],"curies":[{"name":"wp","href":"https:\/\/api.w.org\/{rel}","templated":true}]}}