{"id":1526,"date":"2022-06-16T17:03:32","date_gmt":"2022-06-16T17:03:32","guid":{"rendered":"http:\/\/samanoticiasdurango.com\/?p=1526"},"modified":"2022-06-16T17:03:37","modified_gmt":"2022-06-16T17:03:37","slug":"durango-hace-unos-dias-se-celebro-la-conmemoracion-de-la-libertad-de-expresion-se-dijo-que-este-gobierno-no-ha-caido-en-la-censura-nada-mas-falso-veronica-terrones-romero-y-el-sometimiento-de-los","status":"publish","type":"post","link":"https:\/\/samanoticiasdurango.com\/index.php\/2022\/06\/16\/durango-hace-unos-dias-se-celebro-la-conmemoracion-de-la-libertad-de-expresion-se-dijo-que-este-gobierno-no-ha-caido-en-la-censura-nada-mas-falso-veronica-terrones-romero-y-el-sometimiento-de-los\/","title":{"rendered":"#Durango Hace unos d\u00edas se celebr\u00f3 la conmemoraci\u00f3n de la libertad de expresi\u00f3n, se dijo, que este gobierno no ha ca\u00eddo en la censura, nada m\u00e1s falso. Ver\u00f3nica Terrones Romero y el sometimiento de los medios"},"content":{"rendered":"\n<p><strong>Recordemos los acontecimientos cuando escase\u00f3 la gasolina, las protestas a las afueras de las instalaciones de Pemex fueron constantes, por la cobertura de las quejas contra el gobierno, fue despedido de Canal 12 el reportero Jorge Beltr\u00e1n, por \u00f3rdenes de Ver\u00f3nica Terrones.<\/strong><\/p>\n\n\n\n<p><strong>Y as\u00ed hay m\u00e1s ejemplos de una vieja pr\u00e1ctica de sometimiento de los medios, tras la amenaza de no pagar o cancelar los convenios, los adeudos a los medios son de meses, la relaci\u00f3n con gobierno est\u00e1 fracturada.<\/strong><\/p>\n\n\n\n<p><strong>\u00bfPorque muy pocos medios se atreven a publicar al respecto?, precisamente, porque ante un gobierno que ya se va, esperan que salde al menos una parte de los adeudos, si lo hacen, saben que ya no recibir\u00e1n nada.<\/strong><\/p>\n\n\n\n<p><strong>\u00bfQu\u00e9 viene? Ya sin el fuero y la protecci\u00f3n de Jos\u00e9 Rosas Aispuro Torres, \u00bfCu\u00e1l ser\u00e1 su futuro como Regidora de la capital?, \u00bfQui\u00e9nes de sus excompa\u00f1eros comunicadores o due\u00f1os de los medios le dar\u00e1n protecci\u00f3n y cobijo en su trabajo como edil?<\/strong><\/p>\n\n\n\n<p><strong>\u00bfQu\u00e9 pasar\u00e1 cuando termine esos tres a\u00f1os, si acaso los termina?, \u00bfEstar\u00e1 ya pactado con el nuevo gobierno ubicarla como funcionaria estatal?<\/strong><\/p>\n\n\n\n<p><strong>Nunca un personaje hab\u00eda unido tanta animadversi\u00f3n por parte de directivos, editores y trabajadores de los medios de comunicaci\u00f3n en Durango, nadie.<\/strong><\/p>\n","protected":false},"excerpt":{"rendered":"<p>Recordemos los acontecimientos cuando escase\u00f3 la gasolina, las protestas a las afueras de las instalaciones<\/p>\n","protected":false},"author":1,"featured_media":1527,"comment_status":"open","ping_status":"open","sticky":false,"template":"","format":"standard","meta":{"om_disable_all_campaigns":false,"_monsterinsights_skip_tracking":false,"_monsterinsights_sitenote_active":false,"_monsterinsights_sitenote_note":"","_monsterinsights_sitenote_category":0,"_jetpack_memberships_contains_paid_content":false,"footnotes":"","jetpack_publicize_message":"","jetpack_publicize_feature_enabled":true,"jetpack_social_post_already_shared":false,"jetpack_social_options":{"image_generator_settings":{"template":"highway","enabled":false},"version":2}},"categories":[1],"tags":[],"class_list":["post-1526","post","type-post","status-publish","format-standard","has-post-thumbnail","hentry","category-archivo"],"jetpack_publicize_connections":[],"aioseo_notices":[],"jetpack_featured_media_url":"https:\/\/samanoticiasdurango.com\/wp-content\/uploads\/2022\/06\/SEMANARIO-187_page-0001-scaled.jpg","featured_image_urls":{"full":["https:\/\/samanoticiasdurango.com\/wp-content\/uploads\/2022\/06\/SEMANARIO-187_page-0001-scaled.jpg",2133,2560,false],"thumbnail":["https:\/\/samanoticiasdurango.com\/wp-content\/uploads\/2022\/06\/SEMANARIO-187_page-0001-150x150.jpg",150,150,true],"medium":["https:\/\/samanoticiasdurango.com\/wp-content\/uploads\/2022\/06\/SEMANARIO-187_page-0001-250x300.jpg",250,300,true],"medium_large":["https:\/\/samanoticiasdurango.com\/wp-content\/uploads\/2022\/06\/SEMANARIO-187_page-0001-768x922.jpg",640,768,true],"large":["https:\/\/samanoticiasdurango.com\/wp-content\/uploads\/2022\/06\/SEMANARIO-187_page-0001-853x1024.jpg",640,768,true],"1536x1536":["https:\/\/samanoticiasdurango.com\/wp-content\/uploads\/2022\/06\/SEMANARIO-187_page-0001-1280x1536.jpg",1280,1536,true],"2048x2048":["https:\/\/samanoticiasdurango.com\/wp-content\/uploads\/2022\/06\/SEMANARIO-187_page-0001-1706x2048.jpg",1706,2048,true],"chromenews-featured":["https:\/\/samanoticiasdurango.com\/wp-content\/uploads\/2022\/06\/SEMANARIO-187_page-0001-1024x1229.jpg",1024,1229,true],"chromenews-large":["https:\/\/samanoticiasdurango.com\/wp-content\/uploads\/2022\/06\/SEMANARIO-187_page-0001-825x575.jpg",825,575,true],"chromenews-medium":["https:\/\/samanoticiasdurango.com\/wp-content\/uploads\/2022\/06\/SEMANARIO-187_page-0001-590x410.jpg",590,410,true]},"author_info":{"display_name":"Redacci\u00f3n","author_link":"https:\/\/samanoticiasdurango.com\/index.php\/author\/jjsama13gmail-com\/"},"category_info":"<a href=\"https:\/\/samanoticiasdurango.com\/index.php\/category\/archivo\/\" rel=\"category tag\">DURANGO<\/a>","tag_info":"DURANGO","comment_count":"0","jetpack_sharing_enabled":true,"_links":{"self":[{"href":"https:\/\/samanoticiasdurango.com\/index.php\/wp-json\/wp\/v2\/posts\/1526","targetHints":{"allow":["GET"]}}],"collection":[{"href":"https:\/\/samanoticiasdurango.com\/index.php\/wp-json\/wp\/v2\/posts"}],"about":[{"href":"https:\/\/samanoticiasdurango.com\/index.php\/wp-json\/wp\/v2\/types\/post"}],"author":[{"embeddable":true,"href":"https:\/\/samanoticiasdurango.com\/index.php\/wp-json\/wp\/v2\/users\/1"}],"replies":[{"embeddable":true,"href":"https:\/\/samanoticiasdurango.com\/index.php\/wp-json\/wp\/v2\/comments?post=1526"}],"version-history":[{"count":1,"href":"https:\/\/samanoticiasdurango.com\/index.php\/wp-json\/wp\/v2\/posts\/1526\/revisions"}],"predecessor-version":[{"id":1528,"href":"https:\/\/samanoticiasdurango.com\/index.php\/wp-json\/wp\/v2\/posts\/1526\/revisions\/1528"}],"wp:featuredmedia":[{"embeddable":true,"href":"https:\/\/samanoticiasdurango.com\/index.php\/wp-json\/wp\/v2\/media\/1527"}],"wp:attachment":[{"href":"https:\/\/samanoticiasdurango.com\/index.php\/wp-json\/wp\/v2\/media?parent=1526"}],"wp:term":[{"taxonomy":"category","embeddable":true,"href":"https:\/\/samanoticiasdurango.com\/index.php\/wp-json\/wp\/v2\/categories?post=1526"},{"taxonomy":"post_tag","embeddable":true,"href":"https:\/\/samanoticiasdurango.com\/index.php\/wp-json\/wp\/v2\/tags?post=1526"}],"curies":[{"name":"wp","href":"https:\/\/api.w.org\/{rel}","templated":true}]}}