{"id":15307,"date":"2026-09-01T21:01:46","date_gmt":"2026-09-01T21:01:46","guid":{"rendered":"https:\/\/samanoticiasdurango.com\/?p=15307"},"modified":"2026-09-01T21:01:48","modified_gmt":"2026-09-01T21:01:48","slug":"en-el-tercer-ano-de-ejercicio-constitucional","status":"publish","type":"post","link":"https:\/\/samanoticiasdurango.com\/index.php\/2026\/09\/01\/en-el-tercer-ano-de-ejercicio-constitucional\/","title":{"rendered":"En el Tercer A\u00f1o de Ejercicio Constitucional"},"content":{"rendered":"\n<p>Diferencias no detendr\u00e1n trabajo legislativo por Durango: diputados<\/p>\n\n\n\n<p>Durante la sesi\u00f3n de apertura del Primer Periodo Ordinario de Sesiones del Tercer A\u00f1o de Ejercicio Constitucional, las y los diputados locales coincidieron en fortalecer el trabajo legislativo, privilegiar el di\u00e1logo y los acuerdos, as\u00ed como mantener como prioridad las necesidades de las familias duranguenses y evitar que el proceso electoral interfiera con la agenda del Congreso del Estado.<\/p>\n\n\n\n<p>Al realizar el posicionamiento del Grupo Parlamentario del PAN, su coordinador Alejandro Mojica Narvaez destac\u00f3 que la pluralidad del Congreso debe convertirse en una fortaleza para atender temas como salud, educaci\u00f3n, seguridad, desarrollo econ\u00f3mico, campo, agua, patrimonio familiar y oportunidades para las nuevas generaciones. \u201cQue nuestras diferencias formen parte del debate parlamentario, pero que no sean en ning\u00fan momento un obst\u00e1culo para alcanzar los consensos que Durango necesita\u201d, expres\u00f3.<\/p>\n\n\n\n<p>A firm\u00f3 que la Agenda Legislativa Institucional ser\u00e1 una gu\u00eda para avanzar en las prioridades compartidas por las diferentes fuerzas pol\u00edticas y llam\u00f3 a mantener una coordinaci\u00f3n responsable con el Gobierno del Estado. Adem\u00e1s, reconoci\u00f3 el trabajo realizado por el coordinador parlamentario del PRI, Ernesto Alan\u00eds Herrera, y subray\u00f3 que el tercer a\u00f1o debe ser una etapa de unidad en torno a la prosperidad de las familias y al desarrollo del Estado, bajo la premisa de que \u201csi al gobierno le va bien, a los duranguenses les ir\u00e1 bien\u201d.<\/p>\n\n\n\n<p>Por su parte, el coordinador del Grupo Parlamentario del PRI, Ernesto Alan\u00eds Herrera, destac\u00f3 que durante el \u00faltimo a\u00f1o de la Legislatura ser\u00e1 fundamental mantener la capacidad de construir acuerdos, aun en medio de las diferencias pol\u00edticas; adem\u00e1s<br>plante\u00f3 tres grandes desaf\u00edos para el Congreso, su modernizaci\u00f3n, el fortalecimiento de las normas jur\u00eddicas y una mayor rendici\u00f3n de cuentas y fiscalizaci\u00f3n de los recursos p\u00fablicos.<\/p>\n\n\n\n<p>Consider\u00f3 que un Parlamento moderno debe ser m\u00e1s transparente, exigente y cercano a la ciudadan\u00eda, adem\u00e1s de elevar el nivel del debate pol\u00edtico. \u201cUn Congreso fuerte no es aquel en el que todos piensan igual, es aquel que pensando distinto es capaz de ponerse de acuerdo cuando Durango lo necesita\u2026Los tiempos electorales no deben entorpecer los tiempos legislativos\u201d, enfatiz\u00f3, al se\u00f1alar que la agenda del Congreso debe mantenerse enfocada en las leyes, las instituciones, el presupuesto, la seguridad, la educaci\u00f3n y el desarrollo econ\u00f3mico.<\/p>\n\n\n\n<p>A nombre del Grupo Parlamentario de Morena, Nadia Mil\u00e1n Ram\u00edrez se\u00f1al\u00f3 que el tercer a\u00f1o legislativo representa una oportunidad para consolidar los avances alcanzados y responder con resultados a las necesidades de la poblaci\u00f3n y resalt\u00f3 que entre las prioridades estar\u00e1n el campo, la seguridad, la justicia social, la salud, los derechos de las personas con discapacidad y el fortalecimiento de los pueblos originarios, con especial atenci\u00f3n a las nuevas generaciones.<\/p>\n\n\n\n<p>Afirm\u00f3 que, m\u00e1s all\u00e1 de los colores partidistas, la responsabilidad de las y los diputados es con el pueblo de Durango y llam\u00f3 a construir consensos para atender las principales demandas sociales. \u201cNuestra agenda ser\u00e1 clara: legislar para la gente, ampliar derechos, generar mejores oportunidades y bienestar para la sociedad\u201d, expres\u00f3 al manifestar su respaldo de la coalici\u00f3n parlamentaria de la Cuarta Transformaci\u00f3n al proyecto nacional encabezado por la presidenta Claudia Sheinbaum Pardo.<\/p>\n\n\n\n<p>El diputado de Movimiento Ciudadano, Mart\u00edn Vivanco Lira, plante\u00f3 como una de sus principales prioridades impulsar la Ley del Sistema Estatal de Cuidados, con el objetivo de dar contenido y respaldo presupuestal al derecho al cuidado que ya fue reconocido constitucionalmente.<\/p>\n\n\n\n<p>Vivanco Lira tambi\u00e9n llam\u00f3 a retomar el debate sobre la educaci\u00f3n y a buscar nuevas alternativas para el desarrollo econ\u00f3mico y financiero del Estado. Advirti\u00f3 sobre los retos que representan la situaci\u00f3n de las finanzas p\u00fablicas nacionales y los ajustes en las participaciones federales; tambi\u00e9n llam\u00f3 a que el pr\u00f3ximo proceso electoral no desplace la responsabilidad legislativa y pidi\u00f3 recuperar la confianza ciudadana mediante resultados.<\/p>\n\n\n\n<p>A nombre del Partido Verde Ecologista de M\u00e9xico, Osbaldo Santill\u00e1n afirm\u00f3 que el tercer a\u00f1o de la Legislatura debe estar marcado por resultados concretos y por la capacidad de transformar las propuestas en soluciones para la ciudadan\u00eda. Destac\u00f3 que durante los dos primeros a\u00f1os su grupo parlamentario ha impulsado iniciativas y reformas dirigidas principalmente a sectores vulnerables.<\/p>\n\n\n\n<p>\u201cSer parte de una mayor\u00eda no significa renunciar a nuestras convicciones, significa tener la responsabilidad de hacer que los acuerdos se conviertan en resultados\u201d, se\u00f1al\u00f3 al plantar como prioridad abatir el rezago legislativo, cerrar pendientes y aprobar las reformas que realmente requiere Durango. Reafirm\u00f3 que el Partido Verde ser\u00e1 una fuerza responsable y dispuesta a construir acuerdos, pero tambi\u00e9n cr\u00edtica cuando sea necesario defender los intereses de la ciudadan\u00eda.<\/p>\n","protected":false},"excerpt":{"rendered":"<p>Diferencias no detendr\u00e1n trabajo legislativo por Durango: diputados Durante la sesi\u00f3n de apertura del Primer<\/p>\n","protected":false},"author":1,"featured_media":15308,"comment_status":"open","ping_status":"open","sticky":false,"template":"","format":"standard","meta":{"om_disable_all_campaigns":false,"_monsterinsights_skip_tracking":false,"_monsterinsights_sitenote_active":false,"_monsterinsights_sitenote_note":"","_monsterinsights_sitenote_category":0,"_jetpack_memberships_contains_paid_content":false,"footnotes":"","jetpack_publicize_message":"","jetpack_publicize_feature_enabled":true,"jetpack_social_post_already_shared":true,"jetpack_social_options":{"image_generator_settings":{"template":"highway","enabled":false},"version":2}},"categories":[1],"tags":[],"class_list":["post-15307","post","type-post","status-publish","format-standard","has-post-thumbnail","hentry","category-archivo"],"jetpack_publicize_connections":[],"aioseo_notices":[],"jetpack_featured_media_url":"https:\/\/samanoticiasdurango.com\/wp-content\/uploads\/WhatsApp-Image-2026-09-01-at-1.11.25-PM.jpeg","featured_image_urls":{"full":["https:\/\/samanoticiasdurango.com\/wp-content\/uploads\/WhatsApp-Image-2026-09-01-at-1.11.25-PM.jpeg",1096,730,false],"thumbnail":["https:\/\/samanoticiasdurango.com\/wp-content\/uploads\/WhatsApp-Image-2026-09-01-at-1.11.25-PM-150x150.jpeg",150,150,true],"medium":["https:\/\/samanoticiasdurango.com\/wp-content\/uploads\/WhatsApp-Image-2026-09-01-at-1.11.25-PM-300x200.jpeg",300,200,true],"medium_large":["https:\/\/samanoticiasdurango.com\/wp-content\/uploads\/WhatsApp-Image-2026-09-01-at-1.11.25-PM-768x512.jpeg",640,427,true],"large":["https:\/\/samanoticiasdurango.com\/wp-content\/uploads\/WhatsApp-Image-2026-09-01-at-1.11.25-PM-1024x682.jpeg",640,426,true],"1536x1536":["https:\/\/samanoticiasdurango.com\/wp-content\/uploads\/WhatsApp-Image-2026-09-01-at-1.11.25-PM.jpeg",1096,730,false],"2048x2048":["https:\/\/samanoticiasdurango.com\/wp-content\/uploads\/WhatsApp-Image-2026-09-01-at-1.11.25-PM.jpeg",1096,730,false],"chromenews-featured":["https:\/\/samanoticiasdurango.com\/wp-content\/uploads\/WhatsApp-Image-2026-09-01-at-1.11.25-PM-1024x682.jpeg",1024,682,true],"chromenews-large":["https:\/\/samanoticiasdurango.com\/wp-content\/uploads\/WhatsApp-Image-2026-09-01-at-1.11.25-PM-825x575.jpeg",825,575,true],"chromenews-medium":["https:\/\/samanoticiasdurango.com\/wp-content\/uploads\/WhatsApp-Image-2026-09-01-at-1.11.25-PM-590x410.jpeg",590,410,true]},"author_info":{"display_name":"Redacci\u00f3n","author_link":"https:\/\/samanoticiasdurango.com\/index.php\/author\/jjsama13gmail-com\/"},"category_info":"<a href=\"https:\/\/samanoticiasdurango.com\/index.php\/category\/archivo\/\" rel=\"category tag\">DURANGO<\/a>","tag_info":"DURANGO","comment_count":"0","jetpack_sharing_enabled":true,"_links":{"self":[{"href":"https:\/\/samanoticiasdurango.com\/index.php\/wp-json\/wp\/v2\/posts\/15307","targetHints":{"allow":["GET"]}}],"collection":[{"href":"https:\/\/samanoticiasdurango.com\/index.php\/wp-json\/wp\/v2\/posts"}],"about":[{"href":"https:\/\/samanoticiasdurango.com\/index.php\/wp-json\/wp\/v2\/types\/post"}],"author":[{"embeddable":true,"href":"https:\/\/samanoticiasdurango.com\/index.php\/wp-json\/wp\/v2\/users\/1"}],"replies":[{"embeddable":true,"href":"https:\/\/samanoticiasdurango.com\/index.php\/wp-json\/wp\/v2\/comments?post=15307"}],"version-history":[{"count":1,"href":"https:\/\/samanoticiasdurango.com\/index.php\/wp-json\/wp\/v2\/posts\/15307\/revisions"}],"predecessor-version":[{"id":15309,"href":"https:\/\/samanoticiasdurango.com\/index.php\/wp-json\/wp\/v2\/posts\/15307\/revisions\/15309"}],"wp:featuredmedia":[{"embeddable":true,"href":"https:\/\/samanoticiasdurango.com\/index.php\/wp-json\/wp\/v2\/media\/15308"}],"wp:attachment":[{"href":"https:\/\/samanoticiasdurango.com\/index.php\/wp-json\/wp\/v2\/media?parent=15307"}],"wp:term":[{"taxonomy":"category","embeddable":true,"href":"https:\/\/samanoticiasdurango.com\/index.php\/wp-json\/wp\/v2\/categories?post=15307"},{"taxonomy":"post_tag","embeddable":true,"href":"https:\/\/samanoticiasdurango.com\/index.php\/wp-json\/wp\/v2\/tags?post=15307"}],"curies":[{"name":"wp","href":"https:\/\/api.w.org\/{rel}","templated":true}]}}