{"id":15320,"date":"2026-09-03T19:46:07","date_gmt":"2026-09-03T19:46:07","guid":{"rendered":"https:\/\/samanoticiasdurango.com\/?p=15320"},"modified":"2026-09-03T19:46:08","modified_gmt":"2026-09-03T19:46:08","slug":"congreso-debe-cerrar-con-acuerdos-modernizacion-y-resultados-alanis-herrera","status":"publish","type":"post","link":"https:\/\/samanoticiasdurango.com\/index.php\/2026\/09\/03\/congreso-debe-cerrar-con-acuerdos-modernizacion-y-resultados-alanis-herrera\/","title":{"rendered":"Congreso debe cerrar con acuerdos, modernizaci\u00f3n y resultados: Alan\u00eds Herrera"},"content":{"rendered":"\n<p>El coordinador del Grupo Parlamentario del PRI, Ernesto Alan\u00eds Herrera, afirm\u00f3 que el Tercer A\u00f1o de Ejercicio Constitucional deber\u00e1 estar marcado por la responsabilidad, los acuerdos y una agenda legislativa que coloque en el centro las necesidades de las familias duranguenses, por encima de las diferencias pol\u00edticas y de los tiempos electorales.<\/p>\n\n\n\n<p>\u201cUn Congreso fuerte no es aquel en el que todos piensan igual, es aquel que pensando distinto es capaz de ponerse de acuerdo cuando Durango lo necesita\u201d, consider\u00f3 al realizar el posicionamiento de su bancada en la apertura del \u00faltimo a\u00f1o de la Legislatura.<\/p>\n\n\n\n<p>Destac\u00f3 que durante su etapa al frente de la Junta de Gobierno y Coordinaci\u00f3n Pol\u00edtica se demostr\u00f3 que, aun en un Congreso plural, es posible construir consensos y sacar adelante decisiones con impacto real en la vida de los ciudadanos.<\/p>\n\n\n\n<p>\u201cHemos discrepado y tambi\u00e9n defendimos posiciones distintas como corresponde a un Congreso plural, pero tambi\u00e9n encontramos puntos de coincidencia para sacar adelante decisiones que tienen consecuencias reales en la vida de las personas\u201d, expres\u00f3.<\/p>\n\n\n\n<p>De cara al \u00faltimo a\u00f1o legislativo, el diputado priista hizo un llamado a mantener separados los tiempos electorales de la responsabilidad parlamentaria, particularmente ante el inicio de nuevos procesos pol\u00edticos en el estado, para evitar que las aspiraciones partidistas interfieran con el trabajo que corresponde al Poder Legislativo.<\/p>\n\n\n\n<p>\u201cLos tiempos electorales no deben entorpecer los tiempos legislativos. Tenemos que saber separar las agendas. Una es la agenda electoral y otra distinta es la agenda legislativa, la que tiene que ver con las leyes, con las instituciones, con el presupuesto, con la seguridad, con la educaci\u00f3n y con el desarrollo econ\u00f3mico\u201d, puntualiz\u00f3.<\/p>\n\n\n\n<p>Alan\u00eds Herrera plante\u00f3 adem\u00e1s como uno de los principales retos la modernizaci\u00f3n del Congreso del Estado, con instituciones m\u00e1s transparentes, abiertas y cercanas a la ciudadan\u00eda, capaces de incorporar nuevas herramientas para legislar, fiscalizar y rendir cuentas.<\/p>\n\n\n\n<p>En este sentido, destac\u00f3 como un primer paso la presentaci\u00f3n de la iniciativa del C\u00f3digo de \u00c9tica del Poder Legislativo, al considerar que modernizar al Congreso tambi\u00e9n implica fortalecer los principios, responsabilidades y est\u00e1ndares de conducta de quienes integran la instituci\u00f3n.<\/p>\n\n\n\n<p>\u201cTenemos que seguir fortaleciendo los mecanismos que nos permiten vigilar el uso de los recursos p\u00fablicos, dar seguimiento a sus resultados y aprovechar las nuevas herramientas para hacer de la fiscalizaci\u00f3n un ejercicio cada vez m\u00e1s oportuno y profesional, pero m\u00e1s cercano a la ciudadan\u00eda\u201d, sostuvo.<\/p>\n\n\n\n<p>Asimismo, subray\u00f3 que la agenda legislativa deber\u00e1 mantener como prioridad a las familias y a los sectores que enfrentan mayores condiciones de vulnerabilidad, impulsando decisiones que tengan una repercusi\u00f3n directa en su calidad de vida.<\/p>\n\n\n\n<p>Finalmente, el coordinador del Grupo Parlamentario del PRI refrend\u00f3 el compromiso de su bancada con el Congreso y con Durango, as\u00ed como con los esfuerzos encabezados por el gobernador Esteban Villegas Villarreal, y convoc\u00f3 a las distintas fuerzas pol\u00edticas a cerrar la Legislatura con responsabilidad y visi\u00f3n de futuro.<\/p>\n","protected":false},"excerpt":{"rendered":"<p>El coordinador del Grupo Parlamentario del PRI, Ernesto Alan\u00eds Herrera, afirm\u00f3 que el Tercer A\u00f1o<\/p>\n","protected":false},"author":1,"featured_media":15321,"comment_status":"open","ping_status":"open","sticky":false,"template":"","format":"standard","meta":{"om_disable_all_campaigns":false,"_monsterinsights_skip_tracking":false,"_monsterinsights_sitenote_active":false,"_monsterinsights_sitenote_note":"","_monsterinsights_sitenote_category":0,"_jetpack_memberships_contains_paid_content":false,"footnotes":"","jetpack_publicize_message":"","jetpack_publicize_feature_enabled":true,"jetpack_social_post_already_shared":true,"jetpack_social_options":{"image_generator_settings":{"template":"highway","enabled":false},"version":2}},"categories":[1],"tags":[],"class_list":["post-15320","post","type-post","status-publish","format-standard","has-post-thumbnail","hentry","category-archivo"],"jetpack_publicize_connections":[],"aioseo_notices":[],"jetpack_featured_media_url":"https:\/\/samanoticiasdurango.com\/wp-content\/uploads\/WhatsApp-Image-2026-09-03-at-12.22.39-PM.jpeg","featured_image_urls":{"full":["https:\/\/samanoticiasdurango.com\/wp-content\/uploads\/WhatsApp-Image-2026-09-03-at-12.22.39-PM.jpeg",1096,730,false],"thumbnail":["https:\/\/samanoticiasdurango.com\/wp-content\/uploads\/WhatsApp-Image-2026-09-03-at-12.22.39-PM-150x150.jpeg",150,150,true],"medium":["https:\/\/samanoticiasdurango.com\/wp-content\/uploads\/WhatsApp-Image-2026-09-03-at-12.22.39-PM-300x200.jpeg",300,200,true],"medium_large":["https:\/\/samanoticiasdurango.com\/wp-content\/uploads\/WhatsApp-Image-2026-09-03-at-12.22.39-PM-768x512.jpeg",640,427,true],"large":["https:\/\/samanoticiasdurango.com\/wp-content\/uploads\/WhatsApp-Image-2026-09-03-at-12.22.39-PM-1024x682.jpeg",640,426,true],"1536x1536":["https:\/\/samanoticiasdurango.com\/wp-content\/uploads\/WhatsApp-Image-2026-09-03-at-12.22.39-PM.jpeg",1096,730,false],"2048x2048":["https:\/\/samanoticiasdurango.com\/wp-content\/uploads\/WhatsApp-Image-2026-09-03-at-12.22.39-PM.jpeg",1096,730,false],"chromenews-featured":["https:\/\/samanoticiasdurango.com\/wp-content\/uploads\/WhatsApp-Image-2026-09-03-at-12.22.39-PM-1024x682.jpeg",1024,682,true],"chromenews-large":["https:\/\/samanoticiasdurango.com\/wp-content\/uploads\/WhatsApp-Image-2026-09-03-at-12.22.39-PM-825x575.jpeg",825,575,true],"chromenews-medium":["https:\/\/samanoticiasdurango.com\/wp-content\/uploads\/WhatsApp-Image-2026-09-03-at-12.22.39-PM-590x410.jpeg",590,410,true]},"author_info":{"display_name":"Redacci\u00f3n","author_link":"https:\/\/samanoticiasdurango.com\/index.php\/author\/jjsama13gmail-com\/"},"category_info":"<a href=\"https:\/\/samanoticiasdurango.com\/index.php\/category\/archivo\/\" rel=\"category tag\">DURANGO<\/a>","tag_info":"DURANGO","comment_count":"0","jetpack_sharing_enabled":true,"_links":{"self":[{"href":"https:\/\/samanoticiasdurango.com\/index.php\/wp-json\/wp\/v2\/posts\/15320","targetHints":{"allow":["GET"]}}],"collection":[{"href":"https:\/\/samanoticiasdurango.com\/index.php\/wp-json\/wp\/v2\/posts"}],"about":[{"href":"https:\/\/samanoticiasdurango.com\/index.php\/wp-json\/wp\/v2\/types\/post"}],"author":[{"embeddable":true,"href":"https:\/\/samanoticiasdurango.com\/index.php\/wp-json\/wp\/v2\/users\/1"}],"replies":[{"embeddable":true,"href":"https:\/\/samanoticiasdurango.com\/index.php\/wp-json\/wp\/v2\/comments?post=15320"}],"version-history":[{"count":1,"href":"https:\/\/samanoticiasdurango.com\/index.php\/wp-json\/wp\/v2\/posts\/15320\/revisions"}],"predecessor-version":[{"id":15322,"href":"https:\/\/samanoticiasdurango.com\/index.php\/wp-json\/wp\/v2\/posts\/15320\/revisions\/15322"}],"wp:featuredmedia":[{"embeddable":true,"href":"https:\/\/samanoticiasdurango.com\/index.php\/wp-json\/wp\/v2\/media\/15321"}],"wp:attachment":[{"href":"https:\/\/samanoticiasdurango.com\/index.php\/wp-json\/wp\/v2\/media?parent=15320"}],"wp:term":[{"taxonomy":"category","embeddable":true,"href":"https:\/\/samanoticiasdurango.com\/index.php\/wp-json\/wp\/v2\/categories?post=15320"},{"taxonomy":"post_tag","embeddable":true,"href":"https:\/\/samanoticiasdurango.com\/index.php\/wp-json\/wp\/v2\/tags?post=15320"}],"curies":[{"name":"wp","href":"https:\/\/api.w.org\/{rel}","templated":true}]}}