{"id":15325,"date":"2026-09-05T19:54:25","date_gmt":"2026-09-05T19:54:25","guid":{"rendered":"https:\/\/samanoticiasdurango.com\/?p=15325"},"modified":"2026-09-05T19:54:26","modified_gmt":"2026-09-05T19:54:26","slug":"impulsara-martin-vivanco-ley-del-sistema-estatal-de-cuidados","status":"publish","type":"post","link":"https:\/\/samanoticiasdurango.com\/index.php\/2026\/09\/05\/impulsara-martin-vivanco-ley-del-sistema-estatal-de-cuidados\/","title":{"rendered":"Impulsar\u00e1 Mart\u00edn Vivanco Ley del Sistema Estatal de Cuidados"},"content":{"rendered":"\n<p>Al iniciar el Tercer A\u00f1o de Ejercicio Constitucional, el diputado Mart\u00edn Vivanco Lira, plante\u00f3 una agenda legislativa enfocada en crear la Ley del Sistema Estatal de Cuidados, las escuelas de tiempo completo; adem\u00e1s hizo un llamado a privilegiar el trabajo institucional y el consenso ante el escenario electoral de 2027.<\/p>\n\n\n\n<p>Como primera prioridad, anunci\u00f3 que presentar\u00e1 en la pr\u00f3xima sesi\u00f3n la iniciativa para crear la Ley del Sistema Estatal de Cuidados, con el objetivo de convertir en una realidad el derecho al cuidado que recientemente fue incorporado a la Constituci\u00f3n. Destac\u00f3 que se trata de reconocer el derecho de todas las personas a cuidar y ser cuidadas, as\u00ed como reconocer, remunerar y redistribuir las labores de cuidado, que actualmente recaen mayoritariamente en las mujeres.<\/p>\n\n\n\n<p>Vivanco Lira se\u00f1al\u00f3 que el reto ser\u00e1 construir una legislaci\u00f3n que no se quede \u00fanicamente en el papel, sino que cuente con respaldo presupuestal y permita avanzar gradualmente hacia un sistema estatal de cuidados. Por ello, anticip\u00f3 que ser\u00e1 necesario trabajar de manera responsable desde la Comisi\u00f3n de Hacienda para establecer un esquema acorde con las posibilidades financieras del Estado.<\/p>\n\n\n\n<p>Como segundo eje, anunci\u00f3 que buscar\u00e1 retomar el debate sobre la situaci\u00f3n educativa, al considerar que M\u00e9xico enfrenta un deterioro que puede tener consecuencias de largo plazo. Advirti\u00f3 que los problemas educativos no siempre son visibles de inmediato, pero terminan reflej\u00e1ndose en los aprendizajes y oportunidades de las nuevas generaciones.<\/p>\n\n\n\n<p>En este sentido, adelant\u00f3 que presentar\u00e1 diversas iniciativas en materia educativa y plantear\u00e1 la recuperaci\u00f3n paulatina de las escuelas de tiempo completo, al considerar que este modelo representaba una herramienta importante para fortalecer la educaci\u00f3n y apoyar a las familias, aunque reconoci\u00f3 que su implementaci\u00f3n implica un costo considerable.<\/p>\n","protected":false},"excerpt":{"rendered":"<p>Al iniciar el Tercer A\u00f1o de Ejercicio Constitucional, el diputado Mart\u00edn Vivanco Lira, plante\u00f3 una<\/p>\n","protected":false},"author":1,"featured_media":15326,"comment_status":"open","ping_status":"open","sticky":false,"template":"","format":"standard","meta":{"om_disable_all_campaigns":false,"_monsterinsights_skip_tracking":false,"_monsterinsights_sitenote_active":false,"_monsterinsights_sitenote_note":"","_monsterinsights_sitenote_category":0,"_jetpack_memberships_contains_paid_content":false,"footnotes":"","jetpack_publicize_message":"","jetpack_publicize_feature_enabled":true,"jetpack_social_post_already_shared":true,"jetpack_social_options":{"image_generator_settings":{"template":"highway","enabled":false},"version":2}},"categories":[1],"tags":[],"class_list":["post-15325","post","type-post","status-publish","format-standard","has-post-thumbnail","hentry","category-archivo"],"jetpack_publicize_connections":[],"aioseo_notices":[],"jetpack_featured_media_url":"https:\/\/samanoticiasdurango.com\/wp-content\/uploads\/WhatsApp-Image-2026-09-05-at-1.37.54-PM.jpeg","featured_image_urls":{"full":["https:\/\/samanoticiasdurango.com\/wp-content\/uploads\/WhatsApp-Image-2026-09-05-at-1.37.54-PM.jpeg",1096,730,false],"thumbnail":["https:\/\/samanoticiasdurango.com\/wp-content\/uploads\/WhatsApp-Image-2026-09-05-at-1.37.54-PM-150x150.jpeg",150,150,true],"medium":["https:\/\/samanoticiasdurango.com\/wp-content\/uploads\/WhatsApp-Image-2026-09-05-at-1.37.54-PM-300x200.jpeg",300,200,true],"medium_large":["https:\/\/samanoticiasdurango.com\/wp-content\/uploads\/WhatsApp-Image-2026-09-05-at-1.37.54-PM-768x512.jpeg",640,427,true],"large":["https:\/\/samanoticiasdurango.com\/wp-content\/uploads\/WhatsApp-Image-2026-09-05-at-1.37.54-PM-1024x682.jpeg",640,426,true],"1536x1536":["https:\/\/samanoticiasdurango.com\/wp-content\/uploads\/WhatsApp-Image-2026-09-05-at-1.37.54-PM.jpeg",1096,730,false],"2048x2048":["https:\/\/samanoticiasdurango.com\/wp-content\/uploads\/WhatsApp-Image-2026-09-05-at-1.37.54-PM.jpeg",1096,730,false],"chromenews-featured":["https:\/\/samanoticiasdurango.com\/wp-content\/uploads\/WhatsApp-Image-2026-09-05-at-1.37.54-PM-1024x682.jpeg",1024,682,true],"chromenews-large":["https:\/\/samanoticiasdurango.com\/wp-content\/uploads\/WhatsApp-Image-2026-09-05-at-1.37.54-PM-825x575.jpeg",825,575,true],"chromenews-medium":["https:\/\/samanoticiasdurango.com\/wp-content\/uploads\/WhatsApp-Image-2026-09-05-at-1.37.54-PM-590x410.jpeg",590,410,true]},"author_info":{"display_name":"Redacci\u00f3n","author_link":"https:\/\/samanoticiasdurango.com\/index.php\/author\/jjsama13gmail-com\/"},"category_info":"<a href=\"https:\/\/samanoticiasdurango.com\/index.php\/category\/archivo\/\" rel=\"category tag\">DURANGO<\/a>","tag_info":"DURANGO","comment_count":"0","jetpack_sharing_enabled":true,"_links":{"self":[{"href":"https:\/\/samanoticiasdurango.com\/index.php\/wp-json\/wp\/v2\/posts\/15325","targetHints":{"allow":["GET"]}}],"collection":[{"href":"https:\/\/samanoticiasdurango.com\/index.php\/wp-json\/wp\/v2\/posts"}],"about":[{"href":"https:\/\/samanoticiasdurango.com\/index.php\/wp-json\/wp\/v2\/types\/post"}],"author":[{"embeddable":true,"href":"https:\/\/samanoticiasdurango.com\/index.php\/wp-json\/wp\/v2\/users\/1"}],"replies":[{"embeddable":true,"href":"https:\/\/samanoticiasdurango.com\/index.php\/wp-json\/wp\/v2\/comments?post=15325"}],"version-history":[{"count":1,"href":"https:\/\/samanoticiasdurango.com\/index.php\/wp-json\/wp\/v2\/posts\/15325\/revisions"}],"predecessor-version":[{"id":15327,"href":"https:\/\/samanoticiasdurango.com\/index.php\/wp-json\/wp\/v2\/posts\/15325\/revisions\/15327"}],"wp:featuredmedia":[{"embeddable":true,"href":"https:\/\/samanoticiasdurango.com\/index.php\/wp-json\/wp\/v2\/media\/15326"}],"wp:attachment":[{"href":"https:\/\/samanoticiasdurango.com\/index.php\/wp-json\/wp\/v2\/media?parent=15325"}],"wp:term":[{"taxonomy":"category","embeddable":true,"href":"https:\/\/samanoticiasdurango.com\/index.php\/wp-json\/wp\/v2\/categories?post=15325"},{"taxonomy":"post_tag","embeddable":true,"href":"https:\/\/samanoticiasdurango.com\/index.php\/wp-json\/wp\/v2\/tags?post=15325"}],"curies":[{"name":"wp","href":"https:\/\/api.w.org\/{rel}","templated":true}]}}