{"id":15328,"date":"2026-09-05T19:55:41","date_gmt":"2026-09-05T19:55:41","guid":{"rendered":"https:\/\/samanoticiasdurango.com\/?p=15328"},"modified":"2026-09-05T19:55:42","modified_gmt":"2026-09-05T19:55:42","slug":"pvem-sera-critico-y-firme-para-impulsar-reformas-que-necesita-durango-osbaldo-santillan","status":"publish","type":"post","link":"https:\/\/samanoticiasdurango.com\/index.php\/2026\/09\/05\/pvem-sera-critico-y-firme-para-impulsar-reformas-que-necesita-durango-osbaldo-santillan\/","title":{"rendered":"PVEM ser\u00e1 cr\u00edtico y firme para impulsar reformas que necesita Durango: Osbaldo Santill\u00e1n."},"content":{"rendered":"\n<p>El diputado Osbaldo Santill\u00e1n G\u00f3mez afirm\u00f3 en el Tercer A\u00f1o Legislativo el Partido Verde asumir\u00e1 esta nueva etapa con el compromiso de dar resultados, abatir el rezago legislativo y concretar las reformas que verdaderamente requiere Durango, siempre colocando por delante las necesidades de la ciudadan\u00eda.<\/p>\n\n\n\n<p>Destac\u00f3 que durante los dos primeros a\u00f1os el Partido Verde ha participado de manera responsable en la construcci\u00f3n de acuerdos, impulsando iniciativas y posicionamientos en favor de quienes hist\u00f3ricamente han tenido menos voz, como los pueblos y comunidades ind\u00edgenas, las mujeres, ni\u00f1as, ni\u00f1os, personas en situaci\u00f3n vulnerable y las familias duranguenses.<\/p>\n\n\n\n<p>Se\u00f1al\u00f3 que formar parte de una mayor\u00eda legislativa no significa renunciar a las convicciones del Partido Verde, sino asumir la responsabilidad de que los acuerdos se traduzcan en resultados concretos para la poblaci\u00f3n. Por ello, refrend\u00f3 que la bancada continuar\u00e1 siendo aliada para construir, pero cr\u00edtica y firme cuando sea necesario, especialmente cuando alguna decisi\u00f3n pueda afectar a la ciudadan\u00eda.<\/p>\n\n\n\n<p>\u201cSeremos aliados para construir, pero nunca c\u00f3mplices para aquello que pueda perjudicar a la ciudadan\u00eda\u201d, afirm\u00f3 el diputado, al subrayar que el compromiso de su grupo parlamentario no est\u00e1 con la comodidad pol\u00edtica, sino con Durango y con las causas sociales que representa.<\/p>\n\n\n\n<p>De cara al \u00faltimo a\u00f1o de la actual Legislatura, consider\u00f3 indispensable cerrar pendientes, abatir el rezago legislativo y aprobar las reformas necesarias para el Estado, con una visi\u00f3n de largo plazo que permita dejar un marco jur\u00eddico que responda a las nuevas necesidades de la sociedad y beneficie tambi\u00e9n a las pr\u00f3ximas generaciones.<\/p>\n\n\n\n<p>El diputado del Partido Verde sostuvo que el desempe\u00f1o de una Legislatura no debe medirse por la cantidad de discursos pronunciados desde la tribuna, sino por las soluciones que logra construir y por las leyes que deja como resultado de su trabajo.<\/p>\n\n\n\n<p>Por ello, Osbaldo Santill\u00e1n llam\u00f3 a sus compa\u00f1eros legisladores a asumir con responsabilidad este tercer a\u00f1o y aprovechar cada periodo de trabajo para transformar las propuestas en resultados, mantener el di\u00e1logo y defender las causas de la ciudadan\u00eda.<\/p>\n\n\n\n<p>\u201cQue el \u00faltimo a\u00f1o de esta Legislatura no se recuerde por lo que prometimos, sino por lo que fuimos capaces de transformar\u201d, expres\u00f3.<\/p>\n","protected":false},"excerpt":{"rendered":"<p>El diputado Osbaldo Santill\u00e1n G\u00f3mez afirm\u00f3 en el Tercer A\u00f1o Legislativo el Partido Verde asumir\u00e1<\/p>\n","protected":false},"author":1,"featured_media":15329,"comment_status":"open","ping_status":"open","sticky":false,"template":"","format":"standard","meta":{"om_disable_all_campaigns":false,"_monsterinsights_skip_tracking":false,"_monsterinsights_sitenote_active":false,"_monsterinsights_sitenote_note":"","_monsterinsights_sitenote_category":0,"_jetpack_memberships_contains_paid_content":false,"footnotes":"","jetpack_publicize_message":"","jetpack_publicize_feature_enabled":true,"jetpack_social_post_already_shared":true,"jetpack_social_options":{"image_generator_settings":{"template":"highway","enabled":false},"version":2}},"categories":[1],"tags":[],"class_list":["post-15328","post","type-post","status-publish","format-standard","has-post-thumbnail","hentry","category-archivo"],"jetpack_publicize_connections":[],"aioseo_notices":[],"jetpack_featured_media_url":"https:\/\/samanoticiasdurango.com\/wp-content\/uploads\/WhatsApp-Image-2026-09-05-at-1.38.26-PM.jpeg","featured_image_urls":{"full":["https:\/\/samanoticiasdurango.com\/wp-content\/uploads\/WhatsApp-Image-2026-09-05-at-1.38.26-PM.jpeg",1096,730,false],"thumbnail":["https:\/\/samanoticiasdurango.com\/wp-content\/uploads\/WhatsApp-Image-2026-09-05-at-1.38.26-PM-150x150.jpeg",150,150,true],"medium":["https:\/\/samanoticiasdurango.com\/wp-content\/uploads\/WhatsApp-Image-2026-09-05-at-1.38.26-PM-300x200.jpeg",300,200,true],"medium_large":["https:\/\/samanoticiasdurango.com\/wp-content\/uploads\/WhatsApp-Image-2026-09-05-at-1.38.26-PM-768x512.jpeg",640,427,true],"large":["https:\/\/samanoticiasdurango.com\/wp-content\/uploads\/WhatsApp-Image-2026-09-05-at-1.38.26-PM-1024x682.jpeg",640,426,true],"1536x1536":["https:\/\/samanoticiasdurango.com\/wp-content\/uploads\/WhatsApp-Image-2026-09-05-at-1.38.26-PM.jpeg",1096,730,false],"2048x2048":["https:\/\/samanoticiasdurango.com\/wp-content\/uploads\/WhatsApp-Image-2026-09-05-at-1.38.26-PM.jpeg",1096,730,false],"chromenews-featured":["https:\/\/samanoticiasdurango.com\/wp-content\/uploads\/WhatsApp-Image-2026-09-05-at-1.38.26-PM-1024x682.jpeg",1024,682,true],"chromenews-large":["https:\/\/samanoticiasdurango.com\/wp-content\/uploads\/WhatsApp-Image-2026-09-05-at-1.38.26-PM-825x575.jpeg",825,575,true],"chromenews-medium":["https:\/\/samanoticiasdurango.com\/wp-content\/uploads\/WhatsApp-Image-2026-09-05-at-1.38.26-PM-590x410.jpeg",590,410,true]},"author_info":{"display_name":"Redacci\u00f3n","author_link":"https:\/\/samanoticiasdurango.com\/index.php\/author\/jjsama13gmail-com\/"},"category_info":"<a href=\"https:\/\/samanoticiasdurango.com\/index.php\/category\/archivo\/\" rel=\"category tag\">DURANGO<\/a>","tag_info":"DURANGO","comment_count":"0","jetpack_sharing_enabled":true,"_links":{"self":[{"href":"https:\/\/samanoticiasdurango.com\/index.php\/wp-json\/wp\/v2\/posts\/15328","targetHints":{"allow":["GET"]}}],"collection":[{"href":"https:\/\/samanoticiasdurango.com\/index.php\/wp-json\/wp\/v2\/posts"}],"about":[{"href":"https:\/\/samanoticiasdurango.com\/index.php\/wp-json\/wp\/v2\/types\/post"}],"author":[{"embeddable":true,"href":"https:\/\/samanoticiasdurango.com\/index.php\/wp-json\/wp\/v2\/users\/1"}],"replies":[{"embeddable":true,"href":"https:\/\/samanoticiasdurango.com\/index.php\/wp-json\/wp\/v2\/comments?post=15328"}],"version-history":[{"count":1,"href":"https:\/\/samanoticiasdurango.com\/index.php\/wp-json\/wp\/v2\/posts\/15328\/revisions"}],"predecessor-version":[{"id":15330,"href":"https:\/\/samanoticiasdurango.com\/index.php\/wp-json\/wp\/v2\/posts\/15328\/revisions\/15330"}],"wp:featuredmedia":[{"embeddable":true,"href":"https:\/\/samanoticiasdurango.com\/index.php\/wp-json\/wp\/v2\/media\/15329"}],"wp:attachment":[{"href":"https:\/\/samanoticiasdurango.com\/index.php\/wp-json\/wp\/v2\/media?parent=15328"}],"wp:term":[{"taxonomy":"category","embeddable":true,"href":"https:\/\/samanoticiasdurango.com\/index.php\/wp-json\/wp\/v2\/categories?post=15328"},{"taxonomy":"post_tag","embeddable":true,"href":"https:\/\/samanoticiasdurango.com\/index.php\/wp-json\/wp\/v2\/tags?post=15328"}],"curies":[{"name":"wp","href":"https:\/\/api.w.org\/{rel}","templated":true}]}}