{"id":15335,"date":"2026-09-06T17:32:23","date_gmt":"2026-09-06T17:32:23","guid":{"rendered":"https:\/\/samanoticiasdurango.com\/?p=15335"},"modified":"2026-09-06T17:37:35","modified_gmt":"2026-09-06T17:37:35","slug":"giro-historico-vicente-fox-se-reune-con-la-cupula-del-pri-y-consolida-su-viraje-politico","status":"publish","type":"post","link":"https:\/\/samanoticiasdurango.com\/index.php\/2026\/09\/06\/giro-historico-vicente-fox-se-reune-con-la-cupula-del-pri-y-consolida-su-viraje-politico\/","title":{"rendered":"Giro hist\u00f3rico: Vicente Fox se re\u00fane con la c\u00fapula del PRI y consolida su viraje pol\u00edtico"},"content":{"rendered":"\n<p>En un movimiento que sacude el tablero pol\u00edtico nacional, el expresidente Vicente Fox Quesada \u2014figura emblem\u00e1tica de la alternancia que en el a\u00f1o 2000 puso fin a m\u00e1s de siete d\u00e9cadas de hegemon\u00eda del Partido Revolucionario Institucional (PRI)\u2014 sell\u00f3 formalmente su acercamiento con el tricolor al sostener un encuentro con su dirigencia nacional.<\/p>\n\n\n\n<p><strong>Desarrollo del hecho<\/strong> La reuni\u00f3n marca un punto de inflexi\u00f3n en la trayectoria del exmandatario panista. Quien fuera el abanderado que encabez\u00f3 la transici\u00f3n democr\u00e1tica hace m\u00e1s de dos d\u00e9cadas ahora consolida una alianza directa con las filas priistas, buscando construir un frente com\u00fan frente al actual escenario pol\u00edtico y el oficialismo gobernante.<\/p>\n\n\n\n<p>Durante el encuentro con los cuadros directivos del PRI, se abordaron acuerdos y posturas conjuntas orientadas al fortalecimiento de los bloques de oposici\u00f3n, formalizando as\u00ed una postura que Fox ya ven\u00eda perfilando en declaraciones p\u00fablicas y llamados de unidad partidista.<\/p>\n\n\n\n<p><strong>Contexto e impacto pol\u00edtico<\/strong> El acercamiento entre el expresidente y el Revolucionario Institucional no pasa desapercibido en entidades donde la din\u00e1mica de alianzas entre el PAN y el PRI ha sido clave en los \u00faltimos procesos electorales. Mientras liderazgos de la coalici\u00f3n opositora observan el movimiento como una muestra pragm\u00e1tica de suma de fuerzas frente a los retos electorales inmediatos, sectores cr\u00edticos y militantes de corte tradicional cuestionan el peso simb\u00f3lico de ver al art\u00edfice del fin del r\u00e9gimen del 2000 completamente alineado con la estructura tricolor.<\/p>\n\n\n\n<p>#Pol\u00edticaNacional #VicenteFox #PRI #PAN #EleccionesM\u00e9xico #NoticiasM\u00e9xico<\/p>\n","protected":false},"excerpt":{"rendered":"<p>En un movimiento que sacude el tablero pol\u00edtico nacional, el expresidente Vicente Fox Quesada \u2014figura<\/p>\n","protected":false},"author":1,"featured_media":15336,"comment_status":"open","ping_status":"open","sticky":false,"template":"","format":"standard","meta":{"om_disable_all_campaigns":false,"_monsterinsights_skip_tracking":false,"_monsterinsights_sitenote_active":false,"_monsterinsights_sitenote_note":"","_monsterinsights_sitenote_category":0,"_jetpack_memberships_contains_paid_content":false,"footnotes":"","jetpack_publicize_message":"","jetpack_publicize_feature_enabled":true,"jetpack_social_post_already_shared":true,"jetpack_social_options":{"image_generator_settings":{"template":"highway","enabled":false},"version":2}},"categories":[5],"tags":[],"class_list":["post-15335","post","type-post","status-publish","format-standard","has-post-thumbnail","hentry","category-nacional"],"jetpack_publicize_connections":[],"aioseo_notices":[],"jetpack_featured_media_url":"https:\/\/samanoticiasdurango.com\/wp-content\/uploads\/LFILQ7FTGNFN3B7CM4VQ25ENLE.00_00_01_07.Imagen-fija002.jpg","featured_image_urls":{"full":["https:\/\/samanoticiasdurango.com\/wp-content\/uploads\/LFILQ7FTGNFN3B7CM4VQ25ENLE.00_00_01_07.Imagen-fija002.jpg",1200,800,false],"thumbnail":["https:\/\/samanoticiasdurango.com\/wp-content\/uploads\/LFILQ7FTGNFN3B7CM4VQ25ENLE.00_00_01_07.Imagen-fija002-150x150.jpg",150,150,true],"medium":["https:\/\/samanoticiasdurango.com\/wp-content\/uploads\/LFILQ7FTGNFN3B7CM4VQ25ENLE.00_00_01_07.Imagen-fija002-300x200.jpg",300,200,true],"medium_large":["https:\/\/samanoticiasdurango.com\/wp-content\/uploads\/LFILQ7FTGNFN3B7CM4VQ25ENLE.00_00_01_07.Imagen-fija002-768x512.jpg",640,427,true],"large":["https:\/\/samanoticiasdurango.com\/wp-content\/uploads\/LFILQ7FTGNFN3B7CM4VQ25ENLE.00_00_01_07.Imagen-fija002-1024x683.jpg",640,427,true],"1536x1536":["https:\/\/samanoticiasdurango.com\/wp-content\/uploads\/LFILQ7FTGNFN3B7CM4VQ25ENLE.00_00_01_07.Imagen-fija002.jpg",1200,800,false],"2048x2048":["https:\/\/samanoticiasdurango.com\/wp-content\/uploads\/LFILQ7FTGNFN3B7CM4VQ25ENLE.00_00_01_07.Imagen-fija002.jpg",1200,800,false],"chromenews-featured":["https:\/\/samanoticiasdurango.com\/wp-content\/uploads\/LFILQ7FTGNFN3B7CM4VQ25ENLE.00_00_01_07.Imagen-fija002-1024x683.jpg",1024,683,true],"chromenews-large":["https:\/\/samanoticiasdurango.com\/wp-content\/uploads\/LFILQ7FTGNFN3B7CM4VQ25ENLE.00_00_01_07.Imagen-fija002-825x575.jpg",825,575,true],"chromenews-medium":["https:\/\/samanoticiasdurango.com\/wp-content\/uploads\/LFILQ7FTGNFN3B7CM4VQ25ENLE.00_00_01_07.Imagen-fija002-590x410.jpg",590,410,true]},"author_info":{"display_name":"Redacci\u00f3n","author_link":"https:\/\/samanoticiasdurango.com\/index.php\/author\/jjsama13gmail-com\/"},"category_info":"<a href=\"https:\/\/samanoticiasdurango.com\/index.php\/category\/nacional\/\" rel=\"category tag\">NACIONAL<\/a>","tag_info":"NACIONAL","comment_count":"0","jetpack_sharing_enabled":true,"_links":{"self":[{"href":"https:\/\/samanoticiasdurango.com\/index.php\/wp-json\/wp\/v2\/posts\/15335","targetHints":{"allow":["GET"]}}],"collection":[{"href":"https:\/\/samanoticiasdurango.com\/index.php\/wp-json\/wp\/v2\/posts"}],"about":[{"href":"https:\/\/samanoticiasdurango.com\/index.php\/wp-json\/wp\/v2\/types\/post"}],"author":[{"embeddable":true,"href":"https:\/\/samanoticiasdurango.com\/index.php\/wp-json\/wp\/v2\/users\/1"}],"replies":[{"embeddable":true,"href":"https:\/\/samanoticiasdurango.com\/index.php\/wp-json\/wp\/v2\/comments?post=15335"}],"version-history":[{"count":1,"href":"https:\/\/samanoticiasdurango.com\/index.php\/wp-json\/wp\/v2\/posts\/15335\/revisions"}],"predecessor-version":[{"id":15337,"href":"https:\/\/samanoticiasdurango.com\/index.php\/wp-json\/wp\/v2\/posts\/15335\/revisions\/15337"}],"wp:featuredmedia":[{"embeddable":true,"href":"https:\/\/samanoticiasdurango.com\/index.php\/wp-json\/wp\/v2\/media\/15336"}],"wp:attachment":[{"href":"https:\/\/samanoticiasdurango.com\/index.php\/wp-json\/wp\/v2\/media?parent=15335"}],"wp:term":[{"taxonomy":"category","embeddable":true,"href":"https:\/\/samanoticiasdurango.com\/index.php\/wp-json\/wp\/v2\/categories?post=15335"},{"taxonomy":"post_tag","embeddable":true,"href":"https:\/\/samanoticiasdurango.com\/index.php\/wp-json\/wp\/v2\/tags?post=15335"}],"curies":[{"name":"wp","href":"https:\/\/api.w.org\/{rel}","templated":true}]}}