{"id":1550,"date":"2022-06-17T22:20:56","date_gmt":"2022-06-17T22:20:56","guid":{"rendered":"http:\/\/samanoticiasdurango.com\/?p=1550"},"modified":"2022-06-17T22:21:00","modified_gmt":"2022-06-17T22:21:00","slug":"vuelca-camion-con-peregrinos-en-chiapas-el-saldo-nueve-personas-muertas-y-al-menos-28-lesionados","status":"publish","type":"post","link":"https:\/\/samanoticiasdurango.com\/index.php\/2022\/06\/17\/vuelca-camion-con-peregrinos-en-chiapas-el-saldo-nueve-personas-muertas-y-al-menos-28-lesionados\/","title":{"rendered":"Vuelca cami\u00f3n con peregrinos en Chiapas; el saldo, nueve personas muertas y al menos 28 lesionados"},"content":{"rendered":"\n<p>Por medio de un comunicado, se apunt\u00f3 que dicho accidente carretero ocurri\u00f3 en el tramo carretero de Antigua, cabecera municipal de Tila, con direcci\u00f3n a El Limar, justo a la altura del&nbsp;<strong>poblado Belisario Dom\u00ednguez<\/strong>.<\/p>\n\n\n\n<p>Autoridades chiapanecas indicaron que los peregrinos del autob\u00fas retornaban a su lugar de origen en el estado de Tabasco, luego de participar en actividades religiosas en santuario del Se\u00f1or de Tila.<\/p>\n\n\n\n<p>De manera preliminar se da a conocer que al menos 28 personas resultaron lesionadas, de ellas, tres permanecen en estado cr\u00edtico. Las personas heridas fueron trasladados por voluntarios al hospital de Tila con el objetivo de brindarles atenci\u00f3n m\u00e9dica.<\/p>\n\n\n\n<p>La delegaci\u00f3n Tulij\u00e1-Tseltal-Chol de Protecci\u00f3n Civil Estatal inform\u00f3 que se tiene el lamentable reporte de nueve personas muertas.Para la atenci\u00f3n de las personas lesionadas se activaron ambulancias de Protecci\u00f3n Civil y Cruz Roja de los municipios de Salto Agua, Yajal\u00f3n y Chil\u00f3n. Asimismo, adem\u00e1s se activ\u00f3 el protocolo de atenci\u00f3n por parte de la Direcci\u00f3n de rescate a\u00e9reo de la Secretar\u00eda de Protecci\u00f3n Civil.<\/p>\n\n\n\n<p>Con informaci\u00f3n de L\u00f3pez-D\u00f3riga Digital<\/p>\n","protected":false},"excerpt":{"rendered":"<p>Por medio de un comunicado, se apunt\u00f3 que dicho accidente carretero ocurri\u00f3 en el tramo<\/p>\n","protected":false},"author":1,"featured_media":1551,"comment_status":"open","ping_status":"open","sticky":false,"template":"","format":"standard","meta":{"om_disable_all_campaigns":false,"_monsterinsights_skip_tracking":false,"_monsterinsights_sitenote_active":false,"_monsterinsights_sitenote_note":"","_monsterinsights_sitenote_category":0,"_jetpack_memberships_contains_paid_content":false,"footnotes":"","jetpack_publicize_message":"","jetpack_publicize_feature_enabled":true,"jetpack_social_post_already_shared":false,"jetpack_social_options":{"image_generator_settings":{"template":"highway","enabled":false},"version":2}},"categories":[5],"tags":[],"class_list":["post-1550","post","type-post","status-publish","format-standard","has-post-thumbnail","hentry","category-nacional"],"jetpack_publicize_connections":[],"aioseo_notices":[],"jetpack_featured_media_url":"https:\/\/samanoticiasdurango.com\/wp-content\/uploads\/2022\/06\/tcW3kps7.jpeg","featured_image_urls":{"full":["https:\/\/samanoticiasdurango.com\/wp-content\/uploads\/2022\/06\/tcW3kps7.jpeg",680,453,false],"thumbnail":["https:\/\/samanoticiasdurango.com\/wp-content\/uploads\/2022\/06\/tcW3kps7-150x150.jpeg",150,150,true],"medium":["https:\/\/samanoticiasdurango.com\/wp-content\/uploads\/2022\/06\/tcW3kps7-300x200.jpeg",300,200,true],"medium_large":["https:\/\/samanoticiasdurango.com\/wp-content\/uploads\/2022\/06\/tcW3kps7.jpeg",640,426,false],"large":["https:\/\/samanoticiasdurango.com\/wp-content\/uploads\/2022\/06\/tcW3kps7.jpeg",640,426,false],"1536x1536":["https:\/\/samanoticiasdurango.com\/wp-content\/uploads\/2022\/06\/tcW3kps7.jpeg",680,453,false],"2048x2048":["https:\/\/samanoticiasdurango.com\/wp-content\/uploads\/2022\/06\/tcW3kps7.jpeg",680,453,false],"chromenews-featured":["https:\/\/samanoticiasdurango.com\/wp-content\/uploads\/2022\/06\/tcW3kps7.jpeg",680,453,false],"chromenews-large":["https:\/\/samanoticiasdurango.com\/wp-content\/uploads\/2022\/06\/tcW3kps7.jpeg",680,453,false],"chromenews-medium":["https:\/\/samanoticiasdurango.com\/wp-content\/uploads\/2022\/06\/tcW3kps7-590x410.jpeg",590,410,true]},"author_info":{"display_name":"Redacci\u00f3n","author_link":"https:\/\/samanoticiasdurango.com\/index.php\/author\/jjsama13gmail-com\/"},"category_info":"<a href=\"https:\/\/samanoticiasdurango.com\/index.php\/category\/nacional\/\" rel=\"category tag\">NACIONAL<\/a>","tag_info":"NACIONAL","comment_count":"0","jetpack_sharing_enabled":true,"_links":{"self":[{"href":"https:\/\/samanoticiasdurango.com\/index.php\/wp-json\/wp\/v2\/posts\/1550","targetHints":{"allow":["GET"]}}],"collection":[{"href":"https:\/\/samanoticiasdurango.com\/index.php\/wp-json\/wp\/v2\/posts"}],"about":[{"href":"https:\/\/samanoticiasdurango.com\/index.php\/wp-json\/wp\/v2\/types\/post"}],"author":[{"embeddable":true,"href":"https:\/\/samanoticiasdurango.com\/index.php\/wp-json\/wp\/v2\/users\/1"}],"replies":[{"embeddable":true,"href":"https:\/\/samanoticiasdurango.com\/index.php\/wp-json\/wp\/v2\/comments?post=1550"}],"version-history":[{"count":1,"href":"https:\/\/samanoticiasdurango.com\/index.php\/wp-json\/wp\/v2\/posts\/1550\/revisions"}],"predecessor-version":[{"id":1552,"href":"https:\/\/samanoticiasdurango.com\/index.php\/wp-json\/wp\/v2\/posts\/1550\/revisions\/1552"}],"wp:featuredmedia":[{"embeddable":true,"href":"https:\/\/samanoticiasdurango.com\/index.php\/wp-json\/wp\/v2\/media\/1551"}],"wp:attachment":[{"href":"https:\/\/samanoticiasdurango.com\/index.php\/wp-json\/wp\/v2\/media?parent=1550"}],"wp:term":[{"taxonomy":"category","embeddable":true,"href":"https:\/\/samanoticiasdurango.com\/index.php\/wp-json\/wp\/v2\/categories?post=1550"},{"taxonomy":"post_tag","embeddable":true,"href":"https:\/\/samanoticiasdurango.com\/index.php\/wp-json\/wp\/v2\/tags?post=1550"}],"curies":[{"name":"wp","href":"https:\/\/api.w.org\/{rel}","templated":true}]}}