{"id":1573,"date":"2022-06-18T14:39:46","date_gmt":"2022-06-18T14:39:46","guid":{"rendered":"http:\/\/samanoticiasdurango.com\/?p=1573"},"modified":"2022-06-18T14:40:05","modified_gmt":"2022-06-18T14:40:05","slug":"inicia-comision-eleccion-del-titular-y-consejeros-de-la-cedh","status":"publish","type":"post","link":"https:\/\/samanoticiasdurango.com\/index.php\/2022\/06\/18\/inicia-comision-eleccion-del-titular-y-consejeros-de-la-cedh\/","title":{"rendered":"Inicia Comisi\u00f3n elecci\u00f3n del titular y consejeros de la CEDH"},"content":{"rendered":"\n<p>La Comisi\u00f3n de Derechos Humanos del Congreso del Estado se declar\u00f3 en Sesi\u00f3n Permanente una vez que inici\u00f3 el proceso de revisi\u00f3n de los expedientes para elegir al nuevo titular y los consejeros de la Comisi\u00f3n Estatal de Derechos Humanos (CEDH).<\/p>\n\n\n\n<p>De esta manera, se inform\u00f3 que a trav\u00e9s de la Secretar\u00eda General se registraron 12 aspirantes a la presidencia del organismo aut\u00f3nomo y cuatro consejeros, por lo que se dio paso a revisar cuales duranguenses cumplieron con los requisitos de elegibilidad establecidos en la convocatoria publicada.<\/p>\n\n\n\n<p>Sin embargo, como se requiere renovar a cinco consejeros con sus respectivos suplentes, el presidente de la Comisi\u00f3n de Derechos Humanos, Jos\u00e9 Antonio Sol\u00eds, propuso solicitar a la Junta de Gobierno y Coordinaci\u00f3n Pol\u00edtica, ampliar el plazo para que m\u00e1s personas se registren, para cumplir con el principio de paridad de g\u00e9nero, lo cual fue avalado por las y los diputados.<\/p>\n\n\n\n<p>Posteriormente, se dio paso a revisar cuales duranguenses cumplieron con los requisitos de elegibilidad establecidos en la convocatoria p\u00fablica, cuyos documentos estaban en sobres cerrados.<\/p>\n\n\n\n<p>Con el objetivo de seguir realizando un proceso transparente, los nombres se publicar\u00e1n en la p\u00e1gina oficial del Congreso del Estado. <\/p>\n\n\n\n<p>En este sentido, la Comisi\u00f3n citar\u00e1 a cada una de las personas que hayan acreditado los requisitos para que comparezcan y expongan oralmente sus propuestas, conocimientos y experiencias sobre la materia, as\u00ed como de sus intereses para ocupar el cargo.<\/p>\n\n\n\n<p>Cabe destacar que las comparecencias se transmitir\u00e1n \u00edntegramente en el Canal del Congreso del Estado.<\/p>\n","protected":false},"excerpt":{"rendered":"<p>La Comisi\u00f3n de Derechos Humanos del Congreso del Estado se declar\u00f3 en Sesi\u00f3n Permanente una<\/p>\n","protected":false},"author":1,"featured_media":1574,"comment_status":"open","ping_status":"open","sticky":false,"template":"","format":"standard","meta":{"om_disable_all_campaigns":false,"_monsterinsights_skip_tracking":false,"_monsterinsights_sitenote_active":false,"_monsterinsights_sitenote_note":"","_monsterinsights_sitenote_category":0,"_jetpack_memberships_contains_paid_content":false,"footnotes":"","jetpack_publicize_message":"","jetpack_publicize_feature_enabled":true,"jetpack_social_post_already_shared":false,"jetpack_social_options":{"image_generator_settings":{"template":"highway","enabled":false},"version":2}},"categories":[1],"tags":[],"class_list":["post-1573","post","type-post","status-publish","format-standard","has-post-thumbnail","hentry","category-archivo"],"jetpack_publicize_connections":[],"aioseo_notices":[],"jetpack_featured_media_url":"https:\/\/samanoticiasdurango.com\/wp-content\/uploads\/2022\/06\/CEDH7.jpg","featured_image_urls":{"full":["https:\/\/samanoticiasdurango.com\/wp-content\/uploads\/2022\/06\/CEDH7.jpg",1599,1066,false],"thumbnail":["https:\/\/samanoticiasdurango.com\/wp-content\/uploads\/2022\/06\/CEDH7-150x150.jpg",150,150,true],"medium":["https:\/\/samanoticiasdurango.com\/wp-content\/uploads\/2022\/06\/CEDH7-300x200.jpg",300,200,true],"medium_large":["https:\/\/samanoticiasdurango.com\/wp-content\/uploads\/2022\/06\/CEDH7-768x512.jpg",640,427,true],"large":["https:\/\/samanoticiasdurango.com\/wp-content\/uploads\/2022\/06\/CEDH7-1024x683.jpg",640,427,true],"1536x1536":["https:\/\/samanoticiasdurango.com\/wp-content\/uploads\/2022\/06\/CEDH7-1536x1024.jpg",1536,1024,true],"2048x2048":["https:\/\/samanoticiasdurango.com\/wp-content\/uploads\/2022\/06\/CEDH7.jpg",1599,1066,false],"chromenews-featured":["https:\/\/samanoticiasdurango.com\/wp-content\/uploads\/2022\/06\/CEDH7-1024x683.jpg",1024,683,true],"chromenews-large":["https:\/\/samanoticiasdurango.com\/wp-content\/uploads\/2022\/06\/CEDH7-825x575.jpg",825,575,true],"chromenews-medium":["https:\/\/samanoticiasdurango.com\/wp-content\/uploads\/2022\/06\/CEDH7-590x410.jpg",590,410,true]},"author_info":{"display_name":"Redacci\u00f3n","author_link":"https:\/\/samanoticiasdurango.com\/index.php\/author\/jjsama13gmail-com\/"},"category_info":"<a href=\"https:\/\/samanoticiasdurango.com\/index.php\/category\/archivo\/\" rel=\"category tag\">DURANGO<\/a>","tag_info":"DURANGO","comment_count":"0","jetpack_sharing_enabled":true,"_links":{"self":[{"href":"https:\/\/samanoticiasdurango.com\/index.php\/wp-json\/wp\/v2\/posts\/1573","targetHints":{"allow":["GET"]}}],"collection":[{"href":"https:\/\/samanoticiasdurango.com\/index.php\/wp-json\/wp\/v2\/posts"}],"about":[{"href":"https:\/\/samanoticiasdurango.com\/index.php\/wp-json\/wp\/v2\/types\/post"}],"author":[{"embeddable":true,"href":"https:\/\/samanoticiasdurango.com\/index.php\/wp-json\/wp\/v2\/users\/1"}],"replies":[{"embeddable":true,"href":"https:\/\/samanoticiasdurango.com\/index.php\/wp-json\/wp\/v2\/comments?post=1573"}],"version-history":[{"count":1,"href":"https:\/\/samanoticiasdurango.com\/index.php\/wp-json\/wp\/v2\/posts\/1573\/revisions"}],"predecessor-version":[{"id":1575,"href":"https:\/\/samanoticiasdurango.com\/index.php\/wp-json\/wp\/v2\/posts\/1573\/revisions\/1575"}],"wp:featuredmedia":[{"embeddable":true,"href":"https:\/\/samanoticiasdurango.com\/index.php\/wp-json\/wp\/v2\/media\/1574"}],"wp:attachment":[{"href":"https:\/\/samanoticiasdurango.com\/index.php\/wp-json\/wp\/v2\/media?parent=1573"}],"wp:term":[{"taxonomy":"category","embeddable":true,"href":"https:\/\/samanoticiasdurango.com\/index.php\/wp-json\/wp\/v2\/categories?post=1573"},{"taxonomy":"post_tag","embeddable":true,"href":"https:\/\/samanoticiasdurango.com\/index.php\/wp-json\/wp\/v2\/tags?post=1573"}],"curies":[{"name":"wp","href":"https:\/\/api.w.org\/{rel}","templated":true}]}}