{"id":1613,"date":"2022-06-20T13:54:03","date_gmt":"2022-06-20T13:54:03","guid":{"rendered":"http:\/\/samanoticiasdurango.com\/?p=1613"},"modified":"2022-06-20T13:54:05","modified_gmt":"2022-06-20T13:54:05","slug":"suicidios-al-alza-entre-adolescentes-y-jovenes","status":"publish","type":"post","link":"https:\/\/samanoticiasdurango.com\/index.php\/2022\/06\/20\/suicidios-al-alza-entre-adolescentes-y-jovenes\/","title":{"rendered":"Suicidios al alza entre adolescentes y j\u00f3venes"},"content":{"rendered":"\n<p>La corcholatada a todo lo que da, pero M\u00e9xico tiene otros datos: El&nbsp;<strong>suicidio entre los adolescentes y j\u00f3venes de 15 a 29 a\u00f1os<\/strong>&nbsp;en el mundo, es la&nbsp;<strong>cuarta causa de muerte<\/strong>, solo rebasada por accidentes de tr\u00e1nsito, violencia y tuberculosis, seg\u00fan datos de la Organizaci\u00f3n Mundial de la Salud (OMS).<\/p>\n\n\n\n<p>Por lo que hace a M\u00e9xico, el&nbsp;<strong>6% de la poblaci\u00f3n de 10 a 19 a\u00f1os, poco m\u00e1s de 1.3 millones de adolescentes y j\u00f3venes<\/strong>, report\u00f3 haberse hecho da\u00f1o con el fin de quitarse la vida, de acuerdo con datos de la Encuesta Nacional de Salud y Nutrici\u00f3n (Ensanut)&nbsp;<strong>2020<\/strong>. Esto representa un incremento de&nbsp;<strong>casi el doble frente al 3.9% en 2018-2019<\/strong>. Adem\u00e1s, 40.5% de las mujeres y 26.8% de los varones que han intentado provocarse la muerte lo hicieron en 2020.<\/p>\n\n\n\n<p>Que ni qu\u00e9, el pensamiento suicida tambi\u00e9n va al alza. Seg\u00fan la Ensanut 2020,&nbsp;<strong>6.9% de los adolescentes mexicanos han tenido alg\u00fan pensamiento suicida en su vida, contra 5.1% medido en los dos a\u00f1os previos<\/strong>.<\/p>\n\n\n\n<p>Para el&nbsp;<strong>Fondo de las Naciones Unidas para la Infancia<\/strong>&nbsp;(Unicef) son alarmantemente altas las tasas de autolesiones, suicidio y ansiedad entre ni\u00f1os y j\u00f3venes en el mundo. Se estima que a escala global, m\u00e1s de&nbsp;<strong>20% de los adolescentes sufren trastornos mentales, y el suicidio ya es la segunda causa de muerte entre los muchachos de 15 a 19 a\u00f1os<\/strong>, mientras cerca de 15% de los adolescentes de pa\u00edses de ingresos medios y bajos se ha planteado quitarse la vida.<\/p>\n\n\n\n<p>El problema es de salud p\u00fablica, global y prevenible, asociado a m\u00faltiples causas, que incluyen la salud mental y el contexto social y familiar, por lo que pueden aplicarse medidas efectivas para evitarlo.<\/p>\n\n\n\n<p>En el Hospital Ju\u00e1rez de M\u00e9xico desde hace dos meses se cre\u00f3 una \u201ccl\u00ednica para el adolescente con intento suicida\u201d, explica David Hern\u00e1ndez Guzm\u00e1n, psic\u00f3logo de la Unidad de Salud Mental del mismo. En dicha cl\u00ednica no s\u00f3lo son captados despu\u00e9s de un episodio de este tipo, o referidos por el servicio de toxicolog\u00eda tras haber ingerido alguna sustancia con intento de da\u00f1arse, sino antes de intentarlo siquiera. Hasta ahora se han recibido seis pacientes.<\/p>\n\n\n\n<p>A los adolescentes se les brinda \u201centrenamiento en habilidades de afrontamiento, control emocional y del impulso y tambi\u00e9n de restructuraci\u00f3n cognitiva que ayude a vivir una vida m\u00e1s satisfactoria y sin desajustes emocionales o psicol\u00f3gicos\u201d.<\/p>\n\n\n\n<p>Hern\u00e1ndez Guzm\u00e1n destaca que \u201cel suicidio tiene muchos factores asociados, y los problemas mentales son unos de los m\u00e1s importantes para evaluar el riesgo. Una persona que ha pensado quitarse la vida generalmente cumple criterios para el diagn\u00f3stico de uno o m\u00e1s trastornos mentales, como depresi\u00f3n, ansiedad o trastornos del control de impulsos o de la personalidad. Abordar el suicido es atender los factores de riesgo\u201d.<\/p>\n\n\n\n<p>Diana Tejadilla Orozco, directora del Modelo de Atenci\u00f3n en Salud Mental de la Secretar\u00eda de Salud (Ssa), destaca que antes quienes optaban por quitarse la vida eran adultos mayores que tras la jubilaci\u00f3n no ten\u00edan expectativas de vida, pero ahora son los j\u00f3venes de 15 a 29 a\u00f1os y, sobre todo, los varones de entre 20 y 24 los que est\u00e1n tomando esta decisi\u00f3n.<\/p>\n\n\n\n<p>La doctora se\u00f1ala como conductas de se\u00f1al de alarma entre ni\u00f1os y adolescentes, cuando, deprimidos, \u201cse muestran muy irritables o inquietos, no quieren comer o comen en exceso. Se niegan a hacer actividad f\u00edsica, s\u00f3lo quieren mirar televisi\u00f3n o jugar videojuegos, pueden tener un comportamiento grosero o hacer berrinches\u201d.<\/p>\n\n\n\n<p>Estar atento a sus comportamientos es importante, dijo, \u201ca veces no vemos o minimizamos las se\u00f1ales. Se piensa: \u2018es para llamar la atenci\u00f3n, lo hace para chantajearme o ya me agarr\u00f3 la medida. \u00a1Pues no importa!:&nbsp;<strong>por algo est\u00e1 llamando tu atenci\u00f3n<\/strong>\u201d.<\/p>\n\n\n\n<p>Hay que reflexionar sobre el \u201cpor qu\u00e9 un ni\u00f1o, un adolescente te quiere chantajear; hay que pensar en qu\u00e9 estoy haciendo o qu\u00e9 no estoy haciendo para que quiera hacerlo. Algo est\u00e1 mal y no es culpa del ni\u00f1o ni del adolescente\u201d.<\/p>\n\n\n\n<p>Datos del Instituto Nacional de Estad\u00edstica y Geograf\u00eda (Inegi) indican que&nbsp;<strong>en 2020, el pa\u00eds alcanz\u00f3 una cifra r\u00e9cord de mil 160 muertes autoprovocadas en menores de 10 a 19 a\u00f1os<\/strong>. El n\u00famero se eleva a 3 mil 453 entre las personas de 10 a 29 a\u00f1os.<\/p>\n\n\n\n<p>Un informe reciente de la Subsecretar\u00eda de Derechos Humanos, Poblaci\u00f3n y Migraci\u00f3n de la Secretar\u00eda de Gobernaci\u00f3n sobre el impacto de la pandemia de Covid-19 en ni\u00f1os y adolescentes apunta que la tasa de suicidios en este grupo de edad aument\u00f3 12 por ciento. Pas\u00f3 de 4.6 a 5.1 por cada 100 mil habitantes entre 2019 y 2020, por lo que \u201clleg\u00f3 a un m\u00e1ximo hist\u00f3rico\u201d.<\/p>\n\n\n\n<p><strong>La muerte por voluntad propia entre ni\u00f1as y ni\u00f1os de 10 a 14 a\u00f1os aument\u00f3 37% y 12% m\u00e1s para las adolescentes de 15 a 19 a\u00f1os<\/strong>.<\/p>\n\n\n\n<p>Con informaci\u00f3n de&nbsp;<em>La Jornada<\/em>.<\/p>\n","protected":false},"excerpt":{"rendered":"<p>La corcholatada a todo lo que da, pero M\u00e9xico tiene otros datos: El&nbsp;suicidio entre los<\/p>\n","protected":false},"author":1,"featured_media":1614,"comment_status":"open","ping_status":"open","sticky":false,"template":"","format":"standard","meta":{"om_disable_all_campaigns":false,"_monsterinsights_skip_tracking":false,"_monsterinsights_sitenote_active":false,"_monsterinsights_sitenote_note":"","_monsterinsights_sitenote_category":0,"_jetpack_memberships_contains_paid_content":false,"footnotes":"","jetpack_publicize_message":"","jetpack_publicize_feature_enabled":true,"jetpack_social_post_already_shared":false,"jetpack_social_options":{"image_generator_settings":{"template":"highway","enabled":false},"version":2}},"categories":[5],"tags":[],"class_list":["post-1613","post","type-post","status-publish","format-standard","has-post-thumbnail","hentry","category-nacional"],"jetpack_publicize_connections":[],"aioseo_notices":[],"jetpack_featured_media_url":"https:\/\/samanoticiasdurango.com\/wp-content\/uploads\/2022\/06\/jovenes-considerando-suicidio-solucion-salida.jpg","featured_image_urls":{"full":["https:\/\/samanoticiasdurango.com\/wp-content\/uploads\/2022\/06\/jovenes-considerando-suicidio-solucion-salida.jpg",958,596,false],"thumbnail":["https:\/\/samanoticiasdurango.com\/wp-content\/uploads\/2022\/06\/jovenes-considerando-suicidio-solucion-salida-150x150.jpg",150,150,true],"medium":["https:\/\/samanoticiasdurango.com\/wp-content\/uploads\/2022\/06\/jovenes-considerando-suicidio-solucion-salida-300x187.jpg",300,187,true],"medium_large":["https:\/\/samanoticiasdurango.com\/wp-content\/uploads\/2022\/06\/jovenes-considerando-suicidio-solucion-salida-768x478.jpg",640,398,true],"large":["https:\/\/samanoticiasdurango.com\/wp-content\/uploads\/2022\/06\/jovenes-considerando-suicidio-solucion-salida.jpg",640,398,false],"1536x1536":["https:\/\/samanoticiasdurango.com\/wp-content\/uploads\/2022\/06\/jovenes-considerando-suicidio-solucion-salida.jpg",958,596,false],"2048x2048":["https:\/\/samanoticiasdurango.com\/wp-content\/uploads\/2022\/06\/jovenes-considerando-suicidio-solucion-salida.jpg",958,596,false],"chromenews-featured":["https:\/\/samanoticiasdurango.com\/wp-content\/uploads\/2022\/06\/jovenes-considerando-suicidio-solucion-salida.jpg",958,596,false],"chromenews-large":["https:\/\/samanoticiasdurango.com\/wp-content\/uploads\/2022\/06\/jovenes-considerando-suicidio-solucion-salida-825x575.jpg",825,575,true],"chromenews-medium":["https:\/\/samanoticiasdurango.com\/wp-content\/uploads\/2022\/06\/jovenes-considerando-suicidio-solucion-salida-590x410.jpg",590,410,true]},"author_info":{"display_name":"Redacci\u00f3n","author_link":"https:\/\/samanoticiasdurango.com\/index.php\/author\/jjsama13gmail-com\/"},"category_info":"<a href=\"https:\/\/samanoticiasdurango.com\/index.php\/category\/nacional\/\" rel=\"category tag\">NACIONAL<\/a>","tag_info":"NACIONAL","comment_count":"0","jetpack_sharing_enabled":true,"_links":{"self":[{"href":"https:\/\/samanoticiasdurango.com\/index.php\/wp-json\/wp\/v2\/posts\/1613","targetHints":{"allow":["GET"]}}],"collection":[{"href":"https:\/\/samanoticiasdurango.com\/index.php\/wp-json\/wp\/v2\/posts"}],"about":[{"href":"https:\/\/samanoticiasdurango.com\/index.php\/wp-json\/wp\/v2\/types\/post"}],"author":[{"embeddable":true,"href":"https:\/\/samanoticiasdurango.com\/index.php\/wp-json\/wp\/v2\/users\/1"}],"replies":[{"embeddable":true,"href":"https:\/\/samanoticiasdurango.com\/index.php\/wp-json\/wp\/v2\/comments?post=1613"}],"version-history":[{"count":1,"href":"https:\/\/samanoticiasdurango.com\/index.php\/wp-json\/wp\/v2\/posts\/1613\/revisions"}],"predecessor-version":[{"id":1615,"href":"https:\/\/samanoticiasdurango.com\/index.php\/wp-json\/wp\/v2\/posts\/1613\/revisions\/1615"}],"wp:featuredmedia":[{"embeddable":true,"href":"https:\/\/samanoticiasdurango.com\/index.php\/wp-json\/wp\/v2\/media\/1614"}],"wp:attachment":[{"href":"https:\/\/samanoticiasdurango.com\/index.php\/wp-json\/wp\/v2\/media?parent=1613"}],"wp:term":[{"taxonomy":"category","embeddable":true,"href":"https:\/\/samanoticiasdurango.com\/index.php\/wp-json\/wp\/v2\/categories?post=1613"},{"taxonomy":"post_tag","embeddable":true,"href":"https:\/\/samanoticiasdurango.com\/index.php\/wp-json\/wp\/v2\/tags?post=1613"}],"curies":[{"name":"wp","href":"https:\/\/api.w.org\/{rel}","templated":true}]}}