{"id":1616,"date":"2022-06-21T13:55:26","date_gmt":"2022-06-21T13:55:26","guid":{"rendered":"http:\/\/samanoticiasdurango.com\/?p=1616"},"modified":"2022-06-21T13:55:30","modified_gmt":"2022-06-21T13:55:30","slug":"eutanasia-a-discusion-en-el-congreso","status":"publish","type":"post","link":"https:\/\/samanoticiasdurango.com\/index.php\/2022\/06\/21\/eutanasia-a-discusion-en-el-congreso\/","title":{"rendered":"Eutanasia a discusi\u00f3n en el Congreso"},"content":{"rendered":"\n<p>Aunque prohibida en M\u00e9xico, la Comisi\u00f3n de Salud de la C\u00e1mara de Diputados inaugur\u00f3 la Semana de la Eutanasia.<\/p>\n\n\n\n<p>Todo ello en el marco de la discusi\u00f3n del tema legislativamente.<\/p>\n\n\n\n<p>Ayer lunes, integrantes de la Comisi\u00f3n de Salud de la C\u00e1mara de Diputados inauguraron la&nbsp;<strong>Semana de la Eutanasia<\/strong>&nbsp;con foros que servir\u00e1n para que las y los diputados puedan legislar sobre esta pr\u00e1ctica, actualmente prohibida en el pa\u00eds.<\/p>\n\n\n\n<p>Durante la inauguraci\u00f3n, Emmanuel Reyes Carmona, el presidente de la comisi\u00f3n, destac\u00f3 que el tema se debe debatir con respeto, a pesar de las mentalidades progresistas o conservadoras y los paradigmas sociales, religiosos y jur\u00eddicos que rodean su deliberaci\u00f3n.<\/p>\n\n\n\n<p>En los pr\u00f3ximos d\u00edas la Comisi\u00f3n analizar\u00e1 una iniciativa en la materia y el diputado resalt\u00f3 que lo expuesto durante los foros otorgar\u00e1 bases por parte de especialistas para emprender acciones informadas desde el Poder Legislativo.<\/p>\n\n\n\n<p>Por su parte, Sergio Guti\u00e9rrez Luna, presidente de la Mesa Directiva en San L\u00e1zaro, refiri\u00f3 que es un tema \u201c<strong>sensible y fundamental<\/strong>\u201d y debe ser analizado con un enfoque multidisciplinario.<\/p>\n\n\n\n<p>\u201cDesde el Poder Legislativo seguiremos sumando esfuerzos para alcanzar objetivos y acercarnos con responsabilidad a una respuesta concreta sobre la eutanasia\u201d, dijo.<\/p>\n\n\n\n<p>Ebrard, que anda de ajonjol\u00ed en todos los moles ajenos a su papel de canciller, celebr\u00f3 que se inici\u00e9 la discusi\u00f3n, pues dijo que es un tema relevante \u201cpara la orientaci\u00f3n que tomemos en los pr\u00f3ximos meses y a\u00f1os en esta materia\u201d.<\/p>\n\n\n\n<p>Paulina Rivero Weber, directora del Programa Universitario de Bio\u00e9tica de la UNAM, invit\u00f3 a dialogar con la claridad de que esta pr\u00e1ctica tiene una sola definici\u00f3n: el&nbsp;<strong>acto m\u00e9dico solicitado por el paciente desahuciado que no desea vivir con dolor o sufrimiento inevitable su agon\u00eda<\/strong>.<\/p>\n\n\n\n<p>\u201cLa eutanasia es cuesti\u00f3n de&nbsp;<strong>respeto al otro<\/strong>, es un acto opcional en tanto a aquellos que lo necesitan y desean, como aquellos que no lo desean. Es imposible que todos pensemos igual, lo que s\u00ed es posible es que aprendamos a respetar a quienes piensan diferente\u201d, se\u00f1al\u00f3.<\/p>\n\n\n\n<p>Por tanto, advirti\u00f3 es \u201cimpensable\u201d crear leyes con base en creencias personales, por lo que pide que \u00e9stas no tengan cabida en el proceso, pues el que un legislador sea laico no es \u201cde mero orgullo, sino una obligaci\u00f3n\u201d.<\/p>\n\n\n\n<p>Para Guadalupe Garc\u00eda, titular de la Coordinaci\u00f3n de Humanidades de la UNAM, habr\u00e1 que comparar la legislaci\u00f3n mexicana con la de otros pa\u00edses respecto al tema y disipar dudas que contribuyan a que M\u00e9xico se convierta en una de las naciones que permitan esta pr\u00e1ctica como un m\u00e9todo legal para concluir la vida.<\/p>\n\n\n\n<p>Con informaci\u00f3n de&nbsp;<em>La Raz\u00f3n<\/em>.<\/p>\n","protected":false},"excerpt":{"rendered":"<p>Aunque prohibida en M\u00e9xico, la Comisi\u00f3n de Salud de la C\u00e1mara de Diputados inaugur\u00f3 la<\/p>\n","protected":false},"author":1,"featured_media":1617,"comment_status":"open","ping_status":"open","sticky":false,"template":"","format":"standard","meta":{"om_disable_all_campaigns":false,"_monsterinsights_skip_tracking":false,"_monsterinsights_sitenote_active":false,"_monsterinsights_sitenote_note":"","_monsterinsights_sitenote_category":0,"_jetpack_memberships_contains_paid_content":false,"footnotes":"","jetpack_publicize_message":"","jetpack_publicize_feature_enabled":true,"jetpack_social_post_already_shared":false,"jetpack_social_options":{"image_generator_settings":{"template":"highway","enabled":false},"version":2}},"categories":[5],"tags":[],"class_list":["post-1616","post","type-post","status-publish","format-standard","has-post-thumbnail","hentry","category-nacional"],"jetpack_publicize_connections":[],"aioseo_notices":[],"jetpack_featured_media_url":"https:\/\/samanoticiasdurango.com\/wp-content\/uploads\/2022\/06\/EUTANASIA.jpg","featured_image_urls":{"full":["https:\/\/samanoticiasdurango.com\/wp-content\/uploads\/2022\/06\/EUTANASIA.jpg",780,500,false],"thumbnail":["https:\/\/samanoticiasdurango.com\/wp-content\/uploads\/2022\/06\/EUTANASIA-150x150.jpg",150,150,true],"medium":["https:\/\/samanoticiasdurango.com\/wp-content\/uploads\/2022\/06\/EUTANASIA-300x192.jpg",300,192,true],"medium_large":["https:\/\/samanoticiasdurango.com\/wp-content\/uploads\/2022\/06\/EUTANASIA-768x492.jpg",640,410,true],"large":["https:\/\/samanoticiasdurango.com\/wp-content\/uploads\/2022\/06\/EUTANASIA.jpg",640,410,false],"1536x1536":["https:\/\/samanoticiasdurango.com\/wp-content\/uploads\/2022\/06\/EUTANASIA.jpg",780,500,false],"2048x2048":["https:\/\/samanoticiasdurango.com\/wp-content\/uploads\/2022\/06\/EUTANASIA.jpg",780,500,false],"chromenews-featured":["https:\/\/samanoticiasdurango.com\/wp-content\/uploads\/2022\/06\/EUTANASIA.jpg",780,500,false],"chromenews-large":["https:\/\/samanoticiasdurango.com\/wp-content\/uploads\/2022\/06\/EUTANASIA.jpg",780,500,false],"chromenews-medium":["https:\/\/samanoticiasdurango.com\/wp-content\/uploads\/2022\/06\/EUTANASIA-590x410.jpg",590,410,true]},"author_info":{"display_name":"Redacci\u00f3n","author_link":"https:\/\/samanoticiasdurango.com\/index.php\/author\/jjsama13gmail-com\/"},"category_info":"<a href=\"https:\/\/samanoticiasdurango.com\/index.php\/category\/nacional\/\" rel=\"category tag\">NACIONAL<\/a>","tag_info":"NACIONAL","comment_count":"0","jetpack_sharing_enabled":true,"_links":{"self":[{"href":"https:\/\/samanoticiasdurango.com\/index.php\/wp-json\/wp\/v2\/posts\/1616","targetHints":{"allow":["GET"]}}],"collection":[{"href":"https:\/\/samanoticiasdurango.com\/index.php\/wp-json\/wp\/v2\/posts"}],"about":[{"href":"https:\/\/samanoticiasdurango.com\/index.php\/wp-json\/wp\/v2\/types\/post"}],"author":[{"embeddable":true,"href":"https:\/\/samanoticiasdurango.com\/index.php\/wp-json\/wp\/v2\/users\/1"}],"replies":[{"embeddable":true,"href":"https:\/\/samanoticiasdurango.com\/index.php\/wp-json\/wp\/v2\/comments?post=1616"}],"version-history":[{"count":1,"href":"https:\/\/samanoticiasdurango.com\/index.php\/wp-json\/wp\/v2\/posts\/1616\/revisions"}],"predecessor-version":[{"id":1618,"href":"https:\/\/samanoticiasdurango.com\/index.php\/wp-json\/wp\/v2\/posts\/1616\/revisions\/1618"}],"wp:featuredmedia":[{"embeddable":true,"href":"https:\/\/samanoticiasdurango.com\/index.php\/wp-json\/wp\/v2\/media\/1617"}],"wp:attachment":[{"href":"https:\/\/samanoticiasdurango.com\/index.php\/wp-json\/wp\/v2\/media?parent=1616"}],"wp:term":[{"taxonomy":"category","embeddable":true,"href":"https:\/\/samanoticiasdurango.com\/index.php\/wp-json\/wp\/v2\/categories?post=1616"},{"taxonomy":"post_tag","embeddable":true,"href":"https:\/\/samanoticiasdurango.com\/index.php\/wp-json\/wp\/v2\/tags?post=1616"}],"curies":[{"name":"wp","href":"https:\/\/api.w.org\/{rel}","templated":true}]}}