{"id":1620,"date":"2022-06-21T17:49:27","date_gmt":"2022-06-21T17:49:27","guid":{"rendered":"http:\/\/samanoticiasdurango.com\/?p=1620"},"modified":"2022-06-21T17:49:31","modified_gmt":"2022-06-21T17:49:31","slug":"episcopado-mexicano-condena-asesinato-de-sacerdotes-jesuitas-en-chihuahua","status":"publish","type":"post","link":"https:\/\/samanoticiasdurango.com\/index.php\/2022\/06\/21\/episcopado-mexicano-condena-asesinato-de-sacerdotes-jesuitas-en-chihuahua\/","title":{"rendered":"Episcopado Mexicano condena asesinato de sacerdotes jesuitas en Chihuahua"},"content":{"rendered":"\n<p>La&nbsp;<strong>Conferencia del Episcopado Mexicano<\/strong>&nbsp;(<a href=\"https:\/\/twitter.com\/IglesiaMexico\" target=\"_blank\" rel=\"noreferrer noopener\">CEM<\/a>) conden\u00f3 el&nbsp;<strong>asesinato<\/strong>&nbsp;en&nbsp;<strong>Chihuahua<\/strong>&nbsp;de dos&nbsp;<strong>sacerdotes<\/strong>&nbsp;<strong>jesuitas<\/strong>.<\/p>\n\n\n\n<p>Los padres\u00a0<strong>Javier Campos<\/strong>\u00a0y\u00a0<strong>Joaqu\u00edn C\u00e9sar Mora<\/strong>\u00a0de la\u00a0<strong>Compa\u00f1\u00eda de Jes\u00fas<\/strong>\u00a0fueron\u00a0<a href=\"https:\/\/lopezdoriga.com\/nacional\/chihuahua-asesinan-dos-sacerdotes-jesuitas-cerocahui\/\" target=\"_blank\" rel=\"noreferrer noopener\">asesinados<\/a>\u00a0al interior de una\u00a0<strong>iglesia<\/strong>\u00a0en\u00a0<strong>Cerocahui<\/strong>, municipio de Urique.<\/p>\n\n\n\n<p>rimeros informes se\u00f1alan que los&nbsp;<strong>sacerdotes jesuitas<\/strong>&nbsp;fueron&nbsp;<strong>asesinados<\/strong>&nbsp;por defender a un&nbsp;<strong>hombre<\/strong>&nbsp;que hab\u00eda ingresado a la iglesia en busca de&nbsp;<strong>refugio<\/strong>.<\/p>\n\n\n\n<p>Los&nbsp;<strong>sujetos armados<\/strong>&nbsp;que lo persegu\u00edan asesinaron al hombre y a los curas. Posteriormente se llevaron sus cuerpos.<\/p>\n\n\n\n<p>De acuerdo con el presidente\u00a0<strong>Andr\u00e9s Manuel L\u00f3pez Obrador<\/strong>\u00a0<a href=\"https:\/\/lopezdoriga.com\/nacional\/amlo-hay-informacion-asesinos-sacerdotes-jesuitas-chihuahua\/\" target=\"_blank\" rel=\"noreferrer noopener\">ya se tiene informaci\u00f3n<\/a>\u00a0sobre los presuntos\u00a0<strong>asesinos<\/strong>.<\/p>\n\n\n\n<p>El sacerdote jesuita&nbsp;<strong>Javier \u00c1vila<\/strong>, mejor conocido como \u2018Pato\u2019, identific\u00f3 al&nbsp;<strong>responsable<\/strong>&nbsp;de las muertes como \u2018<strong>El Chueco<\/strong>\u2018, quien detall\u00f3, es \u201ccabeza de delincuentes\u201d.<\/p>\n\n\n\n<p>Tambi\u00e9n denunci\u00f3&nbsp;<strong>amenazas<\/strong>&nbsp;sobre la&nbsp;<strong>comunidad&nbsp;<\/strong>de&nbsp;<strong>Cerocahui&nbsp;<\/strong>en caso de abundar en detalles.<\/p>\n\n\n\n<p>Con informaci\u00f3n de L\u00f3pez-D\u00f3riga Digital<\/p>\n","protected":false},"excerpt":{"rendered":"<p>La&nbsp;Conferencia del Episcopado Mexicano&nbsp;(CEM) conden\u00f3 el&nbsp;asesinato&nbsp;en&nbsp;Chihuahua&nbsp;de dos&nbsp;sacerdotes&nbsp;jesuitas. Los padres\u00a0Javier Campos\u00a0y\u00a0Joaqu\u00edn C\u00e9sar Mora\u00a0de la\u00a0Compa\u00f1\u00eda de Jes\u00fas\u00a0fueron\u00a0asesinados\u00a0al<\/p>\n","protected":false},"author":1,"featured_media":1621,"comment_status":"open","ping_status":"open","sticky":false,"template":"","format":"standard","meta":{"om_disable_all_campaigns":false,"_monsterinsights_skip_tracking":false,"_monsterinsights_sitenote_active":false,"_monsterinsights_sitenote_note":"","_monsterinsights_sitenote_category":0,"_jetpack_memberships_contains_paid_content":false,"footnotes":"","jetpack_publicize_message":"","jetpack_publicize_feature_enabled":true,"jetpack_social_post_already_shared":false,"jetpack_social_options":{"image_generator_settings":{"template":"highway","enabled":false},"version":2}},"categories":[5],"tags":[],"class_list":["post-1620","post","type-post","status-publish","format-standard","has-post-thumbnail","hentry","category-nacional"],"jetpack_publicize_connections":[],"aioseo_notices":[],"jetpack_featured_media_url":"https:\/\/samanoticiasdurango.com\/wp-content\/uploads\/2022\/06\/eeee.jpeg","featured_image_urls":{"full":["https:\/\/samanoticiasdurango.com\/wp-content\/uploads\/2022\/06\/eeee.jpeg",680,353,false],"thumbnail":["https:\/\/samanoticiasdurango.com\/wp-content\/uploads\/2022\/06\/eeee-150x150.jpeg",150,150,true],"medium":["https:\/\/samanoticiasdurango.com\/wp-content\/uploads\/2022\/06\/eeee-300x156.jpeg",300,156,true],"medium_large":["https:\/\/samanoticiasdurango.com\/wp-content\/uploads\/2022\/06\/eeee.jpeg",640,332,false],"large":["https:\/\/samanoticiasdurango.com\/wp-content\/uploads\/2022\/06\/eeee.jpeg",640,332,false],"1536x1536":["https:\/\/samanoticiasdurango.com\/wp-content\/uploads\/2022\/06\/eeee.jpeg",680,353,false],"2048x2048":["https:\/\/samanoticiasdurango.com\/wp-content\/uploads\/2022\/06\/eeee.jpeg",680,353,false],"chromenews-featured":["https:\/\/samanoticiasdurango.com\/wp-content\/uploads\/2022\/06\/eeee.jpeg",680,353,false],"chromenews-large":["https:\/\/samanoticiasdurango.com\/wp-content\/uploads\/2022\/06\/eeee.jpeg",680,353,false],"chromenews-medium":["https:\/\/samanoticiasdurango.com\/wp-content\/uploads\/2022\/06\/eeee-590x353.jpeg",590,353,true]},"author_info":{"display_name":"Redacci\u00f3n","author_link":"https:\/\/samanoticiasdurango.com\/index.php\/author\/jjsama13gmail-com\/"},"category_info":"<a href=\"https:\/\/samanoticiasdurango.com\/index.php\/category\/nacional\/\" rel=\"category tag\">NACIONAL<\/a>","tag_info":"NACIONAL","comment_count":"0","jetpack_sharing_enabled":true,"_links":{"self":[{"href":"https:\/\/samanoticiasdurango.com\/index.php\/wp-json\/wp\/v2\/posts\/1620","targetHints":{"allow":["GET"]}}],"collection":[{"href":"https:\/\/samanoticiasdurango.com\/index.php\/wp-json\/wp\/v2\/posts"}],"about":[{"href":"https:\/\/samanoticiasdurango.com\/index.php\/wp-json\/wp\/v2\/types\/post"}],"author":[{"embeddable":true,"href":"https:\/\/samanoticiasdurango.com\/index.php\/wp-json\/wp\/v2\/users\/1"}],"replies":[{"embeddable":true,"href":"https:\/\/samanoticiasdurango.com\/index.php\/wp-json\/wp\/v2\/comments?post=1620"}],"version-history":[{"count":1,"href":"https:\/\/samanoticiasdurango.com\/index.php\/wp-json\/wp\/v2\/posts\/1620\/revisions"}],"predecessor-version":[{"id":1622,"href":"https:\/\/samanoticiasdurango.com\/index.php\/wp-json\/wp\/v2\/posts\/1620\/revisions\/1622"}],"wp:featuredmedia":[{"embeddable":true,"href":"https:\/\/samanoticiasdurango.com\/index.php\/wp-json\/wp\/v2\/media\/1621"}],"wp:attachment":[{"href":"https:\/\/samanoticiasdurango.com\/index.php\/wp-json\/wp\/v2\/media?parent=1620"}],"wp:term":[{"taxonomy":"category","embeddable":true,"href":"https:\/\/samanoticiasdurango.com\/index.php\/wp-json\/wp\/v2\/categories?post=1620"},{"taxonomy":"post_tag","embeddable":true,"href":"https:\/\/samanoticiasdurango.com\/index.php\/wp-json\/wp\/v2\/tags?post=1620"}],"curies":[{"name":"wp","href":"https:\/\/api.w.org\/{rel}","templated":true}]}}