{"id":1667,"date":"2022-06-24T22:27:15","date_gmt":"2022-06-24T22:27:15","guid":{"rendered":"http:\/\/samanoticiasdurango.com\/?p=1667"},"modified":"2022-06-24T22:27:19","modified_gmt":"2022-06-24T22:27:19","slug":"cuanta-violencia-en-mexico-reclaman-obispos-y-piden-dialogo-nacional","status":"publish","type":"post","link":"https:\/\/samanoticiasdurango.com\/index.php\/2022\/06\/24\/cuanta-violencia-en-mexico-reclaman-obispos-y-piden-dialogo-nacional\/","title":{"rendered":"\u201c\u00a1Cu\u00e1nta violencia en M\u00e9xico!\u201d, reclaman obispos y piden di\u00e1logo nacional"},"content":{"rendered":"\n<p>Los&nbsp;<strong>obispos<\/strong>&nbsp;que conforman la&nbsp;<strong>Conferencia del Episcopado Mexicano<\/strong>&nbsp;(CEM) se pronunciaron contra los altos \u00edndices de&nbsp;<strong>violencia<\/strong>&nbsp;en el pa\u00eds y pidieron un di\u00e1logo nacional a favor de la paz.<\/p>\n\n\n\n<p>La CEM&nbsp;<a href=\"https:\/\/cem.org.mx\/mensaje-de-los-obispos-de-mexico-por-la-paz\/\" target=\"_blank\" rel=\"noreferrer noopener\">extern\u00f3<\/a>&nbsp;su \u201cprofunda preocupaci\u00f3n\u201d por la extensi\u00f3n del&nbsp;<strong>crimen<\/strong>&nbsp;\u201cpor todas partes\u201d que trastoca la vida cotidiana de toda sociedad.<\/p>\n\n\n\n<blockquote class=\"wp-block-quote is-layout-flow wp-block-quote-is-layout-flow\"><p>Lo m\u00e1s grave, (los criminales) han llegado a manifestarse con niveles de crueldad inhumana en ejecuciones y masacres que han hecho de nuestro pa\u00eds uno de los lugares m\u00e1s inseguros y violentos del mundo\u201d, reprob\u00f3.<\/p><\/blockquote>\n\n\n\n<p>Los obispos consideraron que el&nbsp;<a href=\"https:\/\/lopezdoriga.com\/nacional\/chihuahua-asesinan-dos-sacerdotes-jesuitas-cerocahui\/\" target=\"_blank\" rel=\"noreferrer noopener\">asesinato<\/a>&nbsp;de dos&nbsp;<strong>sacerdotes jesuitas<\/strong>&nbsp;y un&nbsp;<strong>gu\u00eda de turistas<\/strong>&nbsp;en Cerocahui, Chihuahua, es una muestra de la falta de valores y sensibilidad derivada de la p\u00e9rdida de respeto a la dignidad humana.<\/p>\n\n\n\n<blockquote class=\"wp-block-quote is-layout-flow wp-block-quote-is-layout-flow\"><p>Los datos oficiales nos hablan de casi 122 mil asesinatos a manos de los criminales durante los tres a\u00f1os y medio. \u00a1Cu\u00e1ntos asesinatos en M\u00e9xico! ha expresado con dolor el papa Francisco en la Audiencia General del 22 de junio de este a\u00f1o. \u00a1Cu\u00e1nta maldad y desorden social! expresamos nosotros como obispos mexicanos\u201d, lamentaron.<\/p><\/blockquote>\n\n\n\n<p>La Conferencia reconoci\u00f3 que como Iglesia no han hecho lo suficiente en la evangelizaci\u00f3n de los pueblos, por lo que es necesario redoblar esfuerzos.<\/p>\n\n\n\n<p>En este sentido hicieron un llamado al&nbsp;<strong>Gobierno Federal<\/strong>&nbsp;y a las autoridades de todos los niveles a&nbsp;<strong>revisar<\/strong>&nbsp;las&nbsp;<strong>estrategias de<\/strong>&nbsp;<strong>seguridad<\/strong>, que dijeron, \u201cest\u00e1n fracasando\u201d.<\/p>\n\n\n\n<p>Insistieron en que no es \u00fatil negar la realidad ni culpar a tiempos pasados de lo que se necesita resolver ahora.<\/p>\n\n\n\n<blockquote class=\"wp-block-quote is-layout-flow wp-block-quote-is-layout-flow\"><p>Es tiempo de escuchar a la ciudadan\u00eda, a las voces de miles de familiares de las v\u00edctimas, de asesinados y desaparecidos, a los cuerpos policiacos maltratados por el crimen.<\/p><p>Es tiempo de escuchar a los acad\u00e9micos e investigadores, a las denuncias de los medios de comunicaci\u00f3n, a todas las fuerzas pol\u00edticas, a la sociedad civil y a las asociaciones religiosas.\u201d<\/p><\/blockquote>\n\n\n\n<p>La CEM enfatiz\u00f3 que es responsabilidad de los gobernantes aplicar la ley con&nbsp;<strong>justicia<\/strong>&nbsp;para erradicar la&nbsp;<strong>impunidad<\/strong>, respetando los&nbsp;<strong>derechos humanos<\/strong>.<\/p>\n\n\n\n<blockquote class=\"wp-block-quote is-layout-flow wp-block-quote-is-layout-flow\"><p>Hacemos un respetuoso llamado a nuestras autoridades pol\u00edticas a convocar a un di\u00e1logo nacional para emprender acciones inteligentes e integrales con el fin de alcanzar la paz mediante una participaci\u00f3n conjunta. Creemos que \u201cla paz es posible, que tiene que ser posible\u201d, finaliz\u00f3 la Conferencia.<\/p><\/blockquote>\n\n\n\n<p>Con informaci\u00f3n de L\u00f3pez-D\u00f3riga Digital<\/p>\n","protected":false},"excerpt":{"rendered":"<p>Los&nbsp;obispos&nbsp;que conforman la&nbsp;Conferencia del Episcopado Mexicano&nbsp;(CEM) se pronunciaron contra los altos \u00edndices de&nbsp;violencia&nbsp;en el pa\u00eds<\/p>\n","protected":false},"author":1,"featured_media":1668,"comment_status":"open","ping_status":"open","sticky":false,"template":"","format":"standard","meta":{"om_disable_all_campaigns":false,"_monsterinsights_skip_tracking":false,"_monsterinsights_sitenote_active":false,"_monsterinsights_sitenote_note":"","_monsterinsights_sitenote_category":0,"_jetpack_memberships_contains_paid_content":false,"footnotes":"","jetpack_publicize_message":"","jetpack_publicize_feature_enabled":true,"jetpack_social_post_already_shared":false,"jetpack_social_options":{"image_generator_settings":{"template":"highway","enabled":false},"version":2}},"categories":[5],"tags":[],"class_list":["post-1667","post","type-post","status-publish","format-standard","has-post-thumbnail","hentry","category-nacional"],"jetpack_publicize_connections":[],"aioseo_notices":[],"jetpack_featured_media_url":"https:\/\/samanoticiasdurango.com\/wp-content\/uploads\/2022\/06\/autoridades-en-cerocahui-chihuahua.webp","featured_image_urls":{"full":["https:\/\/samanoticiasdurango.com\/wp-content\/uploads\/2022\/06\/autoridades-en-cerocahui-chihuahua.webp",1920,1242,false],"thumbnail":["https:\/\/samanoticiasdurango.com\/wp-content\/uploads\/2022\/06\/autoridades-en-cerocahui-chihuahua-150x150.webp",150,150,true],"medium":["https:\/\/samanoticiasdurango.com\/wp-content\/uploads\/2022\/06\/autoridades-en-cerocahui-chihuahua-300x194.webp",300,194,true],"medium_large":["https:\/\/samanoticiasdurango.com\/wp-content\/uploads\/2022\/06\/autoridades-en-cerocahui-chihuahua-768x497.webp",640,414,true],"large":["https:\/\/samanoticiasdurango.com\/wp-content\/uploads\/2022\/06\/autoridades-en-cerocahui-chihuahua-1024x662.webp",640,414,true],"1536x1536":["https:\/\/samanoticiasdurango.com\/wp-content\/uploads\/2022\/06\/autoridades-en-cerocahui-chihuahua-1536x994.webp",1536,994,true],"2048x2048":["https:\/\/samanoticiasdurango.com\/wp-content\/uploads\/2022\/06\/autoridades-en-cerocahui-chihuahua.webp",1920,1242,false],"chromenews-featured":["https:\/\/samanoticiasdurango.com\/wp-content\/uploads\/2022\/06\/autoridades-en-cerocahui-chihuahua-1024x662.webp",1024,662,true],"chromenews-large":["https:\/\/samanoticiasdurango.com\/wp-content\/uploads\/2022\/06\/autoridades-en-cerocahui-chihuahua-825x575.webp",825,575,true],"chromenews-medium":["https:\/\/samanoticiasdurango.com\/wp-content\/uploads\/2022\/06\/autoridades-en-cerocahui-chihuahua-590x410.webp",590,410,true]},"author_info":{"display_name":"Redacci\u00f3n","author_link":"https:\/\/samanoticiasdurango.com\/index.php\/author\/jjsama13gmail-com\/"},"category_info":"<a href=\"https:\/\/samanoticiasdurango.com\/index.php\/category\/nacional\/\" rel=\"category tag\">NACIONAL<\/a>","tag_info":"NACIONAL","comment_count":"0","jetpack_sharing_enabled":true,"_links":{"self":[{"href":"https:\/\/samanoticiasdurango.com\/index.php\/wp-json\/wp\/v2\/posts\/1667","targetHints":{"allow":["GET"]}}],"collection":[{"href":"https:\/\/samanoticiasdurango.com\/index.php\/wp-json\/wp\/v2\/posts"}],"about":[{"href":"https:\/\/samanoticiasdurango.com\/index.php\/wp-json\/wp\/v2\/types\/post"}],"author":[{"embeddable":true,"href":"https:\/\/samanoticiasdurango.com\/index.php\/wp-json\/wp\/v2\/users\/1"}],"replies":[{"embeddable":true,"href":"https:\/\/samanoticiasdurango.com\/index.php\/wp-json\/wp\/v2\/comments?post=1667"}],"version-history":[{"count":1,"href":"https:\/\/samanoticiasdurango.com\/index.php\/wp-json\/wp\/v2\/posts\/1667\/revisions"}],"predecessor-version":[{"id":1669,"href":"https:\/\/samanoticiasdurango.com\/index.php\/wp-json\/wp\/v2\/posts\/1667\/revisions\/1669"}],"wp:featuredmedia":[{"embeddable":true,"href":"https:\/\/samanoticiasdurango.com\/index.php\/wp-json\/wp\/v2\/media\/1668"}],"wp:attachment":[{"href":"https:\/\/samanoticiasdurango.com\/index.php\/wp-json\/wp\/v2\/media?parent=1667"}],"wp:term":[{"taxonomy":"category","embeddable":true,"href":"https:\/\/samanoticiasdurango.com\/index.php\/wp-json\/wp\/v2\/categories?post=1667"},{"taxonomy":"post_tag","embeddable":true,"href":"https:\/\/samanoticiasdurango.com\/index.php\/wp-json\/wp\/v2\/tags?post=1667"}],"curies":[{"name":"wp","href":"https:\/\/api.w.org\/{rel}","templated":true}]}}