{"id":1673,"date":"2022-06-25T13:44:44","date_gmt":"2022-06-25T13:44:44","guid":{"rendered":"http:\/\/samanoticiasdurango.com\/?p=1673"},"modified":"2022-06-25T13:44:48","modified_gmt":"2022-06-25T13:44:48","slug":"alerta-mexico-aumenta-la-violencia-sexual-digital-en-menores","status":"publish","type":"post","link":"https:\/\/samanoticiasdurango.com\/index.php\/2022\/06\/25\/alerta-mexico-aumenta-la-violencia-sexual-digital-en-menores\/","title":{"rendered":"Alerta M\u00e9xico: aumenta la violencia sexual digital en menores"},"content":{"rendered":"\n<p>La violencia sexual en plataformas digitales hacia ni\u00f1os y adolescentes aument\u00f3 en un 157% en 2020, debido a la exposici\u00f3n de este grupo al ciberespacio empujado por la pandemia, por lo que es fundamental prevenir y abordar esta problem\u00e1tica en M\u00e9xico, se\u00f1alaron expertos este jueves.<br><br>\u201cDebemos de poner en el centro de la agenda p\u00fablica a las ni\u00f1as, ni\u00f1os y adolescentes que han sufrido, sufren o se encuentran en riesgo de vivir alguna situaci\u00f3n de violencia a trav\u00e9s de las tecnolog\u00edas\u201d, detall\u00f3 en conferencia de prensa Diana Rosales, directora nacional de Aldeas Infantiles SOS en M\u00e9xico.<br><br>De acuerdo con el estudio sobre ciberseguridad en empresas, usuarios de internet y padres de familia en M\u00e9xico 2021, realizado por la Asociaci\u00f3n de Internet Mx, en el pa\u00eds el 10% de los usuarios de internet son ni\u00f1os de entre 6 y 11 a\u00f1os, mientras que el 13.9% tienen entre 12 y 17 a\u00f1os.<br><br>Rosales precis\u00f3 que, en M\u00e9xico, de acuerdo con informaci\u00f3n del Instituto Nacional de Estad\u00edstica y Geograf\u00eda (Inegi), poco m\u00e1s de 4.2 millones de personas de 12 a 19 a\u00f1os vivieron ciberacoso, el 39% lo padeci\u00f3 a trav\u00e9s de mensajes ofensivos, 27% tuvo contacto con identidades falsas y 26% recibi\u00f3 insinuaciones o propuestas sexuales.<br><br>\u201cEstas cifras nos demuestran una vez m\u00e1s que la ni\u00f1ez necesita ser escuchada por todas y todos\u201d, asever\u00f3.<br><br>Se\u00f1al\u00f3 que generar conciencia sobre el uso de plataformas digitales y garantizar entornos seguros y protectores para ni\u00f1os, ni\u00f1as y adolescentes es indispensable.<br><br>Para ello dijo: \u201cEs importante trabajar en conjunto con los padres de familia, educadores, las redes sociales, las plataformas de contenido y las estancias gubernamentales para garantizar la protecci\u00f3n de los ni\u00f1os, ni\u00f1as, adolescentes y j\u00f3venes ante la violencia sexual que se suscita en los medios digitales\u201d.<br><\/p>\n\n\n\n<h4 class=\"wp-block-heading\"><strong>Presentan campa\u00f1a<\/strong><\/h4>\n\n\n\n<p>En el marco de su 51 aniversario, Aldeas Infantiles SOS present\u00f3 la campa\u00f1a \u201cViraliza su voz\u201d, con la que se busca concientizar a ni\u00f1os, adolescentes, j\u00f3venes y adultos sobre el uso de plataformas digitales para prevenir la violencia sexual a trav\u00e9s de internet.<\/p>\n\n\n\n<p>Rosales Espinosa precis\u00f3 que es importante brindar informaci\u00f3n que sirva como prevenci\u00f3n de situaciones de riesgo para ni\u00f1os, ni\u00f1as y adolescentes en plataformas digitales: \u201cSe deben crear mecanismos de denuncia accesibles para ellos y sus familias y sobre todo brindar atenci\u00f3n y seguimiento integral a la ni\u00f1ez y adolescencia que ya ha sido violentada\u201d.<\/p>\n\n\n\n<p>La campa\u00f1a \u201cViraliza su Voz\u201d busca llevar a las familias, cuidadoras, cuidadores, ni\u00f1os, ni\u00f1as, adolescentes y j\u00f3venes materiales amigables para identificar la violencia sexual, saber qu\u00e9 hacer ante una situaci\u00f3n de riesgo y sobre todo invitar a construir entornos seguros y protectores al momento de utilizar las plataformas digitales.<\/p>\n\n\n\n<p>La directiva reiter\u00f3 la importancia de crear acciones transversales e integrales que promuevan y defiendan los derechos de la ni\u00f1ez, adolescencia y juventud.<\/p>\n\n\n\n<p>Por su parte, Gabriela Polo Herrera, directora de Pol\u00edticas de Prevenci\u00f3n y Atenci\u00f3n de Violencias, de la Secretar\u00eda Ejecutiva del Sistema Nacional de Protecci\u00f3n de Ni\u00f1as, Ni\u00f1os y Adolescentes (Sipinna), asegur\u00f3 que las \u201cni\u00f1as, ni\u00f1os y adolescentes tienen el derecho de acceder al entorno digital y desde este ejercer sus dem\u00e1s derechos y hacerlo con seguridad y garantizando su derecho a una vida libre de violencia\u201d.<\/p>\n\n\n\n<p>Refiri\u00f3 que \u201clas personas adultas, especialmente las autoridades, debemos contar con informaci\u00f3n suficiente sobre las formas de violencia en l\u00ednea, saber qu\u00e9 incluye, c\u00f3mo prevenirla y c\u00f3mo responder frente a ella\u201d.<\/p>\n\n\n\n<p>Laura Reyna, gerente de Asuntos P\u00fablicos en TikTok, se\u00f1al\u00f3 que la seguridad de la comunidad en la plataforma es prioridad y que, al tratarse de adolescentes, los esfuerzos se multiplican.<\/p>\n\n\n\n<p>Con informaci\u00f3n de&nbsp;<em>EFE<\/em><\/p>\n","protected":false},"excerpt":{"rendered":"<p>La violencia sexual en plataformas digitales hacia ni\u00f1os y adolescentes aument\u00f3 en un 157% en<\/p>\n","protected":false},"author":1,"featured_media":1674,"comment_status":"open","ping_status":"open","sticky":false,"template":"","format":"standard","meta":{"om_disable_all_campaigns":false,"_monsterinsights_skip_tracking":false,"_monsterinsights_sitenote_active":false,"_monsterinsights_sitenote_note":"","_monsterinsights_sitenote_category":0,"_jetpack_memberships_contains_paid_content":false,"footnotes":"","jetpack_publicize_message":"","jetpack_publicize_feature_enabled":true,"jetpack_social_post_already_shared":false,"jetpack_social_options":{"image_generator_settings":{"template":"highway","enabled":false},"version":2}},"categories":[5],"tags":[],"class_list":["post-1673","post","type-post","status-publish","format-standard","has-post-thumbnail","hentry","category-nacional"],"jetpack_publicize_connections":[],"aioseo_notices":[],"jetpack_featured_media_url":"https:\/\/samanoticiasdurango.com\/wp-content\/uploads\/2022\/06\/nota-1556033913549.jpg","featured_image_urls":{"full":["https:\/\/samanoticiasdurango.com\/wp-content\/uploads\/2022\/06\/nota-1556033913549.jpg",780,500,false],"thumbnail":["https:\/\/samanoticiasdurango.com\/wp-content\/uploads\/2022\/06\/nota-1556033913549-150x150.jpg",150,150,true],"medium":["https:\/\/samanoticiasdurango.com\/wp-content\/uploads\/2022\/06\/nota-1556033913549-300x192.jpg",300,192,true],"medium_large":["https:\/\/samanoticiasdurango.com\/wp-content\/uploads\/2022\/06\/nota-1556033913549-768x492.jpg",640,410,true],"large":["https:\/\/samanoticiasdurango.com\/wp-content\/uploads\/2022\/06\/nota-1556033913549.jpg",640,410,false],"1536x1536":["https:\/\/samanoticiasdurango.com\/wp-content\/uploads\/2022\/06\/nota-1556033913549.jpg",780,500,false],"2048x2048":["https:\/\/samanoticiasdurango.com\/wp-content\/uploads\/2022\/06\/nota-1556033913549.jpg",780,500,false],"chromenews-featured":["https:\/\/samanoticiasdurango.com\/wp-content\/uploads\/2022\/06\/nota-1556033913549.jpg",780,500,false],"chromenews-large":["https:\/\/samanoticiasdurango.com\/wp-content\/uploads\/2022\/06\/nota-1556033913549.jpg",780,500,false],"chromenews-medium":["https:\/\/samanoticiasdurango.com\/wp-content\/uploads\/2022\/06\/nota-1556033913549-590x410.jpg",590,410,true]},"author_info":{"display_name":"Redacci\u00f3n","author_link":"https:\/\/samanoticiasdurango.com\/index.php\/author\/jjsama13gmail-com\/"},"category_info":"<a href=\"https:\/\/samanoticiasdurango.com\/index.php\/category\/nacional\/\" rel=\"category tag\">NACIONAL<\/a>","tag_info":"NACIONAL","comment_count":"0","jetpack_sharing_enabled":true,"_links":{"self":[{"href":"https:\/\/samanoticiasdurango.com\/index.php\/wp-json\/wp\/v2\/posts\/1673","targetHints":{"allow":["GET"]}}],"collection":[{"href":"https:\/\/samanoticiasdurango.com\/index.php\/wp-json\/wp\/v2\/posts"}],"about":[{"href":"https:\/\/samanoticiasdurango.com\/index.php\/wp-json\/wp\/v2\/types\/post"}],"author":[{"embeddable":true,"href":"https:\/\/samanoticiasdurango.com\/index.php\/wp-json\/wp\/v2\/users\/1"}],"replies":[{"embeddable":true,"href":"https:\/\/samanoticiasdurango.com\/index.php\/wp-json\/wp\/v2\/comments?post=1673"}],"version-history":[{"count":1,"href":"https:\/\/samanoticiasdurango.com\/index.php\/wp-json\/wp\/v2\/posts\/1673\/revisions"}],"predecessor-version":[{"id":1675,"href":"https:\/\/samanoticiasdurango.com\/index.php\/wp-json\/wp\/v2\/posts\/1673\/revisions\/1675"}],"wp:featuredmedia":[{"embeddable":true,"href":"https:\/\/samanoticiasdurango.com\/index.php\/wp-json\/wp\/v2\/media\/1674"}],"wp:attachment":[{"href":"https:\/\/samanoticiasdurango.com\/index.php\/wp-json\/wp\/v2\/media?parent=1673"}],"wp:term":[{"taxonomy":"category","embeddable":true,"href":"https:\/\/samanoticiasdurango.com\/index.php\/wp-json\/wp\/v2\/categories?post=1673"},{"taxonomy":"post_tag","embeddable":true,"href":"https:\/\/samanoticiasdurango.com\/index.php\/wp-json\/wp\/v2\/tags?post=1673"}],"curies":[{"name":"wp","href":"https:\/\/api.w.org\/{rel}","templated":true}]}}