{"id":1677,"date":"2022-06-25T13:47:51","date_gmt":"2022-06-25T13:47:51","guid":{"rendered":"http:\/\/samanoticiasdurango.com\/?p=1677"},"modified":"2022-06-25T13:47:52","modified_gmt":"2022-06-25T13:47:52","slug":"ley-general-de-seguridad-privada-tema-urgente-que-no-debe-postergar-el-congreso","status":"publish","type":"post","link":"https:\/\/samanoticiasdurango.com\/index.php\/2022\/06\/25\/ley-general-de-seguridad-privada-tema-urgente-que-no-debe-postergar-el-congreso\/","title":{"rendered":"Ley General de Seguridad Privada, tema urgente que no debe postergar el Congreso"},"content":{"rendered":"\n<p>La Confederaci\u00f3n Patronal de la Rep\u00fablica Mexicana (Coparmex) hace un llamado al Congreso de la Uni\u00f3n para que expida, sin mayor demora, la Ley General de Seguridad Privada toda vez que la seguridad privada es considerada por la Suprema Corte de Justicia de la Naci\u00f3n (SCJN) como coadyuvante de la seguridad p\u00fablica.<\/p>\n\n\n\n<p>Cabe destacar que la profesionalizaci\u00f3n y regulaci\u00f3n de las empresas de seguridad privada y la incorporaci\u00f3n de este sector a procesos y mejores pr\u00e1cticas que beneficien a todos los mexicanos, por ello, es urgente que se expida la Ley de Seguridad Privada para as\u00ed contar con la regulaci\u00f3n secundaria que haga realidad el texto constitucional.<\/p>\n\n\n\n<p>En la \u00faltima d\u00e9cada, la realidad social y de seguridad p\u00fablica rebas\u00f3 la obligaci\u00f3n constitucional del Estado Mexicano, lo que dio pie a la proliferaci\u00f3n de empresas de seguridad privada, con todo tipo de distorsiones en la actividad de un sector que representa a m\u00e1s de 8 mil empresas, emplea a m\u00e1s de 600 mil colaboradores, y representa aproximadamente el 2% del Producto Interno Bruto (PIB).<\/p>\n\n\n\n<p>Frente a esta situaci\u00f3n, el 11 de marzo de 2021 se aprob\u00f3 una iniciativa de reforma constitucional al art\u00edculo 73 para efecto de facultar al Congreso de la Uni\u00f3n para legislar y expedir la Ley General de Seguridad Privada, cuyo ordenamiento fue publicado el 28 de mayo de 2021 en el Diario Oficial de la Federaci\u00f3n, tras el visto bueno de la mayor\u00eda de los congresos locales, como lo dicta la ley.<\/p>\n\n\n\n<p>La ley pretende regular la seguridad privada en: la homologaci\u00f3n de un permiso \u00fanico a nivel nacional con el objetivo de crear un registro nacional de las empresas que prestan el servicio en uno o varios estados, establecer la distribuci\u00f3n de competencias que tendr\u00e1n la federaci\u00f3n, los estados y los municipios en la materia y las sanciones tanto para empresas como para usuarios que contraten empresas que no cuenten con la autorizaci\u00f3n correspondiente.<\/p>\n\n\n\n<p>Es fundamental que se expida esta ley para que exista una efectiva y adecuada regulaci\u00f3n y se lleve a cabo el registro nacional de empresas del ramo, pues actualmente solo se realiza cuando una empresa tiene actividad en dos o m\u00e1s entidades, pero cuando labora solo en una, solo tiene la obligaci\u00f3n de llevar a cabo su inscripci\u00f3n ante la entidad federativa en la que presta el servicio.<br>Regular y atender la operaci\u00f3n de las empresas de seguridad privada es sumamente importante, pues la SCJN estableci\u00f3 que la seguridad privada es coadyuvante de la seguridad p\u00fablica:<\/p>\n\n\n\n<p>\u201cLos servicios de seguridad prestados por empresas privadas junto con las instituciones de seguridad p\u00fablica forman parte de un sistema de seguridad p\u00fablica que funciona por colaboraci\u00f3n entre \u00e9stas y aquellas, las cuales, sin subsumirse, en las funciones del Estado, coadyuvan con \u00e9l.\u201d<\/p>\n\n\n\n<p>De acuerdo con la Coparmex, es necesario contar con un marco jur\u00eddico adecuado para el mejor desarrollo de este sector, y hacen un llamado al Congreso de la Uni\u00f3n para expedir la Ley General de Seguridad Privada que, sin duda, dotar\u00e1 de mayores herramientas de coordinaci\u00f3n, seguimiento y control a las autoridades de los tres \u00e1mbitos de gobierno, en favor de los ciudadanos.<\/p>\n","protected":false},"excerpt":{"rendered":"<p>La Confederaci\u00f3n Patronal de la Rep\u00fablica Mexicana (Coparmex) hace un llamado al Congreso de la<\/p>\n","protected":false},"author":1,"featured_media":1678,"comment_status":"open","ping_status":"open","sticky":false,"template":"","format":"standard","meta":{"om_disable_all_campaigns":false,"_monsterinsights_skip_tracking":false,"_monsterinsights_sitenote_active":false,"_monsterinsights_sitenote_note":"","_monsterinsights_sitenote_category":0,"_jetpack_memberships_contains_paid_content":false,"footnotes":"","jetpack_publicize_message":"","jetpack_publicize_feature_enabled":true,"jetpack_social_post_already_shared":false,"jetpack_social_options":{"image_generator_settings":{"template":"highway","enabled":false},"version":2}},"categories":[5],"tags":[],"class_list":["post-1677","post","type-post","status-publish","format-standard","has-post-thumbnail","hentry","category-nacional"],"jetpack_publicize_connections":[],"aioseo_notices":[],"jetpack_featured_media_url":"https:\/\/samanoticiasdurango.com\/wp-content\/uploads\/2022\/06\/nota-56562677561.jpg","featured_image_urls":{"full":["https:\/\/samanoticiasdurango.com\/wp-content\/uploads\/2022\/06\/nota-56562677561.jpg",780,500,false],"thumbnail":["https:\/\/samanoticiasdurango.com\/wp-content\/uploads\/2022\/06\/nota-56562677561-150x150.jpg",150,150,true],"medium":["https:\/\/samanoticiasdurango.com\/wp-content\/uploads\/2022\/06\/nota-56562677561-300x192.jpg",300,192,true],"medium_large":["https:\/\/samanoticiasdurango.com\/wp-content\/uploads\/2022\/06\/nota-56562677561-768x492.jpg",640,410,true],"large":["https:\/\/samanoticiasdurango.com\/wp-content\/uploads\/2022\/06\/nota-56562677561.jpg",640,410,false],"1536x1536":["https:\/\/samanoticiasdurango.com\/wp-content\/uploads\/2022\/06\/nota-56562677561.jpg",780,500,false],"2048x2048":["https:\/\/samanoticiasdurango.com\/wp-content\/uploads\/2022\/06\/nota-56562677561.jpg",780,500,false],"chromenews-featured":["https:\/\/samanoticiasdurango.com\/wp-content\/uploads\/2022\/06\/nota-56562677561.jpg",780,500,false],"chromenews-large":["https:\/\/samanoticiasdurango.com\/wp-content\/uploads\/2022\/06\/nota-56562677561.jpg",780,500,false],"chromenews-medium":["https:\/\/samanoticiasdurango.com\/wp-content\/uploads\/2022\/06\/nota-56562677561-590x410.jpg",590,410,true]},"author_info":{"display_name":"Redacci\u00f3n","author_link":"https:\/\/samanoticiasdurango.com\/index.php\/author\/jjsama13gmail-com\/"},"category_info":"<a href=\"https:\/\/samanoticiasdurango.com\/index.php\/category\/nacional\/\" rel=\"category tag\">NACIONAL<\/a>","tag_info":"NACIONAL","comment_count":"0","jetpack_sharing_enabled":true,"_links":{"self":[{"href":"https:\/\/samanoticiasdurango.com\/index.php\/wp-json\/wp\/v2\/posts\/1677","targetHints":{"allow":["GET"]}}],"collection":[{"href":"https:\/\/samanoticiasdurango.com\/index.php\/wp-json\/wp\/v2\/posts"}],"about":[{"href":"https:\/\/samanoticiasdurango.com\/index.php\/wp-json\/wp\/v2\/types\/post"}],"author":[{"embeddable":true,"href":"https:\/\/samanoticiasdurango.com\/index.php\/wp-json\/wp\/v2\/users\/1"}],"replies":[{"embeddable":true,"href":"https:\/\/samanoticiasdurango.com\/index.php\/wp-json\/wp\/v2\/comments?post=1677"}],"version-history":[{"count":1,"href":"https:\/\/samanoticiasdurango.com\/index.php\/wp-json\/wp\/v2\/posts\/1677\/revisions"}],"predecessor-version":[{"id":1679,"href":"https:\/\/samanoticiasdurango.com\/index.php\/wp-json\/wp\/v2\/posts\/1677\/revisions\/1679"}],"wp:featuredmedia":[{"embeddable":true,"href":"https:\/\/samanoticiasdurango.com\/index.php\/wp-json\/wp\/v2\/media\/1678"}],"wp:attachment":[{"href":"https:\/\/samanoticiasdurango.com\/index.php\/wp-json\/wp\/v2\/media?parent=1677"}],"wp:term":[{"taxonomy":"category","embeddable":true,"href":"https:\/\/samanoticiasdurango.com\/index.php\/wp-json\/wp\/v2\/categories?post=1677"},{"taxonomy":"post_tag","embeddable":true,"href":"https:\/\/samanoticiasdurango.com\/index.php\/wp-json\/wp\/v2\/tags?post=1677"}],"curies":[{"name":"wp","href":"https:\/\/api.w.org\/{rel}","templated":true}]}}