{"id":1681,"date":"2022-06-25T13:51:17","date_gmt":"2022-06-25T13:51:17","guid":{"rendered":"http:\/\/samanoticiasdurango.com\/?p=1681"},"modified":"2022-06-25T13:51:18","modified_gmt":"2022-06-25T13:51:18","slug":"desercion-escolar-y-conocimientos-no-aprendidos","status":"publish","type":"post","link":"https:\/\/samanoticiasdurango.com\/index.php\/2022\/06\/25\/desercion-escolar-y-conocimientos-no-aprendidos\/","title":{"rendered":"Deserci\u00f3n escolar y conocimientos no aprendidos"},"content":{"rendered":"\n<p>En unos de sus ratos libres, la secretaria de Educaci\u00f3n P\u00fablica (SEP) inform\u00f3 que&nbsp;<strong>en el actual ciclo escolar se inscribieron 521 mil estudiantes menos que el ciclo pasado, 1.5% del total<\/strong>&nbsp;de la matricula.<\/p>\n\n\n\n<p>Delfina G\u00f3mez, titular de la SEP, asegur\u00f3 que a pesar del cierre de aulas de educaci\u00f3n b\u00e1sica y media superior por las medidas contra el Covid-19, la gran mayor\u00eda de la matr\u00edcula de alumnos de educaci\u00f3n de todos los niveles se mantuvo.<\/p>\n\n\n\n<p>La mayor\u00eda de las bajas fueron en la educaci\u00f3n b\u00e1sica y en menor medida en la educaci\u00f3n media superior, inform\u00f3.<\/p>\n\n\n\n<p>\u201cNo dejaremos atr\u00e1s a nadie, bajo ninguna circunstancia, por eso vamos a facilitar, convencer y acompa\u00f1ar el regreso a las aulas de todas y todos ustedes y para ello tenemos metodolog\u00edas profesionales que vamos a implementar con su apoyo\u201d, se\u00f1al\u00f3 la funcionaria.<\/p>\n\n\n\n<p>En la&nbsp;<strong>educaci\u00f3n superior<\/strong>, por el contrario, la matricula aument\u00f3 en 85 mil estudiantes con relaci\u00f3n al \u00faltimo ciclo escolar, es decir 1.7% m\u00e1s.<\/p>\n\n\n\n<p>Con relaci\u00f3n a los aprendizajes que por la educaci\u00f3n a distancia no se hayan arraigado en las alumnas y alumnos, buscar\u00e1n nivelarlos como una tarea esencial de maestras y maestros.<\/p>\n\n\n\n<p>\u201cAh\u00ed es donde ustedes son clave para identificar las \u00e1reas donde hay m\u00e1s que rescatar y recuperar de manera \u00f3ptima aprendizajes en cada regi\u00f3n, en cada comunidad, que es lo que vamos a reforzar con mayor acento gracias a la valoraci\u00f3n diagn\u00f3stica y formativa de sus alumnos, que dar\u00e1 eficacia a la metodolog\u00eda para&nbsp;<strong>recuperar cualquier aprendizaje que no haya sido \u00f3ptimo<\/strong>\u201d, dijo la secretaria.<\/p>\n\n\n\n<p>La Educaci\u00f3n Contin\u00faa ser\u00e1 una acci\u00f3n esencial, \u201cpor primera vez en la historia de la educaci\u00f3n en M\u00e9xico vamos a disponer de 35 d\u00edas de formaci\u00f3n para trabajar juntas y juntos, porque queremos generar una preparaci\u00f3n s\u00f3lida para ustedes de cara a implementar el nuevo plan y programas de forma generalizada en todas las escuelas en el ciclo 2023-2024&#8243;.<\/p>\n\n\n\n<p>Pero&nbsp;<strong>los nuevos programas de estudio contin\u00faan en construcci\u00f3n<\/strong>&nbsp;y en el pr\u00f3ximo ciclo escolar se pondr\u00e1 en marcha un programa piloto para enriquecer y dar los ajustes finales al planteamiento curricular, inform\u00f3.<\/p>\n\n\n\n<p>Para el plan y programas de 2022 se buscar\u00e1 dar estrategias y herramientas a las y los docentes para atender cuatro retos fundamentales postpandemia: el bajo logro educativo, la p\u00e9rdida de aprendizajes, el abandono escolar y las afectaciones socioemocionales de estudiantes.<\/p>\n\n\n\n<p>Para el cierre del actual ciclo escolar se realizar\u00e1n acciones extraordinarias para flexibilizar algunos aspectos de evaluaci\u00f3n, pero, al mismo tiempo, garantizar la recuperaci\u00f3n de cualquier aprendizaje que no haya tenido un desempe\u00f1o esperado, para lo cual invit\u00f3 a consultar el acuerdo en el Diario Oficial de la Federaci\u00f3n, \u00a1pr\u00f3ximo a emitirse!<\/p>\n\n\n\n<p>\u201cComo parte de este esfuerzo del 5 al 15 de septiembre de 2022 se har\u00e1 una valoraci\u00f3n diagn\u00f3stica inicial formativa y solo para efecto de toma de decisiones sobre la mejora de aprendizaje de las ni\u00f1as, los ni\u00f1os y los adolescentes y cinco meses despu\u00e9s del primero al 10 de febrero se realizar\u00e1 otra valoraci\u00f3n para determinar los avances y de ser necesario tomar medidas para reforzar los conocimientos de nuestros alumnos\u201d, detall\u00f3.<\/p>\n\n\n\n<p>Con informaci\u00f3n de&nbsp;<em>Excelsior<\/em>.<\/p>\n","protected":false},"excerpt":{"rendered":"<p>En unos de sus ratos libres, la secretaria de Educaci\u00f3n P\u00fablica (SEP) inform\u00f3 que&nbsp;en el<\/p>\n","protected":false},"author":1,"featured_media":1682,"comment_status":"open","ping_status":"open","sticky":false,"template":"","format":"standard","meta":{"om_disable_all_campaigns":false,"_monsterinsights_skip_tracking":false,"_monsterinsights_sitenote_active":false,"_monsterinsights_sitenote_note":"","_monsterinsights_sitenote_category":0,"_jetpack_memberships_contains_paid_content":false,"footnotes":"","jetpack_publicize_message":"","jetpack_publicize_feature_enabled":true,"jetpack_social_post_already_shared":false,"jetpack_social_options":{"image_generator_settings":{"template":"highway","enabled":false},"version":2}},"categories":[5],"tags":[],"class_list":["post-1681","post","type-post","status-publish","format-standard","has-post-thumbnail","hentry","category-nacional"],"jetpack_publicize_connections":[],"aioseo_notices":[],"jetpack_featured_media_url":"https:\/\/samanoticiasdurango.com\/wp-content\/uploads\/2022\/06\/2777746.jpg","featured_image_urls":{"full":["https:\/\/samanoticiasdurango.com\/wp-content\/uploads\/2022\/06\/2777746.jpg",1200,630,false],"thumbnail":["https:\/\/samanoticiasdurango.com\/wp-content\/uploads\/2022\/06\/2777746-150x150.jpg",150,150,true],"medium":["https:\/\/samanoticiasdurango.com\/wp-content\/uploads\/2022\/06\/2777746-300x158.jpg",300,158,true],"medium_large":["https:\/\/samanoticiasdurango.com\/wp-content\/uploads\/2022\/06\/2777746-768x403.jpg",640,336,true],"large":["https:\/\/samanoticiasdurango.com\/wp-content\/uploads\/2022\/06\/2777746-1024x538.jpg",640,336,true],"1536x1536":["https:\/\/samanoticiasdurango.com\/wp-content\/uploads\/2022\/06\/2777746.jpg",1200,630,false],"2048x2048":["https:\/\/samanoticiasdurango.com\/wp-content\/uploads\/2022\/06\/2777746.jpg",1200,630,false],"chromenews-featured":["https:\/\/samanoticiasdurango.com\/wp-content\/uploads\/2022\/06\/2777746-1024x538.jpg",1024,538,true],"chromenews-large":["https:\/\/samanoticiasdurango.com\/wp-content\/uploads\/2022\/06\/2777746-825x575.jpg",825,575,true],"chromenews-medium":["https:\/\/samanoticiasdurango.com\/wp-content\/uploads\/2022\/06\/2777746-590x410.jpg",590,410,true]},"author_info":{"display_name":"Redacci\u00f3n","author_link":"https:\/\/samanoticiasdurango.com\/index.php\/author\/jjsama13gmail-com\/"},"category_info":"<a href=\"https:\/\/samanoticiasdurango.com\/index.php\/category\/nacional\/\" rel=\"category tag\">NACIONAL<\/a>","tag_info":"NACIONAL","comment_count":"0","jetpack_sharing_enabled":true,"_links":{"self":[{"href":"https:\/\/samanoticiasdurango.com\/index.php\/wp-json\/wp\/v2\/posts\/1681","targetHints":{"allow":["GET"]}}],"collection":[{"href":"https:\/\/samanoticiasdurango.com\/index.php\/wp-json\/wp\/v2\/posts"}],"about":[{"href":"https:\/\/samanoticiasdurango.com\/index.php\/wp-json\/wp\/v2\/types\/post"}],"author":[{"embeddable":true,"href":"https:\/\/samanoticiasdurango.com\/index.php\/wp-json\/wp\/v2\/users\/1"}],"replies":[{"embeddable":true,"href":"https:\/\/samanoticiasdurango.com\/index.php\/wp-json\/wp\/v2\/comments?post=1681"}],"version-history":[{"count":1,"href":"https:\/\/samanoticiasdurango.com\/index.php\/wp-json\/wp\/v2\/posts\/1681\/revisions"}],"predecessor-version":[{"id":1683,"href":"https:\/\/samanoticiasdurango.com\/index.php\/wp-json\/wp\/v2\/posts\/1681\/revisions\/1683"}],"wp:featuredmedia":[{"embeddable":true,"href":"https:\/\/samanoticiasdurango.com\/index.php\/wp-json\/wp\/v2\/media\/1682"}],"wp:attachment":[{"href":"https:\/\/samanoticiasdurango.com\/index.php\/wp-json\/wp\/v2\/media?parent=1681"}],"wp:term":[{"taxonomy":"category","embeddable":true,"href":"https:\/\/samanoticiasdurango.com\/index.php\/wp-json\/wp\/v2\/categories?post=1681"},{"taxonomy":"post_tag","embeddable":true,"href":"https:\/\/samanoticiasdurango.com\/index.php\/wp-json\/wp\/v2\/tags?post=1681"}],"curies":[{"name":"wp","href":"https:\/\/api.w.org\/{rel}","templated":true}]}}