{"id":1686,"date":"2022-06-25T16:09:12","date_gmt":"2022-06-25T16:09:12","guid":{"rendered":"http:\/\/samanoticiasdurango.com\/?p=1686"},"modified":"2022-06-25T16:09:15","modified_gmt":"2022-06-25T16:09:15","slug":"la-marcha-del-orgullo-lgbt-en-la-cdmx","status":"publish","type":"post","link":"https:\/\/samanoticiasdurango.com\/index.php\/2022\/06\/25\/la-marcha-del-orgullo-lgbt-en-la-cdmx\/","title":{"rendered":"La Marcha del Orgullo LGBT en la CDMX."},"content":{"rendered":"\n<p>Los cr\u00edmenes de odio hacia las personas trans, la falta de reconocimiento a la identidad de g\u00e9nero en cerca de la mitad de los estados del pa\u00eds, la garant\u00eda de otros derechos y la visibilidad de las necesidades de las personas no binarias son algunos de los pendientes m\u00e1s importantes en v\u00edsperas de la conmemoraci\u00f3n del<strong>&nbsp;D\u00eda Internacional del Orgullo LGBTI+<\/strong>, de acuerdo con activistas.<\/p>\n\n\n\n<p>Seg\u00fan la organizaci\u00f3n Transgender Europe, M\u00e9xico sigue ocupando el segundo lugar con mayor n\u00famero de homicidios a personas trans, mientras que \u00fanicamente 15 estados del pa\u00eds han reformado sus leyes para permitir el cambio de identidad de g\u00e9nero, y hasta ahora, solo cuatro lo permiten para infancias o adolescencias.<\/p>\n","protected":false},"excerpt":{"rendered":"<p>Los cr\u00edmenes de odio hacia las personas trans, la falta de reconocimiento a la identidad<\/p>\n","protected":false},"author":1,"featured_media":1688,"comment_status":"open","ping_status":"open","sticky":false,"template":"","format":"standard","meta":{"om_disable_all_campaigns":false,"_monsterinsights_skip_tracking":false,"_monsterinsights_sitenote_active":false,"_monsterinsights_sitenote_note":"","_monsterinsights_sitenote_category":0,"_jetpack_memberships_contains_paid_content":false,"footnotes":"","jetpack_publicize_message":"","jetpack_publicize_feature_enabled":true,"jetpack_social_post_already_shared":false,"jetpack_social_options":{"image_generator_settings":{"template":"highway","enabled":false},"version":2}},"categories":[5],"tags":[],"class_list":["post-1686","post","type-post","status-publish","format-standard","has-post-thumbnail","hentry","category-nacional"],"jetpack_publicize_connections":[],"aioseo_notices":[],"jetpack_featured_media_url":"https:\/\/samanoticiasdurango.com\/wp-content\/uploads\/2022\/06\/FDbcxCAL.jpeg","featured_image_urls":{"full":["https:\/\/samanoticiasdurango.com\/wp-content\/uploads\/2022\/06\/FDbcxCAL.jpeg",680,453,false],"thumbnail":["https:\/\/samanoticiasdurango.com\/wp-content\/uploads\/2022\/06\/FDbcxCAL-150x150.jpeg",150,150,true],"medium":["https:\/\/samanoticiasdurango.com\/wp-content\/uploads\/2022\/06\/FDbcxCAL-300x200.jpeg",300,200,true],"medium_large":["https:\/\/samanoticiasdurango.com\/wp-content\/uploads\/2022\/06\/FDbcxCAL.jpeg",640,426,false],"large":["https:\/\/samanoticiasdurango.com\/wp-content\/uploads\/2022\/06\/FDbcxCAL.jpeg",640,426,false],"1536x1536":["https:\/\/samanoticiasdurango.com\/wp-content\/uploads\/2022\/06\/FDbcxCAL.jpeg",680,453,false],"2048x2048":["https:\/\/samanoticiasdurango.com\/wp-content\/uploads\/2022\/06\/FDbcxCAL.jpeg",680,453,false],"chromenews-featured":["https:\/\/samanoticiasdurango.com\/wp-content\/uploads\/2022\/06\/FDbcxCAL.jpeg",680,453,false],"chromenews-large":["https:\/\/samanoticiasdurango.com\/wp-content\/uploads\/2022\/06\/FDbcxCAL.jpeg",680,453,false],"chromenews-medium":["https:\/\/samanoticiasdurango.com\/wp-content\/uploads\/2022\/06\/FDbcxCAL-590x410.jpeg",590,410,true]},"author_info":{"display_name":"Redacci\u00f3n","author_link":"https:\/\/samanoticiasdurango.com\/index.php\/author\/jjsama13gmail-com\/"},"category_info":"<a href=\"https:\/\/samanoticiasdurango.com\/index.php\/category\/nacional\/\" rel=\"category tag\">NACIONAL<\/a>","tag_info":"NACIONAL","comment_count":"0","jetpack_sharing_enabled":true,"_links":{"self":[{"href":"https:\/\/samanoticiasdurango.com\/index.php\/wp-json\/wp\/v2\/posts\/1686","targetHints":{"allow":["GET"]}}],"collection":[{"href":"https:\/\/samanoticiasdurango.com\/index.php\/wp-json\/wp\/v2\/posts"}],"about":[{"href":"https:\/\/samanoticiasdurango.com\/index.php\/wp-json\/wp\/v2\/types\/post"}],"author":[{"embeddable":true,"href":"https:\/\/samanoticiasdurango.com\/index.php\/wp-json\/wp\/v2\/users\/1"}],"replies":[{"embeddable":true,"href":"https:\/\/samanoticiasdurango.com\/index.php\/wp-json\/wp\/v2\/comments?post=1686"}],"version-history":[{"count":1,"href":"https:\/\/samanoticiasdurango.com\/index.php\/wp-json\/wp\/v2\/posts\/1686\/revisions"}],"predecessor-version":[{"id":1689,"href":"https:\/\/samanoticiasdurango.com\/index.php\/wp-json\/wp\/v2\/posts\/1686\/revisions\/1689"}],"wp:featuredmedia":[{"embeddable":true,"href":"https:\/\/samanoticiasdurango.com\/index.php\/wp-json\/wp\/v2\/media\/1688"}],"wp:attachment":[{"href":"https:\/\/samanoticiasdurango.com\/index.php\/wp-json\/wp\/v2\/media?parent=1686"}],"wp:term":[{"taxonomy":"category","embeddable":true,"href":"https:\/\/samanoticiasdurango.com\/index.php\/wp-json\/wp\/v2\/categories?post=1686"},{"taxonomy":"post_tag","embeddable":true,"href":"https:\/\/samanoticiasdurango.com\/index.php\/wp-json\/wp\/v2\/tags?post=1686"}],"curies":[{"name":"wp","href":"https:\/\/api.w.org\/{rel}","templated":true}]}}