{"id":1692,"date":"2022-06-26T13:39:39","date_gmt":"2022-06-26T13:39:39","guid":{"rendered":"http:\/\/samanoticiasdurango.com\/?p=1692"},"modified":"2022-06-26T13:39:42","modified_gmt":"2022-06-26T13:39:42","slug":"un-cuarto-de-millon-en-la-marcha-lgbt","status":"publish","type":"post","link":"https:\/\/samanoticiasdurango.com\/index.php\/2022\/06\/26\/un-cuarto-de-millon-en-la-marcha-lgbt\/","title":{"rendered":"Un cuarto de mill\u00f3n, en la marcha LGBT"},"content":{"rendered":"\n<p>La jefa de Gobierno de CDMX confirm\u00f3 que fueron 250 mil las personas que acudieron a la Marcha del Orgullo LGBT+ 2022, que se celebra mundialmente el 28 de junio. \u201cEsta es la imagen de una<br>ciudad de derechos y libertades. Se registra una afluencia de 250 mil personas en la Marcha del Orgullo\u201d, poste\u00f3 CSP. Los participantes en la edici\u00f3n 44 de la marcha, que este a\u00f1o estuvo dedicada a las mujeres de la diversidad sexual, desbordaron las calles capitalinas con una celebraci\u00f3n diversa, activa y multicolor. <\/p>\n\n\n\n<p>La marcha de ayer volvi\u00f3 a ser presencial Twitter @SoyHomosensual luego de dos a\u00f1os de pandemia para celebrar avances legales y pol\u00edticos y denunciar la ola de violencia de odio que en este pa\u00eds existe contra la comunidad. La concentraci\u00f3n arranc\u00f3 en el \u00c1ngel de la Independencia, y se desplaz\u00f3 por Paseo de la Reforma, avenida Ju\u00e1rez, Eje Central, 5 de Mayo hasta llegar al Z\u00f3calo.<\/p>\n\n\n\n<p> (La Jornada) (El Sol de M\u00e9xico) (El Heraldo de M\u00e9xico)<\/p>\n","protected":false},"excerpt":{"rendered":"<p>La jefa de Gobierno de CDMX confirm\u00f3 que fueron 250 mil las personas que acudieron<\/p>\n","protected":false},"author":1,"featured_media":1693,"comment_status":"open","ping_status":"open","sticky":false,"template":"","format":"standard","meta":{"om_disable_all_campaigns":false,"_monsterinsights_skip_tracking":false,"_monsterinsights_sitenote_active":false,"_monsterinsights_sitenote_note":"","_monsterinsights_sitenote_category":0,"_jetpack_memberships_contains_paid_content":false,"footnotes":"","jetpack_publicize_message":"","jetpack_publicize_feature_enabled":true,"jetpack_social_post_already_shared":false,"jetpack_social_options":{"image_generator_settings":{"template":"highway","enabled":false},"version":2}},"categories":[5],"tags":[],"class_list":["post-1692","post","type-post","status-publish","format-standard","has-post-thumbnail","hentry","category-nacional"],"jetpack_publicize_connections":[],"aioseo_notices":[],"jetpack_featured_media_url":"https:\/\/samanoticiasdurango.com\/wp-content\/uploads\/2022\/06\/Contabilizan-250-mil-asistentes-en-la-marcha-LGBT-de-la-CDMX-1.webp","featured_image_urls":{"full":["https:\/\/samanoticiasdurango.com\/wp-content\/uploads\/2022\/06\/Contabilizan-250-mil-asistentes-en-la-marcha-LGBT-de-la-CDMX-1.webp",1280,720,false],"thumbnail":["https:\/\/samanoticiasdurango.com\/wp-content\/uploads\/2022\/06\/Contabilizan-250-mil-asistentes-en-la-marcha-LGBT-de-la-CDMX-1-150x150.webp",150,150,true],"medium":["https:\/\/samanoticiasdurango.com\/wp-content\/uploads\/2022\/06\/Contabilizan-250-mil-asistentes-en-la-marcha-LGBT-de-la-CDMX-1-300x169.webp",300,169,true],"medium_large":["https:\/\/samanoticiasdurango.com\/wp-content\/uploads\/2022\/06\/Contabilizan-250-mil-asistentes-en-la-marcha-LGBT-de-la-CDMX-1-768x432.webp",640,360,true],"large":["https:\/\/samanoticiasdurango.com\/wp-content\/uploads\/2022\/06\/Contabilizan-250-mil-asistentes-en-la-marcha-LGBT-de-la-CDMX-1-1024x576.webp",640,360,true],"1536x1536":["https:\/\/samanoticiasdurango.com\/wp-content\/uploads\/2022\/06\/Contabilizan-250-mil-asistentes-en-la-marcha-LGBT-de-la-CDMX-1.webp",1280,720,false],"2048x2048":["https:\/\/samanoticiasdurango.com\/wp-content\/uploads\/2022\/06\/Contabilizan-250-mil-asistentes-en-la-marcha-LGBT-de-la-CDMX-1.webp",1280,720,false],"chromenews-featured":["https:\/\/samanoticiasdurango.com\/wp-content\/uploads\/2022\/06\/Contabilizan-250-mil-asistentes-en-la-marcha-LGBT-de-la-CDMX-1-1024x576.webp",1024,576,true],"chromenews-large":["https:\/\/samanoticiasdurango.com\/wp-content\/uploads\/2022\/06\/Contabilizan-250-mil-asistentes-en-la-marcha-LGBT-de-la-CDMX-1-825x575.webp",825,575,true],"chromenews-medium":["https:\/\/samanoticiasdurango.com\/wp-content\/uploads\/2022\/06\/Contabilizan-250-mil-asistentes-en-la-marcha-LGBT-de-la-CDMX-1-590x410.webp",590,410,true]},"author_info":{"display_name":"Redacci\u00f3n","author_link":"https:\/\/samanoticiasdurango.com\/index.php\/author\/jjsama13gmail-com\/"},"category_info":"<a href=\"https:\/\/samanoticiasdurango.com\/index.php\/category\/nacional\/\" rel=\"category tag\">NACIONAL<\/a>","tag_info":"NACIONAL","comment_count":"0","jetpack_sharing_enabled":true,"_links":{"self":[{"href":"https:\/\/samanoticiasdurango.com\/index.php\/wp-json\/wp\/v2\/posts\/1692","targetHints":{"allow":["GET"]}}],"collection":[{"href":"https:\/\/samanoticiasdurango.com\/index.php\/wp-json\/wp\/v2\/posts"}],"about":[{"href":"https:\/\/samanoticiasdurango.com\/index.php\/wp-json\/wp\/v2\/types\/post"}],"author":[{"embeddable":true,"href":"https:\/\/samanoticiasdurango.com\/index.php\/wp-json\/wp\/v2\/users\/1"}],"replies":[{"embeddable":true,"href":"https:\/\/samanoticiasdurango.com\/index.php\/wp-json\/wp\/v2\/comments?post=1692"}],"version-history":[{"count":1,"href":"https:\/\/samanoticiasdurango.com\/index.php\/wp-json\/wp\/v2\/posts\/1692\/revisions"}],"predecessor-version":[{"id":1694,"href":"https:\/\/samanoticiasdurango.com\/index.php\/wp-json\/wp\/v2\/posts\/1692\/revisions\/1694"}],"wp:featuredmedia":[{"embeddable":true,"href":"https:\/\/samanoticiasdurango.com\/index.php\/wp-json\/wp\/v2\/media\/1693"}],"wp:attachment":[{"href":"https:\/\/samanoticiasdurango.com\/index.php\/wp-json\/wp\/v2\/media?parent=1692"}],"wp:term":[{"taxonomy":"category","embeddable":true,"href":"https:\/\/samanoticiasdurango.com\/index.php\/wp-json\/wp\/v2\/categories?post=1692"},{"taxonomy":"post_tag","embeddable":true,"href":"https:\/\/samanoticiasdurango.com\/index.php\/wp-json\/wp\/v2\/tags?post=1692"}],"curies":[{"name":"wp","href":"https:\/\/api.w.org\/{rel}","templated":true}]}}