{"id":1718,"date":"2022-06-27T13:43:10","date_gmt":"2022-06-27T13:43:10","guid":{"rendered":"http:\/\/samanoticiasdurango.com\/?p=1718"},"modified":"2022-06-27T13:43:14","modified_gmt":"2022-06-27T13:43:14","slug":"el-colmo-cobran-a-iglesias-derecho-de-piso","status":"publish","type":"post","link":"https:\/\/samanoticiasdurango.com\/index.php\/2022\/06\/27\/el-colmo-cobran-a-iglesias-derecho-de-piso\/","title":{"rendered":"El colmo: cobran a iglesias derecho de piso"},"content":{"rendered":"\n<p>El cardenal de Guadalajara Jos\u00e9 Francisco Robles Ortega denunci\u00f3 que en las parroquias del norte de Jalisco los p\u00e1rrocos deben pedir autorizaci\u00f3n al jefe de plaza para realizar las fiestas patronales. Se\u00f1al\u00f3 que la semana pasada fue interceptado e interrogado por un grupo del crimen organizado que mantiene un ret\u00e9n en la zona. Apunt\u00f3 que para obtener la autorizaci\u00f3n del jefe de plaza y poder realizar las celebraciones de las fiestas patronales en esta zona, los delincuentes exigen 50% de lo recaudado en las festividades. Record\u00f3 que Sigfredo<br>Noriega Barcel\u00f3, obispo de Zacatecas, fue detenido por un ret\u00e9n mientras circulaba por la carretera que recorre los l\u00edmites de Jalisco y Zacatecas. &#8220;El percance que le sucedi\u00f3 al se\u00f1or obispo, no debemos acostumbrarnos, pero es el pan de cada d\u00eda. Yo fui esta semana pasada, fui all\u00e1 al<br>norte del estado, l\u00edmites con Zacatecas precisamente, y tambi\u00e9n fui detenido por dos retenes, y obvio que son del crimen organizado y le exigen a uno decir de d\u00f3nde viene, a d\u00f3nde va, a qu\u00e9 se dedica, qu\u00e9 hace, eso es como lo m\u00e1s normal y lo m\u00e1s natural&#8221;, asegur\u00f3 el arzobispo, quien pidi\u00f3 a las autoridades que otorguen seguridad y protecci\u00f3n a los habitantes de esta regi\u00f3n.<\/p>\n\n\n\n<p> (El Universal on line) (El Sol de M\u00e9xico)<br>(El Universal) (La Raz\u00f3n) (El Economista) (Reforma)<\/p>\n","protected":false},"excerpt":{"rendered":"<p>El cardenal de Guadalajara Jos\u00e9 Francisco Robles Ortega denunci\u00f3 que en las parroquias del norte<\/p>\n","protected":false},"author":1,"featured_media":1719,"comment_status":"open","ping_status":"open","sticky":false,"template":"","format":"standard","meta":{"om_disable_all_campaigns":false,"_monsterinsights_skip_tracking":false,"_monsterinsights_sitenote_active":false,"_monsterinsights_sitenote_note":"","_monsterinsights_sitenote_category":0,"_jetpack_memberships_contains_paid_content":false,"footnotes":"","jetpack_publicize_message":"","jetpack_publicize_feature_enabled":true,"jetpack_social_post_already_shared":false,"jetpack_social_options":{"image_generator_settings":{"template":"highway","enabled":false},"version":2}},"categories":[5],"tags":[],"class_list":["post-1718","post","type-post","status-publish","format-standard","has-post-thumbnail","hentry","category-nacional"],"jetpack_publicize_connections":[],"aioseo_notices":[],"jetpack_featured_media_url":"https:\/\/samanoticiasdurango.com\/wp-content\/uploads\/2022\/06\/193405cardenal1.jpg","featured_image_urls":{"full":["https:\/\/samanoticiasdurango.com\/wp-content\/uploads\/2022\/06\/193405cardenal1.jpg",292,173,false],"thumbnail":["https:\/\/samanoticiasdurango.com\/wp-content\/uploads\/2022\/06\/193405cardenal1-150x150.jpg",150,150,true],"medium":["https:\/\/samanoticiasdurango.com\/wp-content\/uploads\/2022\/06\/193405cardenal1.jpg",292,173,false],"medium_large":["https:\/\/samanoticiasdurango.com\/wp-content\/uploads\/2022\/06\/193405cardenal1.jpg",292,173,false],"large":["https:\/\/samanoticiasdurango.com\/wp-content\/uploads\/2022\/06\/193405cardenal1.jpg",292,173,false],"1536x1536":["https:\/\/samanoticiasdurango.com\/wp-content\/uploads\/2022\/06\/193405cardenal1.jpg",292,173,false],"2048x2048":["https:\/\/samanoticiasdurango.com\/wp-content\/uploads\/2022\/06\/193405cardenal1.jpg",292,173,false],"chromenews-featured":["https:\/\/samanoticiasdurango.com\/wp-content\/uploads\/2022\/06\/193405cardenal1.jpg",292,173,false],"chromenews-large":["https:\/\/samanoticiasdurango.com\/wp-content\/uploads\/2022\/06\/193405cardenal1.jpg",292,173,false],"chromenews-medium":["https:\/\/samanoticiasdurango.com\/wp-content\/uploads\/2022\/06\/193405cardenal1.jpg",292,173,false]},"author_info":{"display_name":"Redacci\u00f3n","author_link":"https:\/\/samanoticiasdurango.com\/index.php\/author\/jjsama13gmail-com\/"},"category_info":"<a href=\"https:\/\/samanoticiasdurango.com\/index.php\/category\/nacional\/\" rel=\"category tag\">NACIONAL<\/a>","tag_info":"NACIONAL","comment_count":"0","jetpack_sharing_enabled":true,"_links":{"self":[{"href":"https:\/\/samanoticiasdurango.com\/index.php\/wp-json\/wp\/v2\/posts\/1718","targetHints":{"allow":["GET"]}}],"collection":[{"href":"https:\/\/samanoticiasdurango.com\/index.php\/wp-json\/wp\/v2\/posts"}],"about":[{"href":"https:\/\/samanoticiasdurango.com\/index.php\/wp-json\/wp\/v2\/types\/post"}],"author":[{"embeddable":true,"href":"https:\/\/samanoticiasdurango.com\/index.php\/wp-json\/wp\/v2\/users\/1"}],"replies":[{"embeddable":true,"href":"https:\/\/samanoticiasdurango.com\/index.php\/wp-json\/wp\/v2\/comments?post=1718"}],"version-history":[{"count":1,"href":"https:\/\/samanoticiasdurango.com\/index.php\/wp-json\/wp\/v2\/posts\/1718\/revisions"}],"predecessor-version":[{"id":1720,"href":"https:\/\/samanoticiasdurango.com\/index.php\/wp-json\/wp\/v2\/posts\/1718\/revisions\/1720"}],"wp:featuredmedia":[{"embeddable":true,"href":"https:\/\/samanoticiasdurango.com\/index.php\/wp-json\/wp\/v2\/media\/1719"}],"wp:attachment":[{"href":"https:\/\/samanoticiasdurango.com\/index.php\/wp-json\/wp\/v2\/media?parent=1718"}],"wp:term":[{"taxonomy":"category","embeddable":true,"href":"https:\/\/samanoticiasdurango.com\/index.php\/wp-json\/wp\/v2\/categories?post=1718"},{"taxonomy":"post_tag","embeddable":true,"href":"https:\/\/samanoticiasdurango.com\/index.php\/wp-json\/wp\/v2\/tags?post=1718"}],"curies":[{"name":"wp","href":"https:\/\/api.w.org\/{rel}","templated":true}]}}