{"id":1721,"date":"2022-06-27T14:43:42","date_gmt":"2022-06-27T14:43:42","guid":{"rendered":"http:\/\/samanoticiasdurango.com\/?p=1721"},"modified":"2022-06-27T14:43:46","modified_gmt":"2022-06-27T14:43:46","slug":"menos-del-uno-por-ciento-del-agua-se-destina-al-consumo-humano","status":"publish","type":"post","link":"https:\/\/samanoticiasdurango.com\/index.php\/2022\/06\/27\/menos-del-uno-por-ciento-del-agua-se-destina-al-consumo-humano\/","title":{"rendered":"Menos del uno por ciento del agua se destina al consumo humano"},"content":{"rendered":"\n<p><strong>M\u00e9xico es el cuarto lugar mundial entre los pa\u00edses que m\u00e1s agua extraen del medio ambiente<\/strong>&nbsp;para diferentes usos, inform\u00f3 la Comisi\u00f3n Nacional del Agua (Conagua).<\/p>\n\n\n\n<p><strong>El sector dom\u00e9stico apenas ocupa el 1% del total<\/strong>, mientras los rubros industriales, como la miner\u00eda y la agroindustria, utilizan el resto y la tienen sin restricci\u00f3n. Advierten que esto es resultado de los malos modelos de gesti\u00f3n y pol\u00edticas equivocadas que se han establecido.<\/p>\n\n\n\n<p>\u201cCuando dicen que no hay agua, hay que ver para qui\u00e9n. Ahora en Nuevo Le\u00f3n ha quedado claro que la tienen acaparada las cerveceras, refresqueras, inmobiliarias\u201d, sostiene&nbsp;<strong>Nathalie Seguin<\/strong>&nbsp;de Fan Mex.<\/p>\n\n\n\n<p>Hay industrias que desechan aguas residuales con t\u00f3xicos y no hay sanciones, las normas se incumplen, se carece de un monitoreo adecuado del agua, no hay autoridad con \u201csuficientes dientes\u201d y hay casos de total impunidad, se\u00f1ala Seguin.<\/p>\n\n\n\n<p>Hay \u201cun manejo medi\u00e1tico perverso, se usa el miedo, se dice que no habr\u00e1 agua, y \u2018t\u00fa ciudadano eres el culpable y tienes que cuidar el agua\u2019. Pero basta ver los usos del agua y de la que hay disponible,&nbsp;<strong>menos del 1% es para consumo humano<\/strong>. Esas campa\u00f1as medi\u00e1ticas deber\u00edan dirigirse a las empresas\u201d, indica.<\/p>\n\n\n\n<p>Considera que se debe revisar el uso de los t\u00edtulos del agua, ya que muchos han sido cedidos para un uso distinto al que se otorg\u00f3.&nbsp;<strong>La agricultura no utiliza el 75% que los datos oficiales se\u00f1alan<\/strong>, \u201cya que por m\u00e1s agua que use la agricultura campesina se infiltra, no se pierde el ciclo del agua, pero la agroindustrial s\u00ed contamina, as\u00ed como la industria petrolera, el fracking, la minera, la farmac\u00e9utica\u201d.<\/p>\n\n\n\n<p>En 2018 el volumen de agua superficial concesionada fue 7% mayor que en 2009, en tanto que la subterr\u00e1nea es 15.7%, y&nbsp;<strong>los usos agrupados agr\u00edcola y abastecimiento p\u00fablico representaban en 2018 el 90.4% del total concesionado<\/strong>, indican las Estad\u00edsticas de Agua en M\u00e9xico de 2019 de la Conagua.<\/p>\n\n\n\n<p>Nathalie Seguin se\u00f1ala que las leyes Minera y la de Derechos se deben modificar, ya que violentan el&nbsp;<strong>Derecho Humano al agua potable<\/strong>, la industria paga centavos por un litro de agua y se ha permitido, con la excusa de que la industria genera empleos, que contamine. En tanto, la Ley de Aguas Nacionales (vigente desde hace casi 30 a\u00f1os) debe sustituirse por una Ley General de Aguas que regule el Derecho Humano al agua establecido en la Constituci\u00f3n y que modifique el r\u00e9gimen de concesiones, sostiene a su vez&nbsp;<strong>Miguel \u00c1ngel Montoya<\/strong>, consultor del agua.<\/p>\n\n\n\n<p>Para Montoya, la falta de voluntad pol\u00edtica para emitirla ha sido un factor para la crisis actual, al igual que la&nbsp;<strong>ca\u00edda presupuestal de 58% de la Conagua entre 2014 y 2018<\/strong>, lo que ocasion\u00f3 una disminuci\u00f3n en los recursos para los organismos operadores de agua.<\/p>\n\n\n\n<p>La intenci\u00f3n del recorte presupuestal desde el sexenio pasado fue para&nbsp;<strong>privatizar el servicio de agua potable<\/strong>, como acaba de pasar en Quer\u00e9taro y, ante la ausencia de una Ley General de Aguas que garantice el Derecho Humano al agua, la salida f\u00e1cil e inducida que se ha provocado con la falta de recursos es la privatizaci\u00f3n.<\/p>\n\n\n\n<p>Considera que Nuevo Le\u00f3n ejemplifica muy bien la falta de pol\u00edtica del actual gobierno: empresas de la regi\u00f3n tienen acceso a agua de calidad, pero la poblaci\u00f3n no, hay una enorme inequidad.<\/p>\n\n\n\n<p>Otras zonas con problemas similares son La Laguna, las zonas metropolitanas de Guadalajara, del Valle de M\u00e9xico, San Luis Potos\u00ed. Montoya sostiene que la Ley de Aguas Nacionales no privilegia el acceso al agua y el saneamiento, el orden de prelaci\u00f3n de los usos beneficia al agr\u00edcola e industrial.<\/p>\n\n\n\n<p>Con informaci\u00f3n de&nbsp;<em>La Jornada<\/em>.<\/p>\n","protected":false},"excerpt":{"rendered":"<p>M\u00e9xico es el cuarto lugar mundial entre los pa\u00edses que m\u00e1s agua extraen del medio<\/p>\n","protected":false},"author":1,"featured_media":1722,"comment_status":"open","ping_status":"open","sticky":false,"template":"","format":"standard","meta":{"om_disable_all_campaigns":false,"_monsterinsights_skip_tracking":false,"_monsterinsights_sitenote_active":false,"_monsterinsights_sitenote_note":"","_monsterinsights_sitenote_category":0,"_jetpack_memberships_contains_paid_content":false,"footnotes":"","jetpack_publicize_message":"","jetpack_publicize_feature_enabled":true,"jetpack_social_post_already_shared":false,"jetpack_social_options":{"image_generator_settings":{"template":"highway","enabled":false},"version":2}},"categories":[5],"tags":[],"class_list":["post-1721","post","type-post","status-publish","format-standard","has-post-thumbnail","hentry","category-nacional"],"jetpack_publicize_connections":[],"aioseo_notices":[],"jetpack_featured_media_url":"https:\/\/samanoticiasdurango.com\/wp-content\/uploads\/2022\/06\/nota-880862238785.jpg","featured_image_urls":{"full":["https:\/\/samanoticiasdurango.com\/wp-content\/uploads\/2022\/06\/nota-880862238785.jpg",780,500,false],"thumbnail":["https:\/\/samanoticiasdurango.com\/wp-content\/uploads\/2022\/06\/nota-880862238785-150x150.jpg",150,150,true],"medium":["https:\/\/samanoticiasdurango.com\/wp-content\/uploads\/2022\/06\/nota-880862238785-300x192.jpg",300,192,true],"medium_large":["https:\/\/samanoticiasdurango.com\/wp-content\/uploads\/2022\/06\/nota-880862238785-768x492.jpg",640,410,true],"large":["https:\/\/samanoticiasdurango.com\/wp-content\/uploads\/2022\/06\/nota-880862238785.jpg",640,410,false],"1536x1536":["https:\/\/samanoticiasdurango.com\/wp-content\/uploads\/2022\/06\/nota-880862238785.jpg",780,500,false],"2048x2048":["https:\/\/samanoticiasdurango.com\/wp-content\/uploads\/2022\/06\/nota-880862238785.jpg",780,500,false],"chromenews-featured":["https:\/\/samanoticiasdurango.com\/wp-content\/uploads\/2022\/06\/nota-880862238785.jpg",780,500,false],"chromenews-large":["https:\/\/samanoticiasdurango.com\/wp-content\/uploads\/2022\/06\/nota-880862238785.jpg",780,500,false],"chromenews-medium":["https:\/\/samanoticiasdurango.com\/wp-content\/uploads\/2022\/06\/nota-880862238785-590x410.jpg",590,410,true]},"author_info":{"display_name":"Redacci\u00f3n","author_link":"https:\/\/samanoticiasdurango.com\/index.php\/author\/jjsama13gmail-com\/"},"category_info":"<a href=\"https:\/\/samanoticiasdurango.com\/index.php\/category\/nacional\/\" rel=\"category tag\">NACIONAL<\/a>","tag_info":"NACIONAL","comment_count":"0","jetpack_sharing_enabled":true,"_links":{"self":[{"href":"https:\/\/samanoticiasdurango.com\/index.php\/wp-json\/wp\/v2\/posts\/1721","targetHints":{"allow":["GET"]}}],"collection":[{"href":"https:\/\/samanoticiasdurango.com\/index.php\/wp-json\/wp\/v2\/posts"}],"about":[{"href":"https:\/\/samanoticiasdurango.com\/index.php\/wp-json\/wp\/v2\/types\/post"}],"author":[{"embeddable":true,"href":"https:\/\/samanoticiasdurango.com\/index.php\/wp-json\/wp\/v2\/users\/1"}],"replies":[{"embeddable":true,"href":"https:\/\/samanoticiasdurango.com\/index.php\/wp-json\/wp\/v2\/comments?post=1721"}],"version-history":[{"count":1,"href":"https:\/\/samanoticiasdurango.com\/index.php\/wp-json\/wp\/v2\/posts\/1721\/revisions"}],"predecessor-version":[{"id":1723,"href":"https:\/\/samanoticiasdurango.com\/index.php\/wp-json\/wp\/v2\/posts\/1721\/revisions\/1723"}],"wp:featuredmedia":[{"embeddable":true,"href":"https:\/\/samanoticiasdurango.com\/index.php\/wp-json\/wp\/v2\/media\/1722"}],"wp:attachment":[{"href":"https:\/\/samanoticiasdurango.com\/index.php\/wp-json\/wp\/v2\/media?parent=1721"}],"wp:term":[{"taxonomy":"category","embeddable":true,"href":"https:\/\/samanoticiasdurango.com\/index.php\/wp-json\/wp\/v2\/categories?post=1721"},{"taxonomy":"post_tag","embeddable":true,"href":"https:\/\/samanoticiasdurango.com\/index.php\/wp-json\/wp\/v2\/tags?post=1721"}],"curies":[{"name":"wp","href":"https:\/\/api.w.org\/{rel}","templated":true}]}}