{"id":1761,"date":"2022-06-29T13:20:34","date_gmt":"2022-06-29T13:20:34","guid":{"rendered":"http:\/\/samanoticiasdurango.com\/?p=1761"},"modified":"2022-06-29T13:20:36","modified_gmt":"2022-06-29T13:20:36","slug":"suman-124-mil-725-homicidios-dolosos-en-lo-que-va-del-sexenio-via-tresearchmx","status":"publish","type":"post","link":"https:\/\/samanoticiasdurango.com\/index.php\/2022\/06\/29\/suman-124-mil-725-homicidios-dolosos-en-lo-que-va-del-sexenio-via-tresearchmx\/","title":{"rendered":"Suman 124 mil 725 homicidios dolosos en lo que va del sexenio (V\u00eda <a href=\"https:\/\/twitter.com\/TResearchMx\">@TResearchMx<\/a>)"},"content":{"rendered":"\n<p>El reporte \u2018MX: La Guerra en N\u00fameros\u2019, de\u00a0<a href=\"https:\/\/www.tresearch.mx\/\" target=\"_blank\" rel=\"noreferrer noopener\">T-ResearchMX<\/a>, detalla que, de acuerdo con el registro de homicidios dolosos de la Secretar\u00eda de Seguridad y Protecci\u00f3n Ciudadana, del 1 de diciembre de 2018 al 28 de junio de 2022, tiempo que lleva la actual Administraci\u00f3n del presidente\u00a0<strong>Andr\u00e9s Manuel L\u00f3pez Obrador<\/strong>, las fiscal\u00edas estatales y federales han registrado\u00a0<strong>124 mil 725 homicidios dolosos<\/strong>\u00a0en\u00a0<strong>M\u00e9xico<\/strong>.<\/p>\n\n\n\n<p>Se observa, que a lo largo de los 42 meses del sexenio de&nbsp;<strong>L\u00f3pez Obrador<\/strong>, se mantiene una tendencia al alza en el registro de homicidios.<\/p>\n\n\n\n<p>El mes con el mayor registro de homicidios dolosos fue&nbsp;<strong>octubre de 2020<\/strong>, con&nbsp;<strong>3 mil 347<\/strong>; en cambio, el mes con menor registro de homicidios dolosos fue&nbsp;<strong>enero&nbsp;<\/strong>de 2022 con&nbsp;<strong>2 mil 261<\/strong>&nbsp;eventos, frente a&nbsp;<a href=\"https:\/\/lopezdoriga.com\/nacional\/homicidios-dolosos-seguridad-informe-sspc-febrero-2021\/\" target=\"_blank\" rel=\"noreferrer noopener\">febrero de 2021<\/a>, considerado por las propias autoridades como el mes con menos asesinatos.<\/p>\n\n\n\n<p>La&nbsp;<strong>Secretar\u00eda de Seguridad y Protecci\u00f3n Ciudadana<\/strong>&nbsp;(SSPC) destac\u00f3 que en lo que va del&nbsp;<strong>sexenio<\/strong>&nbsp;del presidente&nbsp;<strong>L\u00f3pez Obrador<\/strong>, se registr\u00f3 una&nbsp;<a href=\"https:\/\/lopezdoriga.com\/nacional\/sspc-incidencia-delictiva-julio-2021-homicidios-dolosos\/\" target=\"_blank\" rel=\"noreferrer noopener\">disminuci\u00f3n de 0.4 por ciento<\/a>&nbsp;en los<strong>&nbsp;asesinatos<\/strong>.<\/p>\n\n\n\n<p>Durante\u00a0<a href=\"https:\/\/lopezdoriga.com\/nacional\/presume-amlo-contencion-homicidios-4-16-por-ciento-2021\/\" target=\"_blank\" rel=\"noreferrer noopener\">2021<\/a>, la disminuci\u00f3n fue de<strong>\u00a04.1 por ciento<\/strong>, destac\u00f3 el primer mandatario.<\/p>\n\n\n\n<p>Haciendo la comparativa de las muertes en el mismo periodo en otros&nbsp;<strong>sexenios<\/strong>, el actual Gobierno encabeza el registro de dicho delito con&nbsp;<strong>124 mil 725<\/strong>&nbsp;incidentes, superior al de la Administraci\u00f3n pasada, con&nbsp;<strong>Enrique Pe\u00f1a Nieto<\/strong>, que registr\u00f3 74 mil 737.<\/p>\n\n\n\n<p>En el mismo periodo de gobierno del expresidente&nbsp;<strong>Felipe Calder\u00f3n&nbsp;<\/strong>se registraron 53 mil 319 asesinatos, y, en el gobierno del expresidente&nbsp;<strong>Vicente<\/strong>&nbsp;<strong>Fox<\/strong>, se registraron 35 mil 309.<\/p>\n","protected":false},"excerpt":{"rendered":"<p>El reporte \u2018MX: La Guerra en N\u00fameros\u2019, de\u00a0T-ResearchMX, detalla que, de acuerdo con el registro<\/p>\n","protected":false},"author":1,"featured_media":1762,"comment_status":"open","ping_status":"open","sticky":false,"template":"","format":"standard","meta":{"om_disable_all_campaigns":false,"_monsterinsights_skip_tracking":false,"_monsterinsights_sitenote_active":false,"_monsterinsights_sitenote_note":"","_monsterinsights_sitenote_category":0,"_jetpack_memberships_contains_paid_content":false,"footnotes":"","jetpack_publicize_message":"","jetpack_publicize_feature_enabled":true,"jetpack_social_post_already_shared":false,"jetpack_social_options":{"image_generator_settings":{"template":"highway","enabled":false},"version":2}},"categories":[5],"tags":[],"class_list":["post-1761","post","type-post","status-publish","format-standard","has-post-thumbnail","hentry","category-nacional"],"jetpack_publicize_connections":[],"aioseo_notices":[],"jetpack_featured_media_url":"https:\/\/samanoticiasdurango.com\/wp-content\/uploads\/2022\/06\/FWbDxnqXgAELOJ7.jpeg","featured_image_urls":{"full":["https:\/\/samanoticiasdurango.com\/wp-content\/uploads\/2022\/06\/FWbDxnqXgAELOJ7.jpeg",680,345,false],"thumbnail":["https:\/\/samanoticiasdurango.com\/wp-content\/uploads\/2022\/06\/FWbDxnqXgAELOJ7-150x150.jpeg",150,150,true],"medium":["https:\/\/samanoticiasdurango.com\/wp-content\/uploads\/2022\/06\/FWbDxnqXgAELOJ7-300x152.jpeg",300,152,true],"medium_large":["https:\/\/samanoticiasdurango.com\/wp-content\/uploads\/2022\/06\/FWbDxnqXgAELOJ7.jpeg",640,325,false],"large":["https:\/\/samanoticiasdurango.com\/wp-content\/uploads\/2022\/06\/FWbDxnqXgAELOJ7.jpeg",640,325,false],"1536x1536":["https:\/\/samanoticiasdurango.com\/wp-content\/uploads\/2022\/06\/FWbDxnqXgAELOJ7.jpeg",680,345,false],"2048x2048":["https:\/\/samanoticiasdurango.com\/wp-content\/uploads\/2022\/06\/FWbDxnqXgAELOJ7.jpeg",680,345,false],"chromenews-featured":["https:\/\/samanoticiasdurango.com\/wp-content\/uploads\/2022\/06\/FWbDxnqXgAELOJ7.jpeg",680,345,false],"chromenews-large":["https:\/\/samanoticiasdurango.com\/wp-content\/uploads\/2022\/06\/FWbDxnqXgAELOJ7.jpeg",680,345,false],"chromenews-medium":["https:\/\/samanoticiasdurango.com\/wp-content\/uploads\/2022\/06\/FWbDxnqXgAELOJ7-590x345.jpeg",590,345,true]},"author_info":{"display_name":"Redacci\u00f3n","author_link":"https:\/\/samanoticiasdurango.com\/index.php\/author\/jjsama13gmail-com\/"},"category_info":"<a href=\"https:\/\/samanoticiasdurango.com\/index.php\/category\/nacional\/\" rel=\"category tag\">NACIONAL<\/a>","tag_info":"NACIONAL","comment_count":"0","jetpack_sharing_enabled":true,"_links":{"self":[{"href":"https:\/\/samanoticiasdurango.com\/index.php\/wp-json\/wp\/v2\/posts\/1761","targetHints":{"allow":["GET"]}}],"collection":[{"href":"https:\/\/samanoticiasdurango.com\/index.php\/wp-json\/wp\/v2\/posts"}],"about":[{"href":"https:\/\/samanoticiasdurango.com\/index.php\/wp-json\/wp\/v2\/types\/post"}],"author":[{"embeddable":true,"href":"https:\/\/samanoticiasdurango.com\/index.php\/wp-json\/wp\/v2\/users\/1"}],"replies":[{"embeddable":true,"href":"https:\/\/samanoticiasdurango.com\/index.php\/wp-json\/wp\/v2\/comments?post=1761"}],"version-history":[{"count":1,"href":"https:\/\/samanoticiasdurango.com\/index.php\/wp-json\/wp\/v2\/posts\/1761\/revisions"}],"predecessor-version":[{"id":1763,"href":"https:\/\/samanoticiasdurango.com\/index.php\/wp-json\/wp\/v2\/posts\/1761\/revisions\/1763"}],"wp:featuredmedia":[{"embeddable":true,"href":"https:\/\/samanoticiasdurango.com\/index.php\/wp-json\/wp\/v2\/media\/1762"}],"wp:attachment":[{"href":"https:\/\/samanoticiasdurango.com\/index.php\/wp-json\/wp\/v2\/media?parent=1761"}],"wp:term":[{"taxonomy":"category","embeddable":true,"href":"https:\/\/samanoticiasdurango.com\/index.php\/wp-json\/wp\/v2\/categories?post=1761"},{"taxonomy":"post_tag","embeddable":true,"href":"https:\/\/samanoticiasdurango.com\/index.php\/wp-json\/wp\/v2\/tags?post=1761"}],"curies":[{"name":"wp","href":"https:\/\/api.w.org\/{rel}","templated":true}]}}