{"id":1768,"date":"2022-06-29T15:03:28","date_gmt":"2022-06-29T15:03:28","guid":{"rendered":"http:\/\/samanoticiasdurango.com\/?p=1768"},"modified":"2022-06-29T15:03:31","modified_gmt":"2022-06-29T15:03:31","slug":"la-sep-busca-la-continuidad-de-los-alumnos-en-el-sistema-educativo-nacional-con-lo-que-todos-los-alumnos-deberan-ser-aprobados-con-minimo-de-6","status":"publish","type":"post","link":"https:\/\/samanoticiasdurango.com\/index.php\/2022\/06\/29\/la-sep-busca-la-continuidad-de-los-alumnos-en-el-sistema-educativo-nacional-con-lo-que-todos-los-alumnos-deberan-ser-aprobados-con-minimo-de-6\/","title":{"rendered":"La SEP busca la continuidad de los alumnos en el Sistema Educativo Nacional, con lo que todos los alumnos deber\u00e1n ser aprobados con m\u00ednimo de 6"},"content":{"rendered":"\n<p>La&nbsp;<strong>Secretar\u00eda de Educaci\u00f3n P\u00fablica<\/strong>&nbsp;(SEP) emiti\u00f3 un acuerdo para que&nbsp;<strong>ning\u00fan alumno<\/strong>&nbsp;de preescolar, primaria, secundaria&nbsp;<strong>repruebe<\/strong>.<\/p>\n\n\n\n<p>En el&nbsp;<strong>Diario Oficial de la Federaci\u00f3n<\/strong>&nbsp;(DOF)&nbsp;<a href=\"https:\/\/www.dof.gob.mx\/nota_detalle.php?codigo=5656485&amp;fecha=28\/06\/2022#gsc.tab=0\" target=\"_blank\" rel=\"noreferrer noopener\">public\u00f3<\/a>&nbsp;el \u201cAcuerdo por el que se regulan las acciones espec\u00edficas y extraordinarias para la conclusi\u00f3n del Ciclo Escolar 2021-2022 y el inicio del Ciclo Escolar 2022-2023\u201d.<\/p>\n\n\n\n<p>A fin de priorizar el inter\u00e9s superior de ni\u00f1as, ni\u00f1os y adolescentes la SEP busca la continuidad de los alumnos en el&nbsp;<strong>Sistema Educativo Nacional<\/strong>.<\/p>\n\n\n\n<p>De esta forma, para la acreditaci\u00f3n del<strong>&nbsp;ciclo escolar 2021-2022<\/strong>&nbsp;y promoci\u00f3n de grado o nivel educativo, de 3ro a 6to de&nbsp;<strong>primaria<\/strong>&nbsp;y de 1ro a 3ro de&nbsp;<strong>secundaria<\/strong>, no se tomar\u00e1 en cuenta la asistencia m\u00ednima de 80 por ciento.<\/p>\n\n\n\n<p>Asimismo, de ser necesario se podr\u00e1n aplicar\u00a0<strong>ex\u00e1menes extraordinarios<\/strong>\u00a0para los alumnos de tercero de secundaria que adeuden materias.<\/p>\n\n\n\n<p>Los docentes deber\u00e1n tomar en cuenta los&nbsp;<strong>logros de aprendizajes<\/strong>&nbsp;de los estudiantes, considerando su comunicaci\u00f3n y participaci\u00f3n.<\/p>\n\n\n\n<p>En el caso de 1ro y 2do de&nbsp;<strong>primaria<\/strong>&nbsp;\u201cla calificaci\u00f3n que deber\u00e1 asentarse en la boleta de evaluaci\u00f3n es la que corresponda en una escala de 6 a 10\u201d ya que se acredita con el solo hecho de haber cursado el grado.<\/p>\n\n\n\n<p>Para&nbsp;<strong>preescolar<\/strong>, ya que no hay calificaciones, se pondr\u00e1n \u00fanicamente observaciones y sugerencias sobre los avances de aprendizaje.<\/p>\n\n\n\n<p>Las disposiciones aplicar\u00e1n a&nbsp;<strong>escuelas p\u00fablicas<\/strong>, pero tambi\u00e9n a las&nbsp;<strong>particulares<\/strong>&nbsp;con autorizaci\u00f3n para impartir educaci\u00f3n preescolar, primaria y secundaria.<\/p>\n\n\n\n<p>Con informaci\u00f3n de L\u00f3pez-D\u00f3riga Digital<\/p>\n","protected":false},"excerpt":{"rendered":"<p>La&nbsp;Secretar\u00eda de Educaci\u00f3n P\u00fablica&nbsp;(SEP) emiti\u00f3 un acuerdo para que&nbsp;ning\u00fan alumno&nbsp;de preescolar, primaria, secundaria&nbsp;repruebe. En el&nbsp;Diario<\/p>\n","protected":false},"author":1,"featured_media":1769,"comment_status":"open","ping_status":"open","sticky":false,"template":"","format":"standard","meta":{"om_disable_all_campaigns":false,"_monsterinsights_skip_tracking":false,"_monsterinsights_sitenote_active":false,"_monsterinsights_sitenote_note":"","_monsterinsights_sitenote_category":0,"_jetpack_memberships_contains_paid_content":false,"footnotes":"","jetpack_publicize_message":"","jetpack_publicize_feature_enabled":true,"jetpack_social_post_already_shared":false,"jetpack_social_options":{"image_generator_settings":{"template":"highway","enabled":false},"version":2}},"categories":[5],"tags":[],"class_list":["post-1768","post","type-post","status-publish","format-standard","has-post-thumbnail","hentry","category-nacional"],"jetpack_publicize_connections":[],"aioseo_notices":[],"jetpack_featured_media_url":"https:\/\/samanoticiasdurango.com\/wp-content\/uploads\/2022\/06\/ESCUELA.jpg","featured_image_urls":{"full":["https:\/\/samanoticiasdurango.com\/wp-content\/uploads\/2022\/06\/ESCUELA.jpg",680,383,false],"thumbnail":["https:\/\/samanoticiasdurango.com\/wp-content\/uploads\/2022\/06\/ESCUELA-150x150.jpg",150,150,true],"medium":["https:\/\/samanoticiasdurango.com\/wp-content\/uploads\/2022\/06\/ESCUELA-300x169.jpg",300,169,true],"medium_large":["https:\/\/samanoticiasdurango.com\/wp-content\/uploads\/2022\/06\/ESCUELA.jpg",640,360,false],"large":["https:\/\/samanoticiasdurango.com\/wp-content\/uploads\/2022\/06\/ESCUELA.jpg",640,360,false],"1536x1536":["https:\/\/samanoticiasdurango.com\/wp-content\/uploads\/2022\/06\/ESCUELA.jpg",680,383,false],"2048x2048":["https:\/\/samanoticiasdurango.com\/wp-content\/uploads\/2022\/06\/ESCUELA.jpg",680,383,false],"chromenews-featured":["https:\/\/samanoticiasdurango.com\/wp-content\/uploads\/2022\/06\/ESCUELA.jpg",680,383,false],"chromenews-large":["https:\/\/samanoticiasdurango.com\/wp-content\/uploads\/2022\/06\/ESCUELA.jpg",680,383,false],"chromenews-medium":["https:\/\/samanoticiasdurango.com\/wp-content\/uploads\/2022\/06\/ESCUELA-590x383.jpg",590,383,true]},"author_info":{"display_name":"Redacci\u00f3n","author_link":"https:\/\/samanoticiasdurango.com\/index.php\/author\/jjsama13gmail-com\/"},"category_info":"<a href=\"https:\/\/samanoticiasdurango.com\/index.php\/category\/nacional\/\" rel=\"category tag\">NACIONAL<\/a>","tag_info":"NACIONAL","comment_count":"0","jetpack_sharing_enabled":true,"_links":{"self":[{"href":"https:\/\/samanoticiasdurango.com\/index.php\/wp-json\/wp\/v2\/posts\/1768","targetHints":{"allow":["GET"]}}],"collection":[{"href":"https:\/\/samanoticiasdurango.com\/index.php\/wp-json\/wp\/v2\/posts"}],"about":[{"href":"https:\/\/samanoticiasdurango.com\/index.php\/wp-json\/wp\/v2\/types\/post"}],"author":[{"embeddable":true,"href":"https:\/\/samanoticiasdurango.com\/index.php\/wp-json\/wp\/v2\/users\/1"}],"replies":[{"embeddable":true,"href":"https:\/\/samanoticiasdurango.com\/index.php\/wp-json\/wp\/v2\/comments?post=1768"}],"version-history":[{"count":1,"href":"https:\/\/samanoticiasdurango.com\/index.php\/wp-json\/wp\/v2\/posts\/1768\/revisions"}],"predecessor-version":[{"id":1770,"href":"https:\/\/samanoticiasdurango.com\/index.php\/wp-json\/wp\/v2\/posts\/1768\/revisions\/1770"}],"wp:featuredmedia":[{"embeddable":true,"href":"https:\/\/samanoticiasdurango.com\/index.php\/wp-json\/wp\/v2\/media\/1769"}],"wp:attachment":[{"href":"https:\/\/samanoticiasdurango.com\/index.php\/wp-json\/wp\/v2\/media?parent=1768"}],"wp:term":[{"taxonomy":"category","embeddable":true,"href":"https:\/\/samanoticiasdurango.com\/index.php\/wp-json\/wp\/v2\/categories?post=1768"},{"taxonomy":"post_tag","embeddable":true,"href":"https:\/\/samanoticiasdurango.com\/index.php\/wp-json\/wp\/v2\/tags?post=1768"}],"curies":[{"name":"wp","href":"https:\/\/api.w.org\/{rel}","templated":true}]}}