{"id":1772,"date":"2022-06-29T17:47:08","date_gmt":"2022-06-29T17:47:08","guid":{"rendered":"http:\/\/samanoticiasdurango.com\/?p=1772"},"modified":"2022-06-29T17:47:10","modified_gmt":"2022-06-29T17:47:10","slug":"necesario-erradicar-la-violencia-contra-menores-de-edad-susy-torrecillas","status":"publish","type":"post","link":"https:\/\/samanoticiasdurango.com\/index.php\/2022\/06\/29\/necesario-erradicar-la-violencia-contra-menores-de-edad-susy-torrecillas\/","title":{"rendered":"Necesario erradicar la violencia contra menores de edad: Susy Torrecillas"},"content":{"rendered":"\n<p>Da a conocer diputada programa \u201cCu\u00eddame\u201d implementado en el municipio de<br>Lerdo Con la finalidad de fortalecer los programas de detenci\u00f3n, atenci\u00f3n y erradicaci\u00f3n de la violencia en ni\u00f1os y adolescentes, la diputada, Susy Torrecillas Salazar, present\u00f3, ante la Comisi\u00f3n Permanente del Congreso local, el punto de acuerdo denominado \u201cCu\u00eddame\u201d.<br>En este sentido, se exhort\u00f3 a las secretar\u00edas de Salud, de Seguridad P\u00fablica, a la Fiscal\u00eda General, al Instituto de Mujer, al Instituto del Deporte y al DIF; todos del orden estatal, para reforzar acciones a favor de los menores de la entidad.<br>\u201cDesafortunadamente, la mayor parte de los actos violentos que sufren las ni\u00f1as, los ni\u00f1os y los adolescentes, pasan desapercibidos, permanecen invisibles\u201d, lament\u00f3 la diputada y agreg\u00f3 que las v\u00edctimas quedan marcadas, no solo por las cicatrices f\u00edsicas, sino por las que afectan a la salud mental del menor.<br>De la misma manera, Torrecillas Salazar, expuso que, en M\u00e9xico, la violencia hacia los ni\u00f1os y adolescentes, pueden presentarse en todos los \u00e1mbitos donde se desarrollan, llegando a poner en riesgo su integridad, y, en algunos casos, su vida. Susy Torrecillas destac\u00f3 el programa que se puso en marcha en el municipio de Lerdo, llamado \u201cCu\u00eddame\u201d, impulsado por del DIF de esa localidad, dirigido a prevenir, detectar y proteger a los menores de edad que sufren violencia.<br>\u201cEl programa busca, en primer lugar, acercarse a ni\u00f1as, ni\u00f1os y adolescentes mediante pl\u00e1ticas que se ofrecen en las escuelas del municipio, para generar confianza y empat\u00eda con los ni\u00f1os\u201d, inform\u00f3 la representante popular.<br>Asimismo, explic\u00f3 que, se activ\u00f3 una l\u00ednea telef\u00f3nica para que, personal capacitado atienda a quienes llamen para evidenciar la violencia en contra de menores.<\/p>\n","protected":false},"excerpt":{"rendered":"<p>Da a conocer diputada programa \u201cCu\u00eddame\u201d implementado en el municipio deLerdo Con la finalidad de<\/p>\n","protected":false},"author":1,"featured_media":1773,"comment_status":"open","ping_status":"open","sticky":false,"template":"","format":"standard","meta":{"om_disable_all_campaigns":false,"_monsterinsights_skip_tracking":false,"_monsterinsights_sitenote_active":false,"_monsterinsights_sitenote_note":"","_monsterinsights_sitenote_category":0,"_jetpack_memberships_contains_paid_content":false,"footnotes":"","jetpack_publicize_message":"","jetpack_publicize_feature_enabled":true,"jetpack_social_post_already_shared":false,"jetpack_social_options":{"image_generator_settings":{"template":"highway","enabled":false},"version":2}},"categories":[1],"tags":[],"class_list":["post-1772","post","type-post","status-publish","format-standard","has-post-thumbnail","hentry","category-archivo"],"jetpack_publicize_connections":[],"aioseo_notices":[],"jetpack_featured_media_url":"https:\/\/samanoticiasdurango.com\/wp-content\/uploads\/2022\/06\/ST2.jpeg","featured_image_urls":{"full":["https:\/\/samanoticiasdurango.com\/wp-content\/uploads\/2022\/06\/ST2.jpeg",1599,1066,false],"thumbnail":["https:\/\/samanoticiasdurango.com\/wp-content\/uploads\/2022\/06\/ST2-150x150.jpeg",150,150,true],"medium":["https:\/\/samanoticiasdurango.com\/wp-content\/uploads\/2022\/06\/ST2-300x200.jpeg",300,200,true],"medium_large":["https:\/\/samanoticiasdurango.com\/wp-content\/uploads\/2022\/06\/ST2-768x512.jpeg",640,427,true],"large":["https:\/\/samanoticiasdurango.com\/wp-content\/uploads\/2022\/06\/ST2-1024x683.jpeg",640,427,true],"1536x1536":["https:\/\/samanoticiasdurango.com\/wp-content\/uploads\/2022\/06\/ST2-1536x1024.jpeg",1536,1024,true],"2048x2048":["https:\/\/samanoticiasdurango.com\/wp-content\/uploads\/2022\/06\/ST2.jpeg",1599,1066,false],"chromenews-featured":["https:\/\/samanoticiasdurango.com\/wp-content\/uploads\/2022\/06\/ST2-1024x683.jpeg",1024,683,true],"chromenews-large":["https:\/\/samanoticiasdurango.com\/wp-content\/uploads\/2022\/06\/ST2-825x575.jpeg",825,575,true],"chromenews-medium":["https:\/\/samanoticiasdurango.com\/wp-content\/uploads\/2022\/06\/ST2-590x410.jpeg",590,410,true]},"author_info":{"display_name":"Redacci\u00f3n","author_link":"https:\/\/samanoticiasdurango.com\/index.php\/author\/jjsama13gmail-com\/"},"category_info":"<a href=\"https:\/\/samanoticiasdurango.com\/index.php\/category\/archivo\/\" rel=\"category tag\">DURANGO<\/a>","tag_info":"DURANGO","comment_count":"0","jetpack_sharing_enabled":true,"_links":{"self":[{"href":"https:\/\/samanoticiasdurango.com\/index.php\/wp-json\/wp\/v2\/posts\/1772","targetHints":{"allow":["GET"]}}],"collection":[{"href":"https:\/\/samanoticiasdurango.com\/index.php\/wp-json\/wp\/v2\/posts"}],"about":[{"href":"https:\/\/samanoticiasdurango.com\/index.php\/wp-json\/wp\/v2\/types\/post"}],"author":[{"embeddable":true,"href":"https:\/\/samanoticiasdurango.com\/index.php\/wp-json\/wp\/v2\/users\/1"}],"replies":[{"embeddable":true,"href":"https:\/\/samanoticiasdurango.com\/index.php\/wp-json\/wp\/v2\/comments?post=1772"}],"version-history":[{"count":1,"href":"https:\/\/samanoticiasdurango.com\/index.php\/wp-json\/wp\/v2\/posts\/1772\/revisions"}],"predecessor-version":[{"id":1774,"href":"https:\/\/samanoticiasdurango.com\/index.php\/wp-json\/wp\/v2\/posts\/1772\/revisions\/1774"}],"wp:featuredmedia":[{"embeddable":true,"href":"https:\/\/samanoticiasdurango.com\/index.php\/wp-json\/wp\/v2\/media\/1773"}],"wp:attachment":[{"href":"https:\/\/samanoticiasdurango.com\/index.php\/wp-json\/wp\/v2\/media?parent=1772"}],"wp:term":[{"taxonomy":"category","embeddable":true,"href":"https:\/\/samanoticiasdurango.com\/index.php\/wp-json\/wp\/v2\/categories?post=1772"},{"taxonomy":"post_tag","embeddable":true,"href":"https:\/\/samanoticiasdurango.com\/index.php\/wp-json\/wp\/v2\/tags?post=1772"}],"curies":[{"name":"wp","href":"https:\/\/api.w.org\/{rel}","templated":true}]}}