{"id":1778,"date":"2022-06-30T13:19:43","date_gmt":"2022-06-30T13:19:43","guid":{"rendered":"http:\/\/samanoticiasdurango.com\/?p=1778"},"modified":"2022-06-30T13:19:47","modified_gmt":"2022-06-30T13:19:47","slug":"durante-la-actual-administracion-de-andres-manuel-lopez-obrador-las-fiscalias-han-registrado-124-mil-808-homicidios-dolosos-en-mexico","status":"publish","type":"post","link":"https:\/\/samanoticiasdurango.com\/index.php\/2022\/06\/30\/durante-la-actual-administracion-de-andres-manuel-lopez-obrador-las-fiscalias-han-registrado-124-mil-808-homicidios-dolosos-en-mexico\/","title":{"rendered":"Durante la actual Administraci\u00f3n de Andr\u00e9s Manuel L\u00f3pez Obrador, las fiscal\u00edas han registrado 124 mil 808 homicidios dolosos en M\u00e9xico"},"content":{"rendered":"\n<p>El reporte \u2018MX: La Guerra en N\u00fameros\u2019, de\u00a0<a href=\"https:\/\/www.tresearch.mx\/\" target=\"_blank\" rel=\"noreferrer noopener\">T-ResearchMX<\/a>, detalla que, de acuerdo con el registro de homicidios dolosos de la Secretar\u00eda de Seguridad y Protecci\u00f3n Ciudadana, del 1 de diciembre de 2018 al 29 de junio de 2022, tiempo que lleva la actual Administraci\u00f3n del presidente\u00a0<strong>Andr\u00e9s Manuel L\u00f3pez Obrador<\/strong>, las fiscal\u00edas estatales y federales han registrado\u00a0<strong>124 mil 808 homicidios dolosos<\/strong>\u00a0en\u00a0<strong>M\u00e9xico<\/strong>.<\/p>\n\n\n\n<p>Se observa, que a lo largo de los 42 meses del sexenio de&nbsp;<strong>L\u00f3pez Obrador<\/strong>, se mantiene una tendencia al alza en el registro de homicidios.<\/p>\n\n\n\n<p>El mes con el mayor registro de homicidios dolosos fue&nbsp;<strong>octubre de 2020<\/strong>, con&nbsp;<strong>3 mil 347<\/strong>; en cambio, el mes con menor registro de homicidios dolosos fue&nbsp;<strong>enero&nbsp;<\/strong>de 2022 con&nbsp;<strong>2 mil 261<\/strong>&nbsp;eventos, frente a&nbsp;<a href=\"https:\/\/lopezdoriga.com\/nacional\/homicidios-dolosos-seguridad-informe-sspc-febrero-2021\/\" target=\"_blank\" rel=\"noreferrer noopener\">febrero de 2021<\/a>, considerado por las propias autoridades como el mes con menos asesinatos.<\/p>\n\n\n\n<p>La&nbsp;<strong>Secretar\u00eda de Seguridad y Protecci\u00f3n Ciudadana<\/strong>&nbsp;(SSPC) destac\u00f3 que en lo que va del&nbsp;<strong>sexenio<\/strong>&nbsp;del presidente&nbsp;<strong>L\u00f3pez Obrador<\/strong>, se registr\u00f3 una&nbsp;<a href=\"https:\/\/lopezdoriga.com\/nacional\/sspc-incidencia-delictiva-julio-2021-homicidios-dolosos\/\" target=\"_blank\" rel=\"noreferrer noopener\">disminuci\u00f3n de 0.4 por ciento<\/a>&nbsp;en los<strong>&nbsp;asesinatos<\/strong>.<\/p>\n\n\n\n<p>Durante&nbsp;<a href=\"https:\/\/lopezdoriga.com\/nacional\/presume-amlo-contencion-homicidios-4-16-por-ciento-2021\/\" target=\"_blank\" rel=\"noreferrer noopener\">2021<\/a>, la disminuci\u00f3n fue de<strong>&nbsp;4.1 por ciento<\/strong>, destac\u00f3 el primer mandatario.<\/p>\n","protected":false},"excerpt":{"rendered":"<p>El reporte \u2018MX: La Guerra en N\u00fameros\u2019, de\u00a0T-ResearchMX, detalla que, de acuerdo con el registro<\/p>\n","protected":false},"author":1,"featured_media":1780,"comment_status":"open","ping_status":"open","sticky":false,"template":"","format":"standard","meta":{"om_disable_all_campaigns":false,"_monsterinsights_skip_tracking":false,"_monsterinsights_sitenote_active":false,"_monsterinsights_sitenote_note":"","_monsterinsights_sitenote_category":0,"_jetpack_memberships_contains_paid_content":false,"footnotes":"","jetpack_publicize_message":"","jetpack_publicize_feature_enabled":true,"jetpack_social_post_already_shared":false,"jetpack_social_options":{"image_generator_settings":{"template":"highway","enabled":false},"version":2}},"categories":[5],"tags":[],"class_list":["post-1778","post","type-post","status-publish","format-standard","has-post-thumbnail","hentry","category-nacional"],"jetpack_publicize_connections":[],"aioseo_notices":[],"jetpack_featured_media_url":"https:\/\/samanoticiasdurango.com\/wp-content\/uploads\/2022\/06\/conteo-de-homicidios-dolosos-en-mexico-por-sexenios-20.webp","featured_image_urls":{"full":["https:\/\/samanoticiasdurango.com\/wp-content\/uploads\/2022\/06\/conteo-de-homicidios-dolosos-en-mexico-por-sexenios-20.webp",1024,522,false],"thumbnail":["https:\/\/samanoticiasdurango.com\/wp-content\/uploads\/2022\/06\/conteo-de-homicidios-dolosos-en-mexico-por-sexenios-20-150x150.webp",150,150,true],"medium":["https:\/\/samanoticiasdurango.com\/wp-content\/uploads\/2022\/06\/conteo-de-homicidios-dolosos-en-mexico-por-sexenios-20-300x153.webp",300,153,true],"medium_large":["https:\/\/samanoticiasdurango.com\/wp-content\/uploads\/2022\/06\/conteo-de-homicidios-dolosos-en-mexico-por-sexenios-20-768x392.webp",640,327,true],"large":["https:\/\/samanoticiasdurango.com\/wp-content\/uploads\/2022\/06\/conteo-de-homicidios-dolosos-en-mexico-por-sexenios-20.webp",640,326,false],"1536x1536":["https:\/\/samanoticiasdurango.com\/wp-content\/uploads\/2022\/06\/conteo-de-homicidios-dolosos-en-mexico-por-sexenios-20.webp",1024,522,false],"2048x2048":["https:\/\/samanoticiasdurango.com\/wp-content\/uploads\/2022\/06\/conteo-de-homicidios-dolosos-en-mexico-por-sexenios-20.webp",1024,522,false],"chromenews-featured":["https:\/\/samanoticiasdurango.com\/wp-content\/uploads\/2022\/06\/conteo-de-homicidios-dolosos-en-mexico-por-sexenios-20.webp",1024,522,false],"chromenews-large":["https:\/\/samanoticiasdurango.com\/wp-content\/uploads\/2022\/06\/conteo-de-homicidios-dolosos-en-mexico-por-sexenios-20-825x522.webp",825,522,true],"chromenews-medium":["https:\/\/samanoticiasdurango.com\/wp-content\/uploads\/2022\/06\/conteo-de-homicidios-dolosos-en-mexico-por-sexenios-20-590x410.webp",590,410,true]},"author_info":{"display_name":"Redacci\u00f3n","author_link":"https:\/\/samanoticiasdurango.com\/index.php\/author\/jjsama13gmail-com\/"},"category_info":"<a href=\"https:\/\/samanoticiasdurango.com\/index.php\/category\/nacional\/\" rel=\"category tag\">NACIONAL<\/a>","tag_info":"NACIONAL","comment_count":"0","jetpack_sharing_enabled":true,"_links":{"self":[{"href":"https:\/\/samanoticiasdurango.com\/index.php\/wp-json\/wp\/v2\/posts\/1778","targetHints":{"allow":["GET"]}}],"collection":[{"href":"https:\/\/samanoticiasdurango.com\/index.php\/wp-json\/wp\/v2\/posts"}],"about":[{"href":"https:\/\/samanoticiasdurango.com\/index.php\/wp-json\/wp\/v2\/types\/post"}],"author":[{"embeddable":true,"href":"https:\/\/samanoticiasdurango.com\/index.php\/wp-json\/wp\/v2\/users\/1"}],"replies":[{"embeddable":true,"href":"https:\/\/samanoticiasdurango.com\/index.php\/wp-json\/wp\/v2\/comments?post=1778"}],"version-history":[{"count":1,"href":"https:\/\/samanoticiasdurango.com\/index.php\/wp-json\/wp\/v2\/posts\/1778\/revisions"}],"predecessor-version":[{"id":1781,"href":"https:\/\/samanoticiasdurango.com\/index.php\/wp-json\/wp\/v2\/posts\/1778\/revisions\/1781"}],"wp:featuredmedia":[{"embeddable":true,"href":"https:\/\/samanoticiasdurango.com\/index.php\/wp-json\/wp\/v2\/media\/1780"}],"wp:attachment":[{"href":"https:\/\/samanoticiasdurango.com\/index.php\/wp-json\/wp\/v2\/media?parent=1778"}],"wp:term":[{"taxonomy":"category","embeddable":true,"href":"https:\/\/samanoticiasdurango.com\/index.php\/wp-json\/wp\/v2\/categories?post=1778"},{"taxonomy":"post_tag","embeddable":true,"href":"https:\/\/samanoticiasdurango.com\/index.php\/wp-json\/wp\/v2\/tags?post=1778"}],"curies":[{"name":"wp","href":"https:\/\/api.w.org\/{rel}","templated":true}]}}