{"id":1860,"date":"2022-07-09T22:44:35","date_gmt":"2022-07-09T22:44:35","guid":{"rendered":"http:\/\/samanoticiasdurango.com\/?p=1860"},"modified":"2022-07-09T22:44:39","modified_gmt":"2022-07-09T22:44:39","slug":"mexico-registro-en-las-ultimas-24-horas-32-mil-195-casos-y-55-muertes-por-covid-19","status":"publish","type":"post","link":"https:\/\/samanoticiasdurango.com\/index.php\/2022\/07\/09\/mexico-registro-en-las-ultimas-24-horas-32-mil-195-casos-y-55-muertes-por-covid-19\/","title":{"rendered":"M\u00e9xico registr\u00f3, en las \u00faltimas 24 horas, 32 mil 195 casos y 55 muertes por COVID-19."},"content":{"rendered":"\n<p>La\u00a0<strong>Secretar\u00eda de Salud<\/strong>\u00a0inform\u00f3 este s\u00e1bado que\u00a0<strong>M\u00e9xico<\/strong>\u00a0suma <strong>6 millones 249 mil 983 casos<\/strong>\u00a0positivos confirmados acumulados y\u00a0<strong>326 mil 77 defunciones<\/strong>\u00a0totales por\u00a0<strong>COVID-19<\/strong>.<\/p>\n\n\n\n<p>En las \u00faltimas 24 horas, el pa\u00eds registr\u00f3&nbsp;<strong>32 mil 195 contagios<\/strong>&nbsp;y 55 defunciones por coronavirus&nbsp;<strong>SARS-CoV-2<\/strong>.<\/p>\n\n\n\n<p><strong>Andr\u00e9s Manuel L\u00f3pez Obrador<\/strong>, presidente de M\u00e9xico, detall\u00f3 que pese al&nbsp;<strong>incremento en los contagios<\/strong>&nbsp;en la&nbsp;<strong>quinta ola<\/strong>&nbsp;de&nbsp;<strong>COVID-19<\/strong>&nbsp;en el pa\u00eds&nbsp;<strong>todo el pa\u00eds<\/strong>&nbsp;se encuentra en&nbsp;<strong>Sem\u00e1foro Epidemiol\u00f3gico Verde<\/strong>.<\/p>\n\n\n\n<p>El\u00a0<a href=\"https:\/\/lopezdoriga.com\/nacional\/mexico-pico-quinta-ola-covid-17-de-julio\/\" target=\"_blank\" rel=\"noreferrer noopener\"><strong>pico<\/strong>\u00a0de la\u00a0<strong>quinta ola<\/strong><\/a>\u00a0de\u00a0<strong>COVID-19<\/strong>\u00a0en M\u00e9xico podr\u00eda darse el 17 de julio, seg\u00fan estimaciones del\u00a0<strong>Instituto Mexicano del Seguro Social<\/strong>\u00a0(IMSS).<\/p>\n\n\n\n<p><strong>Mauricio Hern\u00e1ndez \u00c1vila<\/strong>, director de Prestaciones Econ\u00f3micas y Sociales, adelant\u00f3 que el pico no ser\u00e1 de la misma magnitud que en olas anteriores.<\/p>\n\n\n\n<p>\u201cNos indican nuestras predicciones que en la semana del 17 de julio tendremos la temporada m\u00e1s alta de transmisi\u00f3n en este quinto pico, que me gustar\u00eda aclarar que no es, ni con mucho, como fue en las primeras nueve semanas del a\u00f1o. Es menor, pero de todas maneras tenemos que reducir las cadenas de transmisi\u00f3n\u201d, indic\u00f3.<\/p>\n","protected":false},"excerpt":{"rendered":"<p>La\u00a0Secretar\u00eda de Salud\u00a0inform\u00f3 este s\u00e1bado que\u00a0M\u00e9xico\u00a0suma 6 millones 249 mil 983 casos\u00a0positivos confirmados acumulados y\u00a0326<\/p>\n","protected":false},"author":1,"featured_media":1861,"comment_status":"open","ping_status":"open","sticky":false,"template":"","format":"standard","meta":{"om_disable_all_campaigns":false,"_monsterinsights_skip_tracking":false,"_monsterinsights_sitenote_active":false,"_monsterinsights_sitenote_note":"","_monsterinsights_sitenote_category":0,"_jetpack_memberships_contains_paid_content":false,"footnotes":"","jetpack_publicize_message":"","jetpack_publicize_feature_enabled":true,"jetpack_social_post_already_shared":false,"jetpack_social_options":{"image_generator_settings":{"template":"highway","enabled":false},"version":2}},"categories":[5],"tags":[],"class_list":["post-1860","post","type-post","status-publish","format-standard","has-post-thumbnail","hentry","category-nacional"],"jetpack_publicize_connections":[],"aioseo_notices":[],"jetpack_featured_media_url":"https:\/\/samanoticiasdurango.com\/wp-content\/uploads\/2022\/07\/nota-437516135049.00_00_00_00.Imagen-fija016.png","featured_image_urls":{"full":["https:\/\/samanoticiasdurango.com\/wp-content\/uploads\/2022\/07\/nota-437516135049.00_00_00_00.Imagen-fija016.png",780,500,false],"thumbnail":["https:\/\/samanoticiasdurango.com\/wp-content\/uploads\/2022\/07\/nota-437516135049.00_00_00_00.Imagen-fija016-150x150.png",150,150,true],"medium":["https:\/\/samanoticiasdurango.com\/wp-content\/uploads\/2022\/07\/nota-437516135049.00_00_00_00.Imagen-fija016-300x192.png",300,192,true],"medium_large":["https:\/\/samanoticiasdurango.com\/wp-content\/uploads\/2022\/07\/nota-437516135049.00_00_00_00.Imagen-fija016-768x492.png",640,410,true],"large":["https:\/\/samanoticiasdurango.com\/wp-content\/uploads\/2022\/07\/nota-437516135049.00_00_00_00.Imagen-fija016.png",640,410,false],"1536x1536":["https:\/\/samanoticiasdurango.com\/wp-content\/uploads\/2022\/07\/nota-437516135049.00_00_00_00.Imagen-fija016.png",780,500,false],"2048x2048":["https:\/\/samanoticiasdurango.com\/wp-content\/uploads\/2022\/07\/nota-437516135049.00_00_00_00.Imagen-fija016.png",780,500,false],"chromenews-featured":["https:\/\/samanoticiasdurango.com\/wp-content\/uploads\/2022\/07\/nota-437516135049.00_00_00_00.Imagen-fija016.png",780,500,false],"chromenews-large":["https:\/\/samanoticiasdurango.com\/wp-content\/uploads\/2022\/07\/nota-437516135049.00_00_00_00.Imagen-fija016.png",780,500,false],"chromenews-medium":["https:\/\/samanoticiasdurango.com\/wp-content\/uploads\/2022\/07\/nota-437516135049.00_00_00_00.Imagen-fija016-590x410.png",590,410,true]},"author_info":{"display_name":"Redacci\u00f3n","author_link":"https:\/\/samanoticiasdurango.com\/index.php\/author\/jjsama13gmail-com\/"},"category_info":"<a href=\"https:\/\/samanoticiasdurango.com\/index.php\/category\/nacional\/\" rel=\"category tag\">NACIONAL<\/a>","tag_info":"NACIONAL","comment_count":"0","jetpack_sharing_enabled":true,"_links":{"self":[{"href":"https:\/\/samanoticiasdurango.com\/index.php\/wp-json\/wp\/v2\/posts\/1860","targetHints":{"allow":["GET"]}}],"collection":[{"href":"https:\/\/samanoticiasdurango.com\/index.php\/wp-json\/wp\/v2\/posts"}],"about":[{"href":"https:\/\/samanoticiasdurango.com\/index.php\/wp-json\/wp\/v2\/types\/post"}],"author":[{"embeddable":true,"href":"https:\/\/samanoticiasdurango.com\/index.php\/wp-json\/wp\/v2\/users\/1"}],"replies":[{"embeddable":true,"href":"https:\/\/samanoticiasdurango.com\/index.php\/wp-json\/wp\/v2\/comments?post=1860"}],"version-history":[{"count":1,"href":"https:\/\/samanoticiasdurango.com\/index.php\/wp-json\/wp\/v2\/posts\/1860\/revisions"}],"predecessor-version":[{"id":1862,"href":"https:\/\/samanoticiasdurango.com\/index.php\/wp-json\/wp\/v2\/posts\/1860\/revisions\/1862"}],"wp:featuredmedia":[{"embeddable":true,"href":"https:\/\/samanoticiasdurango.com\/index.php\/wp-json\/wp\/v2\/media\/1861"}],"wp:attachment":[{"href":"https:\/\/samanoticiasdurango.com\/index.php\/wp-json\/wp\/v2\/media?parent=1860"}],"wp:term":[{"taxonomy":"category","embeddable":true,"href":"https:\/\/samanoticiasdurango.com\/index.php\/wp-json\/wp\/v2\/categories?post=1860"},{"taxonomy":"post_tag","embeddable":true,"href":"https:\/\/samanoticiasdurango.com\/index.php\/wp-json\/wp\/v2\/tags?post=1860"}],"curies":[{"name":"wp","href":"https:\/\/api.w.org\/{rel}","templated":true}]}}